{"id":149416,"date":"2025-05-29T17:21:11","date_gmt":"2025-05-29T17:21:11","guid":{"rendered":"https:\/\/www.europesays.com\/de\/149416\/"},"modified":"2025-05-29T17:21:11","modified_gmt":"2025-05-29T17:21:11","slug":"wetter-viele-ausfluegler-an-christi-himmelfahrt-in-berlin","status":"publish","type":"post","link":"https:\/\/www.europesays.com\/de\/149416\/","title":{"rendered":"Wetter: Viele Ausfl\u00fcgler an Christi Himmelfahrt in Berlin"},"content":{"rendered":"<p class=\"paragraph article__item\">Viele Ausfl\u00fcgler hat es an Christi Himmelfahrt in Berlin an die frische Luft gezogen. Einige M\u00e4nner nutzten den Feiertag f\u00fcr eine Bier- und Bollerwagentour bei Temperaturen zwischen 17 und 19 Grad. Der Deutsche Wetterdienst (DWD) erwartete wechselnde Bew\u00f6lkung und \u00fcberwiegend trockenes <a class=\"rtr-entity\" href=\"https:\/\/www.zeit.de\/thema\/wetter\" target=\"_blank\" rel=\"noopener\">Wetter<\/a>.\n<\/p>\n<p>Aktuelles<\/p>\n<p>                <a href=\"https:\/\/www.zeit.de\/wissen\/umwelt\/2025-04\/deutscher-wetterdienst-april-trockenheit-regen\" data-ct-label=\"Deutscher Wetterdienst: Fr\u00fchling in Deutschland ist au\u00dfergew\u00f6hnlich trocken\" target=\"_blank\" rel=\"noopener\"><\/p>\n<p>                        Deutscher Wetterdienst:<br \/>\n                        Fr\u00fchling in Deutschland ist au\u00dfergew\u00f6hnlich trocken<\/p>\n<p>                <\/a><\/p>\n<p>                <a href=\"https:\/\/www.zeit.de\/familie\/2025-05\/vaeter-kinder-dankbarkeit-maenner-aufruf\" data-ct-label=\"V\u00e4ter: Wof\u00fcr sind Sie Ihrem Vater dankbar?\" target=\"_blank\" rel=\"noopener\"><\/p>\n<p>                        V\u00e4ter:<br \/>\n                        Wof\u00fcr sind Sie Ihrem Vater dankbar?<\/p>\n<p>                <\/a><\/p>\n<p>                <a href=\"https:\/\/www.zeit.de\/zeit-magazin\/wochenmarkt\/2025-05\/zucchinikuechlein-rezept-wochenmarkt\" data-ct-label=\"Zucchinik\u00fcchlein : Muffins sind mein Gem\u00fcse\" target=\"_blank\" rel=\"noopener\"><\/p>\n<p>        Z+ (abopflichtiger Inhalt);<\/p>\n<p>    Zucchinik\u00fcchlein :<br \/>\n                        Muffins sind mein Gem\u00fcse<\/p>\n<p>                <\/a><\/p>\n<p class=\"paragraph article__item\">Die Kirchen feiern Himmelfahrt rund 40 Tage nach Ostern. Sie gedenken dabei der Aufnahme von Jesus Christus in den Himmel, die in der Bibel \u00fcberliefert ist.\n<\/p>\n<p class=\"paragraph article__item\">Jenseits des kirchlichen Hintergrundes hat sich Himmelfahrt als M\u00e4nner- oder Vatertag eingeb\u00fcrgert, an dem immer wieder M\u00e4nnergruppen mit traditionellen Bollerwagen umherziehen.\n<\/p>\n<p>        So wird das Wetter am Wochenende        <\/p>\n<p class=\"paragraph article__item\">In der Nacht zum Freitag sollen sich die Wolken laut DWD verdichten, stellenweise f\u00e4llt leichter Regen. Die Tiefstwerte liegen bei 14 bis 12 Grad. Im Laufe des Freitags lockert es dann zunehmend auf. Den Angaben zufolge erreichen die H\u00f6chstwerte warme 23 bis 25 Grad, begleitet von einem frischen Westwind.\n<\/p>\n<p class=\"paragraph article__item\">Am Wochenende wird es sommerlich mit Temperaturen bis 27 Grad. W\u00e4hrend es am Samstag \u00fcberwiegend freundlich und trocken bleibt, kann es am Sonntag \u00f6rtlich zu Starkregen und st\u00fcrmischen B\u00f6en kommen.\n<\/p>\n<p class=\"paragraph article__item\">\u00a9 dpa-infocom, dpa:250529-930-605322\/2<\/p>\n","protected":false},"excerpt":{"rendered":"Viele Ausfl\u00fcgler hat es an Christi Himmelfahrt in Berlin an die frische Luft gezogen. Einige M\u00e4nner nutzten den&hellip;\n","protected":false},"author":2,"featured_media":149417,"comment_status":"","ping_status":"","sticky":false,"template":"","format":"standard","meta":{"footnotes":""},"categories":[1825],"tags":[296,53388,29,4906,2415,30,15,6848,1973],"class_list":{"0":"post-149416","1":"post","2":"type-post","3":"status-publish","4":"format-standard","5":"has-post-thumbnail","7":"category-berlin","8":"tag-berlin","9":"tag-bewoelkung","10":"tag-deutschland","11":"tag-dwd","12":"tag-feiertag","13":"tag-germany","14":"tag-news","15":"tag-temperatur","16":"tag-wetter"},"share_on_mastodon":{"url":"https:\/\/pubeurope.com\/@de\/114592277155806116","error":""},"_links":{"self":[{"href":"https:\/\/www.europesays.com\/de\/wp-json\/wp\/v2\/posts\/149416","targetHints":{"allow":["GET"]}}],"collection":[{"href":"https:\/\/www.europesays.com\/de\/wp-json\/wp\/v2\/posts"}],"about":[{"href":"https:\/\/www.europesays.com\/de\/wp-json\/wp\/v2\/types\/post"}],"author":[{"embeddable":true,"href":"https:\/\/www.europesays.com\/de\/wp-json\/wp\/v2\/users\/2"}],"replies":[{"embeddable":true,"href":"https:\/\/www.europesays.com\/de\/wp-json\/wp\/v2\/comments?post=149416"}],"version-history":[{"count":0,"href":"https:\/\/www.europesays.com\/de\/wp-json\/wp\/v2\/posts\/149416\/revisions"}],"wp:featuredmedia":[{"embeddable":true,"href":"https:\/\/www.europesays.com\/de\/wp-json\/wp\/v2\/media\/149417"}],"wp:attachment":[{"href":"https:\/\/www.europesays.com\/de\/wp-json\/wp\/v2\/media?parent=149416"}],"wp:term":[{"taxonomy":"category","embeddable":true,"href":"https:\/\/www.europesays.com\/de\/wp-json\/wp\/v2\/categories?post=149416"},{"taxonomy":"post_tag","embeddable":true,"href":"https:\/\/www.europesays.com\/de\/wp-json\/wp\/v2\/tags?post=149416"}],"curies":[{"name":"wp","href":"https:\/\/api.w.org\/{rel}","templated":true}]}}