{"id":149500,"date":"2025-05-29T18:06:12","date_gmt":"2025-05-29T18:06:12","guid":{"rendered":"https:\/\/www.europesays.com\/de\/149500\/"},"modified":"2025-05-29T18:06:12","modified_gmt":"2025-05-29T18:06:12","slug":"gletscherabbruch-in-der-schweiz-schweizer-behoerden-evakuieren-nach-gletscherabbruch-weitere-haeuser","status":"publish","type":"post","link":"https:\/\/www.europesays.com\/de\/149500\/","title":{"rendered":"Gletscherabbruch in der Schweiz: Schweizer Beh\u00f6rden evakuieren nach Gletscherabbruch weitere H\u00e4user"},"content":{"rendered":"<p class=\"paragraph article__item\">Nach dem Gletscherabbruch in der <a href=\"https:\/\/www.zeit.de\/schweiz\/index\" class=\"\" target=\"_blank\" rel=\"noopener\">Schweiz<\/a> haben die Beh\u00f6rden weitere H\u00e4user evakuiert. In den Ortschaften Kippel und Wiler sowie auf der Fafleralp im L\u00f6tschental im Kanton Wallis wurden 16 Menschen in Sicherheit gebracht, wie die zust\u00e4ndigen Beh\u00f6rden mitteilten. Begr\u00fcndet wurde das Vorgehen damit, dass die\u00a0Sicherheit der Einwohnerinnen und Einwohner nicht mehr gew\u00e4hrleistet werden k\u00f6nne.\n<\/p>\n<p class=\"paragraph article__item\">Bereits am 19. Mai hatten die rund 300 Einwohnerinnen und Einwohner des Dorfs Blatten ihre H\u00e4user verlassen m\u00fcssen. Inzwischen sind 90 Prozent der Geb\u00e4ude dort von meterhohem Schutt bedeckt. Die \u00fcbrigen stehen unter Wasser: Der Abbruch hatte das Flussbett der Lonza blockiert, das Wasser staut sich hinter dem entstandenen Schuttkegel. Sollte dieser nachgeben, droht eine \u00dcberflutung des darunterliegenden Tals.\n<\/p>\n<p class=\"paragraph article__item\">Nach Angaben der Beh\u00f6rden w\u00e4chst der durch den Gletscherabbruch entstandene k\u00fcnstliche See st\u00fcndlich weiter. Die Ger\u00f6llmassen, die den Fluss im L\u00f6tschental aufstauen, seien &#8222;wie ein Berg&#8220;, sagte der Naturgefahrenchef des Kantons Wallis. Ein Stausee wurde vorsorglich geleert, um bei einer m\u00f6glichen \u00dcberflutung Platz f\u00fcr das Wasser zu schaffen. Die Schweizer Armee h\u00e4lt sich f\u00fcr Hilfseins\u00e4tze bereit.\n<\/p>\n<p>        Drei Millionen Kubikmeter Eis, Fels und Ger\u00f6ll        <\/p>\n<p class=\"paragraph article__item\"><a href=\"https:\/\/www.zeit.de\/gesellschaft\/2025-05\/schweiz-kanton-wallis-gletscher-sturz-blatten\" class=\"\" target=\"_blank\" rel=\"noopener\">Der Gletscherabbruch hatte sich am Mittwochnachmittag ereignet<\/a> und gro\u00dfe Teile von Blatten zerst\u00f6rt. Nach Sch\u00e4tzungen gerieten rund drei Millionen Kubikmeter Eis, Fels und Ger\u00f6ll ins Rutschen. Bereits in den Tagen zuvor waren Felsmassen auf den Birschgletscher gest\u00fcrzt, der schlie\u00dflich gro\u00dffl\u00e4chig abriss.\u00a0\n<\/p>\n<p class=\"paragraph article__item\">Die Suche nach einem vermissten 64-j\u00e4hrigen Mann musste unterdessen unterbrochen werden. Die Polizei teilte mit, die Instabilit\u00e4t des Materials stelle eine erhebliche Gefahr f\u00fcr die Einsatzkr\u00e4fte dar. Ob und wann die Suche fortgesetzt werden kann, ist derzeit unklar.\n<\/p>\n<p>            Bergsturz in der Schweiz        <\/p>\n<p>Mehr zum Thema<\/p>\n<p>                <a href=\"https:\/\/www.zeit.de\/gesellschaft\/zeitgeschehen\/2025-05\/bergsturz-schweiz-blatten-gletscherabbruch-loetschental\" data-ct-label=\"Bergsturz in der Schweiz: Jahrhundertkatastrophe mit Ansage\" target=\"_blank\" rel=\"noopener\"><\/p>\n<p>        Z+ (abopflichtiger Inhalt);<\/p>\n<p>    Bergsturz in der Schweiz:<br \/>\n                        Jahrhundertkatastrophe mit Ansage<\/p>\n<p>                <\/a><\/p>\n","protected":false},"excerpt":{"rendered":"Nach dem Gletscherabbruch in der Schweiz haben die Beh\u00f6rden weitere H\u00e4user evakuiert. In den Ortschaften Kippel und Wiler&hellip;\n","protected":false},"author":2,"featured_media":149501,"comment_status":"","ping_status":"","sticky":false,"template":"","format":"standard","meta":{"footnotes":""},"categories":[5],"tags":[331,332,3364,29,13676,30,53420,1724,53419,53417,13,53418,14,15,12,293,3931],"class_list":{"0":"post-149500","1":"post","2":"type-post","3":"status-publish","4":"format-standard","5":"has-post-thumbnail","7":"category-nachrichten","8":"tag-aktuelle-nachrichten","9":"tag-aktuelle-news","10":"tag-de","11":"tag-deutschland","12":"tag-eis","13":"tag-germany","14":"tag-geroelllawine","15":"tag-gesellschaft","16":"tag-gletscherabbruch","17":"tag-gletscherabbruch-in-der-schweiz","18":"tag-headlines","19":"tag-loetschental","20":"tag-nachrichten","21":"tag-news","22":"tag-schlagzeilen","23":"tag-schweiz","24":"tag-sicherheit"},"share_on_mastodon":{"url":"https:\/\/pubeurope.com\/@de\/114592454000125935","error":""},"_links":{"self":[{"href":"https:\/\/www.europesays.com\/de\/wp-json\/wp\/v2\/posts\/149500","targetHints":{"allow":["GET"]}}],"collection":[{"href":"https:\/\/www.europesays.com\/de\/wp-json\/wp\/v2\/posts"}],"about":[{"href":"https:\/\/www.europesays.com\/de\/wp-json\/wp\/v2\/types\/post"}],"author":[{"embeddable":true,"href":"https:\/\/www.europesays.com\/de\/wp-json\/wp\/v2\/users\/2"}],"replies":[{"embeddable":true,"href":"https:\/\/www.europesays.com\/de\/wp-json\/wp\/v2\/comments?post=149500"}],"version-history":[{"count":0,"href":"https:\/\/www.europesays.com\/de\/wp-json\/wp\/v2\/posts\/149500\/revisions"}],"wp:featuredmedia":[{"embeddable":true,"href":"https:\/\/www.europesays.com\/de\/wp-json\/wp\/v2\/media\/149501"}],"wp:attachment":[{"href":"https:\/\/www.europesays.com\/de\/wp-json\/wp\/v2\/media?parent=149500"}],"wp:term":[{"taxonomy":"category","embeddable":true,"href":"https:\/\/www.europesays.com\/de\/wp-json\/wp\/v2\/categories?post=149500"},{"taxonomy":"post_tag","embeddable":true,"href":"https:\/\/www.europesays.com\/de\/wp-json\/wp\/v2\/tags?post=149500"}],"curies":[{"name":"wp","href":"https:\/\/api.w.org\/{rel}","templated":true}]}}