{"id":149524,"date":"2025-05-29T18:18:08","date_gmt":"2025-05-29T18:18:08","guid":{"rendered":"https:\/\/www.europesays.com\/de\/149524\/"},"modified":"2025-05-29T18:18:08","modified_gmt":"2025-05-29T18:18:08","slug":"bremen-unbekannter-schiesst-auf-mann-28-schwer-verletzt-regional","status":"publish","type":"post","link":"https:\/\/www.europesays.com\/de\/149524\/","title":{"rendered":"Bremen: Unbekannter schie\u00dft auf Mann (28) \u2014 schwer verletzt | Regional"},"content":{"rendered":"<p>Bremen \u2013 <b>Blutiger Angriff kurz vor Himmelfahrt!<\/b><\/p>\n<p>In der Nacht zu Donnerstag sitzt ein Mann (28) vor einer Kneipe am Pastorenweg in <a href=\"https:\/\/www.bild.de\/regional\/bremen\/bremen-regional\/home-16292312.bild.html\" class=\"text-link\" target=\"_blank\" rel=\"noopener\">Bremen<\/a>. Es ist 23.45 Uhr. Ein Unbekannter n\u00e4hert sich. Er ist dunkel gekleidet, tarnt sein Gesicht mit einem Schal.<\/p>\n<p>Sch\u00fcsse peitschen durch die Nacht<\/p>\n<p><b>Pl\u00f6tzlich rei\u00dft er eine Waffe hoch, dr\u00fcckt ab. Mehrere Sch\u00fcsse peitschen im Stadtteil Gr\u00f6pelingen durch die Nacht. Dann fl\u00fcchtet der Sch\u00fctze Richtung Moorstra\u00dfe. Das Opfer wird nach Angaben der Polizei schwer verletzt.<\/b><\/p>\n<p>Lesen Sie auch<\/p>\n<p>Sanit\u00e4ter versorgen nach am Tatort den Verletzten, bringen ihn ins Krankenhaus. Er erlitt eine Verletzung am Fu\u00df. Vor Ort sperren <a href=\"https:\/\/www.bild.de\/regional\/aktuelles\/polizei\/polizeieinsatz-alle-infos-76681760.bild.html\" class=\"text-link\" target=\"_blank\" rel=\"noopener\">Polizisten<\/a> den Bereich und sichern Spuren. <\/p>\n<p>Hintergr\u00fcnde noch unklar<\/p>\n<p>Warum dieser Angriff kurz vor Mitternacht? \u201eDie genauen Hintergr\u00fcnde der Tat sind derzeit unklar und Gegenstand laufender Ermittlungen\u201c, so Polizeisprecher Nils Matthiesen.<\/p>\n<p>Die Polizei sucht daher nach Zeugen, die im Bereich Pastorenweg\/ Moorstra\u00dfe verd\u00e4chtige Beobachtungen gemacht haben und Hinweise auf den T\u00e4ter geben k\u00f6nnen. Der Sch\u00fctze soll etwa 1,75 Meter gro\u00df sein und trug einen Jutebeutel.<\/p>\n<p><b>Zeugenhinweise nimmt der Kriminaldauerdienst der Polizei Bremen unter 0421 362-3888 entgegen.<\/b><\/p>\n","protected":false},"excerpt":{"rendered":"Bremen \u2013 Blutiger Angriff kurz vor Himmelfahrt! In der Nacht zu Donnerstag sitzt ein Mann (28) vor einer&hellip;\n","protected":false},"author":2,"featured_media":149525,"comment_status":"","ping_status":"","sticky":false,"template":"","format":"standard","meta":{"footnotes":""},"categories":[1824],"tags":[2420,3364,29,6212,122,30,15520,4577,17930,121,9115,13468],"class_list":{"0":"post-149524","1":"post","2":"type-post","3":"status-publish","4":"format-standard","5":"has-post-thumbnail","7":"category-bremen","8":"tag-bremen","9":"tag-de","10":"tag-deutschland","11":"tag-ermittlungsverfahren","12":"tag-fahndungen","13":"tag-germany","14":"tag-groepelingen","15":"tag-kriminalpolizei","16":"tag-mordversuch","17":"tag-polizei","18":"tag-schusswaffen","19":"tag-spurensicherung"},"share_on_mastodon":{"url":"https:\/\/pubeurope.com\/@de\/114592501098365850","error":""},"_links":{"self":[{"href":"https:\/\/www.europesays.com\/de\/wp-json\/wp\/v2\/posts\/149524","targetHints":{"allow":["GET"]}}],"collection":[{"href":"https:\/\/www.europesays.com\/de\/wp-json\/wp\/v2\/posts"}],"about":[{"href":"https:\/\/www.europesays.com\/de\/wp-json\/wp\/v2\/types\/post"}],"author":[{"embeddable":true,"href":"https:\/\/www.europesays.com\/de\/wp-json\/wp\/v2\/users\/2"}],"replies":[{"embeddable":true,"href":"https:\/\/www.europesays.com\/de\/wp-json\/wp\/v2\/comments?post=149524"}],"version-history":[{"count":0,"href":"https:\/\/www.europesays.com\/de\/wp-json\/wp\/v2\/posts\/149524\/revisions"}],"wp:featuredmedia":[{"embeddable":true,"href":"https:\/\/www.europesays.com\/de\/wp-json\/wp\/v2\/media\/149525"}],"wp:attachment":[{"href":"https:\/\/www.europesays.com\/de\/wp-json\/wp\/v2\/media?parent=149524"}],"wp:term":[{"taxonomy":"category","embeddable":true,"href":"https:\/\/www.europesays.com\/de\/wp-json\/wp\/v2\/categories?post=149524"},{"taxonomy":"post_tag","embeddable":true,"href":"https:\/\/www.europesays.com\/de\/wp-json\/wp\/v2\/tags?post=149524"}],"curies":[{"name":"wp","href":"https:\/\/api.w.org\/{rel}","templated":true}]}}