{"id":149566,"date":"2025-05-29T18:46:19","date_gmt":"2025-05-29T18:46:19","guid":{"rendered":"https:\/\/www.europesays.com\/de\/149566\/"},"modified":"2025-05-29T18:46:19","modified_gmt":"2025-05-29T18:46:19","slug":"21-jaehriger-ruft-polizei-und-wird-selbst-festgenommen","status":"publish","type":"post","link":"https:\/\/www.europesays.com\/de\/149566\/","title":{"rendered":"21-J\u00e4hriger ruft Polizei und wird selbst festgenommen"},"content":{"rendered":"<p>Erst das Messer, dann der Notruf <\/p>\n<p>Opfer ruft Polizei \u2013 doch pl\u00f6tzlich ist es selbst der T\u00e4ter<\/p>\n<p>29.05.2025 &#8211; 15:26 UhrLesedauer: 1 Min.<\/p>\n<p><a href=\"#focus-0\" class=\"transition-colors duration-200 focus-within:text-magenta block text-current relative\" data-sctrack=\"FocusGalleryImage.Reference\"><img fetchpriority=\"high\" data-testid=\"Opener.Image\" style=\"--lqipURL:url('https:\/\/images.t-online.de\/2025\/05\/7hhf9GJruDvb\/0x107:2048x1152\/fit-in\/150x0\/filters:blur(25)\/image.jpg')\"   loading=\"eager\" src=\"https:\/\/www.europesays.com\/de\/wp-content\/uploads\/2025\/05\/1748544378_493_image.jpg\" alt=\"urn:newsml:dpa.com:20090101:250529-935-618237\" title=\"urn:newsml:dpa.com:20090101:250529-935-618237\" width=\"2048\" height=\"1152\" class=\"bg-[url:var(--lqipURL)] bg-cover bg-center flex w-full max-w-full h-full\" decoding=\"async\"\/><img style=\"--width:32;--height:32\" loading=\"lazy\" src=\"https:\/\/www.europesays.com\/de\/wp-content\/uploads\/2025\/05\/zoom-in.f7dae02f.svg.svg+xml\" alt=\"Vergr\u00f6\u00dfern des Bildes\" title=\"Vergr\u00f6\u00dfern des Bildes\" class=\"&#10;        block&#10;        h-[calc(var(--height)_\/_16_*_1rem)]&#10;        w-[calc(var(--width)_\/_16_*_1rem)]&#10;        max-w-none&#10;        absolute bottom-8 right-8 rounded-4 bg-snow p-8\" decoding=\"async\"\/><\/a><\/p>\n<p>Quelle: Marijan Murat\/dpa<\/p>\n<p class=\"font-bold text-18 leading-17\"><strong class=\"font-bold\">Erst Opfer, dann Verd\u00e4chtiger: Ein junger Mann meldet einen Angriff in Berlin. Doch der Einsatz nimmt eine \u00fcberraschende Wendung.<\/strong><\/p>\n<p class=\"text-18 leading-17\">Ein 21-J\u00e4hriger hat am Mittwochabend in Berlin-Wei\u00dfensee die Polizei gerufen \u2013 weil er von drei Jugendlichen mit einem Schlagstock attackiert worden sei. Als die Beamten eintrafen, zeigte sich schnell: Der vermeintliche Gesch\u00e4digte ist selbst dringend tatverd\u00e4chtig und wurde festgenommen.<\/p>\n<p class=\"text-18 leading-17\">W\u00e4hrend die Einsatzkr\u00e4fte den Vorfall aufnahmen, kam Erstaunliches zutage: Der 21-J\u00e4hrige soll kurz vor der angeblichen Attacke selbst einen 13-J\u00e4hrigen mit einem Messer verletzt und ihm eine Baseballkappe geraubt haben. Das Kind musste station\u00e4r im Krankenhaus behandelt werden.<\/p>\n<p class=\"text-18 leading-17\">Der mutma\u00dfliche T\u00e4ter trug bei der Auseinandersetzung mit den drei Jugendlichen selbst Spuren davon: Die T\u00e4ter entkamen unerkannt.<\/p>\n<p class=\"text-18 leading-17\">Bei der Kontrolle stellte die Polizei einen Alkoholwert von knapp 1,4 Promille fest. Au\u00dferdem fanden die Beamten bei ihm die Baseballkappe des 13-J\u00e4hrigen und mehrere Feuerwerksk\u00f6rper.<\/p>\n<p class=\"text-18 leading-17\">Der Mann verhielt sich laut Polizei aggressiv bei der Festnahme und wurde vor\u00fcbergehend in Gewahrsam genommen. Jetzt ermittelt die Kriminalpolizei wegen schweren Raubes.<\/p>\n","protected":false},"excerpt":{"rendered":"Erst das Messer, dann der Notruf Opfer ruft Polizei \u2013 doch pl\u00f6tzlich ist es selbst der T\u00e4ter 29.05.2025&hellip;\n","protected":false},"author":2,"featured_media":149567,"comment_status":"","ping_status":"","sticky":false,"template":"","format":"standard","meta":{"footnotes":""},"categories":[1825],"tags":[722,1434,522,296,8508,29,30,1981,121],"class_list":{"0":"post-149566","1":"post","2":"type-post","3":"status-publish","4":"format-standard","5":"has-post-thumbnail","7":"category-berlin","8":"tag-722","9":"tag-1434","10":"tag-522","11":"tag-berlin","12":"tag-berlin-weissensee","13":"tag-deutschland","14":"tag-germany","15":"tag-messer","16":"tag-polizei"},"share_on_mastodon":{"url":"https:\/\/pubeurope.com\/@de\/114592611315291704","error":""},"_links":{"self":[{"href":"https:\/\/www.europesays.com\/de\/wp-json\/wp\/v2\/posts\/149566","targetHints":{"allow":["GET"]}}],"collection":[{"href":"https:\/\/www.europesays.com\/de\/wp-json\/wp\/v2\/posts"}],"about":[{"href":"https:\/\/www.europesays.com\/de\/wp-json\/wp\/v2\/types\/post"}],"author":[{"embeddable":true,"href":"https:\/\/www.europesays.com\/de\/wp-json\/wp\/v2\/users\/2"}],"replies":[{"embeddable":true,"href":"https:\/\/www.europesays.com\/de\/wp-json\/wp\/v2\/comments?post=149566"}],"version-history":[{"count":0,"href":"https:\/\/www.europesays.com\/de\/wp-json\/wp\/v2\/posts\/149566\/revisions"}],"wp:featuredmedia":[{"embeddable":true,"href":"https:\/\/www.europesays.com\/de\/wp-json\/wp\/v2\/media\/149567"}],"wp:attachment":[{"href":"https:\/\/www.europesays.com\/de\/wp-json\/wp\/v2\/media?parent=149566"}],"wp:term":[{"taxonomy":"category","embeddable":true,"href":"https:\/\/www.europesays.com\/de\/wp-json\/wp\/v2\/categories?post=149566"},{"taxonomy":"post_tag","embeddable":true,"href":"https:\/\/www.europesays.com\/de\/wp-json\/wp\/v2\/tags?post=149566"}],"curies":[{"name":"wp","href":"https:\/\/api.w.org\/{rel}","templated":true}]}}