{"id":150007,"date":"2025-05-29T22:53:09","date_gmt":"2025-05-29T22:53:09","guid":{"rendered":"https:\/\/www.europesays.com\/de\/150007\/"},"modified":"2025-05-29T22:53:09","modified_gmt":"2025-05-29T22:53:09","slug":"bares-fuer-rares-bronze-figur-entpuppt-sich-als-grosser-irrtum","status":"publish","type":"post","link":"https:\/\/www.europesays.com\/de\/150007\/","title":{"rendered":"\u201eBares f\u00fcr Rares\u201c: Bronze-Figur entpuppt sich als gro\u00dfer Irrtum"},"content":{"rendered":"<p>In der Tr\u00f6delshow \u201eBares f\u00fcr Rares\u201c sorgt eine Statue f\u00fcr Verwirrung. Laura Broermann und Achilleas Georgallidis aus K\u00f6ln haben ein Familienerbst\u00fcck dabei, das nicht ganz das zu sein scheint, was das Ehepaar vermutet.<\/p>\n<p>In der ZDF-Sendung wird es schnell eines Besseren belehrt \u2013 auch wenn das ein kleiner Schock sein mag.<\/p>\n<p>\u201eBares f\u00fcr Rares\u201c: Bronze-Figur ist Irrtum<\/p>\n<p>Es handelt sich um eine Bronze-Figur, die Laura von ihrem Stiefvater geerbt hat. Der wiederum hat sie von seiner Tante. In der Familie ist man sich sicher: Die Frauen-Statue soll eben diese Tante darstellen.<\/p>\n<p>Doch \u201e<a href=\"https:\/\/www.derwesten.de\/themen\/bares-fuer-rares\" rel=\"nofollow noopener\" target=\"_blank\">Bares f\u00fcr Rares<\/a>\u201c-Expertin Bianca Berding muss dem Paar die Hiobsbotschaft \u00fcberbringen: \u201eIch finde die Erkl\u00e4rung und Geschichte in ihrer Familie gro\u00dfartig, denn das h\u00e4tte nat\u00fcrlich sehr gut sein k\u00f6nnen. Aber ich muss leider dazwischen gr\u00e4tschen. Es ist nicht die Tante.\u201c Das Paar ist mehr als baff. <\/p>\n<p><img loading=\"lazy\" decoding=\"async\" width=\"1200\" height=\"676\" src=\"https:\/\/www.europesays.com\/de\/wp-content\/uploads\/2025\/05\/figur.png\" alt=\"\" class=\"wp-image-301594327\"  \/>\u201eBares f\u00fcr Rares\u201c: Das Ehepaar aus K\u00f6ln verr\u00e4t eine Familiengeschichte. Sie ist nicht ganz wahr. Foto: ZDF<\/p>\n<p>Der Entwurf der Figur wurde 1972 von der K\u00fcnstlerin Bele Bachem gefertigt. Bachem galt laut der Expertin in den 1950er-Jahren als eine der bekanntesten Frauen Deutschlands, zierte das Titelblatt des Spiegels und hatte allerhand k\u00fcnstlerische Ambitionen. Unter anderem als Bildhauerin, Keramikerin, Autorin, B\u00fchnenbildnerin, Illustratorin und Grafikerin.<\/p>\n<p>Ganz unbedeutend ist die Figur also nicht. Laura Broermann und Achilleas Georgallidis h\u00e4tten gerne mindestens 300 Euro daf\u00fcr. Dabei liegt die Expertise zwischen 500 und 600 Euro.<\/p>\n<p>Im H\u00e4ndlerraum geht der Preis auch schnell nach oben, ganz im Sinne des Ehepaares. \u201eBares f\u00fcr Rares\u201c-H\u00e4ndler Benjamin Leo Leo macht ein Schlussangebot von 920 Euro \u2013 da schlagen Laura und Achilleas nat\u00fcrlich zu. \u201eWenn Sie sie gut pflegen\u201c, scherzt die K\u00f6lnerin und ist am Ende richtig happy \u00fcber den Verkauf: \u201eEs war gro\u00dfartig, es ist sehr gut gelaufen, wir sind super zufrieden und super happy und freuen uns, dass die H\u00e4ndler den Wert so zu sch\u00e4tzen wissen.\u201c<\/p>\n","protected":false},"excerpt":{"rendered":"In der Tr\u00f6delshow \u201eBares f\u00fcr Rares\u201c sorgt eine Statue f\u00fcr Verwirrung. Laura Broermann und Achilleas Georgallidis aus K\u00f6ln&hellip;\n","protected":false},"author":2,"featured_media":150008,"comment_status":"","ping_status":"","sticky":false,"template":"","format":"standard","meta":{"footnotes":""},"categories":[1773],"tags":[2078,29,214,30,471,1780,215],"class_list":{"0":"post-150007","1":"post","2":"type-post","3":"status-publish","4":"format-standard","5":"has-post-thumbnail","7":"category-serien","8":"tag-bares-fuer-rares","9":"tag-deutschland","10":"tag-entertainment","11":"tag-germany","12":"tag-serien","13":"tag-series","14":"tag-unterhaltung"},"share_on_mastodon":{"url":"https:\/\/pubeurope.com\/@de\/114593582600192495","error":""},"_links":{"self":[{"href":"https:\/\/www.europesays.com\/de\/wp-json\/wp\/v2\/posts\/150007","targetHints":{"allow":["GET"]}}],"collection":[{"href":"https:\/\/www.europesays.com\/de\/wp-json\/wp\/v2\/posts"}],"about":[{"href":"https:\/\/www.europesays.com\/de\/wp-json\/wp\/v2\/types\/post"}],"author":[{"embeddable":true,"href":"https:\/\/www.europesays.com\/de\/wp-json\/wp\/v2\/users\/2"}],"replies":[{"embeddable":true,"href":"https:\/\/www.europesays.com\/de\/wp-json\/wp\/v2\/comments?post=150007"}],"version-history":[{"count":0,"href":"https:\/\/www.europesays.com\/de\/wp-json\/wp\/v2\/posts\/150007\/revisions"}],"wp:featuredmedia":[{"embeddable":true,"href":"https:\/\/www.europesays.com\/de\/wp-json\/wp\/v2\/media\/150008"}],"wp:attachment":[{"href":"https:\/\/www.europesays.com\/de\/wp-json\/wp\/v2\/media?parent=150007"}],"wp:term":[{"taxonomy":"category","embeddable":true,"href":"https:\/\/www.europesays.com\/de\/wp-json\/wp\/v2\/categories?post=150007"},{"taxonomy":"post_tag","embeddable":true,"href":"https:\/\/www.europesays.com\/de\/wp-json\/wp\/v2\/tags?post=150007"}],"curies":[{"name":"wp","href":"https:\/\/api.w.org\/{rel}","templated":true}]}}