{"id":150009,"date":"2025-05-29T22:54:10","date_gmt":"2025-05-29T22:54:10","guid":{"rendered":"https:\/\/www.europesays.com\/de\/150009\/"},"modified":"2025-05-29T22:54:10","modified_gmt":"2025-05-29T22:54:10","slug":"vatertag-auf-der-messe-waechtersbach","status":"publish","type":"post","link":"https:\/\/www.europesays.com\/de\/150009\/","title":{"rendered":"Vatertag auf der Messe W\u00e4chtersbach"},"content":{"rendered":"<p><strong>W\u00c4CHTERSBACH. <\/strong>Die Messe W\u00e4chtersbach feiert in diesem Jahr ihr<strong\/>75. Jubil\u00e4um \u2013 und das mit ordentlich Programm! Mit rund 60.000 Besuchern z\u00e4hlt sie zu den gr\u00f6\u00dften Verbrauchermessen im Rhein-Main-Gebiet. Zahlreiche Highlights warten auf die G\u00e4ste: Von der beliebten Tierschau mit Streichelzoo \u00fcber interaktive Info- und Mitmachst\u00e4nde bis hin zu einem abwechslungsreichen B\u00fchnenprogramm mit Live-Musik. Auch Radio Primavera ist wieder mit dabei \u2013 dieses Jahr mit einer gro\u00dfen Dolce Vita Au\u00dfenb\u00fchne! Dort kann man den Moderatoren live<strong\/>beim Radio machen \u00fcber die Schulter schauen.<\/p>\n","protected":false},"excerpt":{"rendered":"W\u00c4CHTERSBACH. Die Messe W\u00e4chtersbach feiert in diesem Jahr ihr75. Jubil\u00e4um \u2013 und das mit ordentlich Programm! Mit rund&hellip;\n","protected":false},"author":2,"featured_media":150010,"comment_status":"","ping_status":"","sticky":false,"template":"","format":"standard","meta":{"footnotes":""},"categories":[1772],"tags":[29,214,30,1779,810,215],"class_list":{"0":"post-150009","1":"post","2":"type-post","3":"status-publish","4":"format-standard","5":"has-post-thumbnail","7":"category-musik","8":"tag-deutschland","9":"tag-entertainment","10":"tag-germany","11":"tag-music","12":"tag-musik","13":"tag-unterhaltung"},"share_on_mastodon":{"url":"https:\/\/pubeurope.com\/@de\/114593586702879884","error":""},"_links":{"self":[{"href":"https:\/\/www.europesays.com\/de\/wp-json\/wp\/v2\/posts\/150009","targetHints":{"allow":["GET"]}}],"collection":[{"href":"https:\/\/www.europesays.com\/de\/wp-json\/wp\/v2\/posts"}],"about":[{"href":"https:\/\/www.europesays.com\/de\/wp-json\/wp\/v2\/types\/post"}],"author":[{"embeddable":true,"href":"https:\/\/www.europesays.com\/de\/wp-json\/wp\/v2\/users\/2"}],"replies":[{"embeddable":true,"href":"https:\/\/www.europesays.com\/de\/wp-json\/wp\/v2\/comments?post=150009"}],"version-history":[{"count":0,"href":"https:\/\/www.europesays.com\/de\/wp-json\/wp\/v2\/posts\/150009\/revisions"}],"wp:featuredmedia":[{"embeddable":true,"href":"https:\/\/www.europesays.com\/de\/wp-json\/wp\/v2\/media\/150010"}],"wp:attachment":[{"href":"https:\/\/www.europesays.com\/de\/wp-json\/wp\/v2\/media?parent=150009"}],"wp:term":[{"taxonomy":"category","embeddable":true,"href":"https:\/\/www.europesays.com\/de\/wp-json\/wp\/v2\/categories?post=150009"},{"taxonomy":"post_tag","embeddable":true,"href":"https:\/\/www.europesays.com\/de\/wp-json\/wp\/v2\/tags?post=150009"}],"curies":[{"name":"wp","href":"https:\/\/api.w.org\/{rel}","templated":true}]}}