{"id":150120,"date":"2025-05-29T23:54:11","date_gmt":"2025-05-29T23:54:11","guid":{"rendered":"https:\/\/www.europesays.com\/de\/150120\/"},"modified":"2025-05-29T23:54:11","modified_gmt":"2025-05-29T23:54:11","slug":"baden-wuerttemberg-sohn-von-ex-vfb-praesident-verjagt-sexualstraftaeter-regional","status":"publish","type":"post","link":"https:\/\/www.europesays.com\/de\/150120\/","title":{"rendered":"Baden-W\u00fcrttemberg: Sohn von Ex-VfB-Pr\u00e4sident verjagt Sexualstraft\u00e4ter | Regional"},"content":{"rendered":"<p>Leinfelden-Echterdingen \u2013 <b>Widerw\u00e4rtige Szenen in einem Linienbus in Baden-W\u00fcrttemberg. Ein Perverser (43) bedr\u00e4ngte w\u00e4hrend der Fahrt ein M\u00e4dchen, begrapschte und k\u00fcsste es. Die 15-J\u00e4hrige geriet in Schockstarre!<\/b><\/p>\n<p>Erst als ein junger Mann eingriff, lie\u00df der Grapscher von ihr ab. Wie BILD erfuhr, tr\u00e4gt der Retter einen prominenten Namen. Es handelt sich um Moritz Vogt (19) \u2013 Sohn von Claus Vogt (55), dem ehemaligen Pr\u00e4sidenten des <a href=\"https:\/\/www.bild.de\/sport\/fussball\/vfb-stuttgart\/startseite-stuttgart-31074430.bild.html\" class=\"text-link\" target=\"_blank\" rel=\"noopener\">VfB Stuttgart<\/a>.<\/p>\n<p>Der Missbrauch begann am Dienstagmittag an einer Bushaltestelle in Steinenbronn (<a href=\"https:\/\/www.bild.de\/regional\/baden-wuerttemberg\/home-aK1F2gtJlD2xs4m3tWkn\" class=\"text-link\" target=\"_blank\" rel=\"noopener\">Baden-W\u00fcrttemberg<\/a>). Laut Polizei sprach ein Mann das M\u00e4dchen an, setzte sich nach dem Einsteigen neben die 15-J\u00e4hrige und versperrte ihr am Gang sitzend den Fluchtweg. Anschlie\u00dfend betatschte er sie auf der ganzen, 20 Minuten langen Fahrt nach Leinfelden, k\u00fcsste sie gegen ihren Willen und hielt sie fest.<\/p>\n<p><img decoding=\"async\" width=\"992\" height=\"558\" alt=\"Am Bahnhof Leinfelden fl\u00fcchtete ein Sexualstraft\u00e4ter (43), der zuvor einen weiblichen Bus-Fahrgast (15) minutenlang begrapscht hatte (Archivfoto)\" src=\"https:\/\/www.europesays.com\/de\/wp-content\/uploads\/2025\/05\/61e694e255620549f95c2b03000d49f9,40259c63\"   class=\"landscape\" loading=\"lazy\"\/><\/p>\n<p class=\"fig__caption__text\">Der Sexualstraft\u00e4ter fl\u00fcchtete \u00fcber die Gleise ins angrenzende Gewerbegebiet<\/p>\n<p>Foto: Google Maps<\/p>\n<p>M\u00e4dchen wird in aller \u00d6ffentlichkeit begrapscht<\/p>\n<p>Moritz Vogt zu BILD: \u201eAm Zielort angekommen, machte mich ein \u00e4lteres Ehepaar auf die Situation aufmerksam. Auch am Busbahnsteig hielt der Mann das M\u00e4dchen weiterhin umklammert, begrapschte es \u00fcberall.\u201c Die 15-J\u00e4hrige sei in Schockstarre verharrt, habe kein Wort herausgebracht.<\/p>\n<p>Moritz Vogt: \u201eIch habe den Mann gefragt, ob er das M\u00e4dchen \u00fcberhaupt kennt. W\u00e4hrend er herumdruckste, schaute mich das M\u00e4dchen Hilfe suchend mit den Augen an. Da herrschte ich den Typen an, dass er sofort loslassen und verschwinden soll.\u201c<\/p>\n<p><img decoding=\"async\" width=\"992\" height=\"558\" alt=\"Ex-VfB-Pr\u00e4sident Claus Vogt (55) und Ministerpr\u00e4sident Winfried Kretschmann (77, Gr\u00fcne) feiern den DFB-Pokalsieg der Stuttgarter\" src=\"https:\/\/www.europesays.com\/de\/wp-content\/uploads\/2025\/05\/a56fb1ea9452b6c2279ad185926141f0,495e2a15\"   class=\"landscape\" loading=\"lazy\"\/><\/p>\n<p class=\"fig__caption__text\">Ex-VfB-Pr\u00e4sident Claus Vogt (55) und Ministerpr\u00e4sident Winfried Kretschmann (77, Gr\u00fcne) feiern den DFB-Pokalsieg der Stuttgarter<\/p>\n<p>Foto: Pressefoto Rudel<\/p>\n<p>Zeugen bleiben zun\u00e4chst passiv<\/p>\n<p>Erst als der T\u00e4ter das Weite suchte, kamen auch Umstehende hinzu, k\u00fcmmerten sich um das sexuell gen\u00f6tigte M\u00e4dchen. Derweil rief Moritz Vogt die <a href=\"https:\/\/www.bild.de\/regional\/aktuelles\/polizei\/polizeieinsatz-alle-infos-76681760.bild.html\" class=\"text-link\" target=\"_blank\" rel=\"noopener\">Polizei<\/a>, nur drei Minuten sp\u00e4ter war die erste Streife vor Ort. <\/p>\n<p><b>Polizeisprecher Martin Raff (40): \u201eDer Tatverd\u00e4chtige fl\u00fcchtete zun\u00e4chst. Er wurde im Zuge der umgehend eingeleiteten Ermittlungen identifiziert und bereits am Nachmittag an seiner Wohnanschrift in Stuttgart festgenommen.\u201c<\/b><\/p>\n<p>Lesen Sie auch<\/p>\n<p>Die Staatsanwaltschaft stufte die <a href=\"https:\/\/www.bild.de\/themen\/specials\/sexualstraftat\/news-fotos-videos-17023926.bild.html\" class=\"text-link\" target=\"_blank\" rel=\"noopener\">Sexualstraftat<\/a> als so schwerwiegend ein, dass sie Haftbefehl beantragte. Inzwischen sitzt der Serbe in U-Haft.<\/p>\n<p>F\u00fcr Moritz Vogt fiel die Berufsschule nachmittags aus, stattdessen musste er bei der Polizei als Zeuge aussagen. Der Installateur-Azubi zu BILD: \u201eEs war gut, dass das \u00e4ltere Ehepaar nicht wegschaute. So konnten wir gemeinsam verhindern, dass f\u00fcr das M\u00e4dchen alles noch schlimmer wird.\u201c<\/p>\n","protected":false},"excerpt":{"rendered":"Leinfelden-Echterdingen \u2013 Widerw\u00e4rtige Szenen in einem Linienbus in Baden-W\u00fcrttemberg. Ein Perverser (43) bedr\u00e4ngte w\u00e4hrend der Fahrt ein M\u00e4dchen,&hellip;\n","protected":false},"author":2,"featured_media":150121,"comment_status":"","ping_status":"","sticky":false,"template":"","format":"standard","meta":{"footnotes":""},"categories":[1830],"tags":[14208,22660,1634,13865,3364,29,30,3860,121,4707,8247,26977,1441,45,2915],"class_list":{"0":"post-150120","1":"post","2":"type-post","3":"status-publish","4":"format-standard","5":"has-post-thumbnail","7":"category-stuttgart","8":"tag-zivilcourage","9":"tag-augenzeuge","10":"tag-baden-wuerttemberg","11":"tag-busse","12":"tag-de","13":"tag-deutschland","14":"tag-germany","15":"tag-maedchen","16":"tag-polizei","17":"tag-sexualstraftat","18":"tag-sexuelle-belaestigung","19":"tag-stegmueller-hagen","20":"tag-stuttgart","21":"tag-texttospeech","22":"tag-vfb-stuttgart"},"share_on_mastodon":{"url":"https:\/\/pubeurope.com\/@de\/114593822412756791","error":""},"_links":{"self":[{"href":"https:\/\/www.europesays.com\/de\/wp-json\/wp\/v2\/posts\/150120","targetHints":{"allow":["GET"]}}],"collection":[{"href":"https:\/\/www.europesays.com\/de\/wp-json\/wp\/v2\/posts"}],"about":[{"href":"https:\/\/www.europesays.com\/de\/wp-json\/wp\/v2\/types\/post"}],"author":[{"embeddable":true,"href":"https:\/\/www.europesays.com\/de\/wp-json\/wp\/v2\/users\/2"}],"replies":[{"embeddable":true,"href":"https:\/\/www.europesays.com\/de\/wp-json\/wp\/v2\/comments?post=150120"}],"version-history":[{"count":0,"href":"https:\/\/www.europesays.com\/de\/wp-json\/wp\/v2\/posts\/150120\/revisions"}],"wp:featuredmedia":[{"embeddable":true,"href":"https:\/\/www.europesays.com\/de\/wp-json\/wp\/v2\/media\/150121"}],"wp:attachment":[{"href":"https:\/\/www.europesays.com\/de\/wp-json\/wp\/v2\/media?parent=150120"}],"wp:term":[{"taxonomy":"category","embeddable":true,"href":"https:\/\/www.europesays.com\/de\/wp-json\/wp\/v2\/categories?post=150120"},{"taxonomy":"post_tag","embeddable":true,"href":"https:\/\/www.europesays.com\/de\/wp-json\/wp\/v2\/tags?post=150120"}],"curies":[{"name":"wp","href":"https:\/\/api.w.org\/{rel}","templated":true}]}}