{"id":150122,"date":"2025-05-29T23:55:15","date_gmt":"2025-05-29T23:55:15","guid":{"rendered":"https:\/\/www.europesays.com\/de\/150122\/"},"modified":"2025-05-29T23:55:15","modified_gmt":"2025-05-29T23:55:15","slug":"stuttgart-und-bietigheim-punkten-im-abstiegskampf","status":"publish","type":"post","link":"https:\/\/www.europesays.com\/de\/150122\/","title":{"rendered":"Stuttgart und Bietigheim punkten im Abstiegskampf"},"content":{"rendered":"\n<p>Der TVB Stuttgart hat im Rennen um den Klassenerhalt in der Handball-Bundesliga einen immens wichtigen Erfolg gefeiert.<\/p>\n<p>Bei den Rhein-Neckar L\u00f6wen siegten die Schwaben deutlich mit 33:26 (14:12) und vergr\u00f6\u00dferten ihr Polster auf die Abstiegszone auf zwei Punkte. Ex-Nationalspieler Kai H\u00e4fner erzielte starke elf Tore f\u00fcr die Stuttgarter.<\/p>\n<p>Einen Z\u00e4hler vor dem Tabellen-17. HC Erlangen liegt nun Stuttgarts Nachbar SG BBM Bietigheim, f\u00fcr den gegen European-League-Sieger SG Flensburg-Handewitt nach 21:12-Halbzeitf\u00fchrung allerdings mehr drin gewesen w\u00e4re als ein 29:29.<\/p>\n<p>Erlangen ist nun dennoch erheblich unter Druck vor dem Duell in Bietigheim am Sonntag: Die Franken haben nur noch zwei Spiele zu bestreiten &#8211; eine Niederlage bei der SG k\u00f6nnte den Abstieg bedeuten. Neuling VfL Potsdam als klares Schlusslicht ist bereits abgestiegen.<\/p>\n","protected":false},"excerpt":{"rendered":"Der TVB Stuttgart hat im Rennen um den Klassenerhalt in der Handball-Bundesliga einen immens wichtigen Erfolg gefeiert. Bei&hellip;\n","protected":false},"author":2,"featured_media":150123,"comment_status":"","ping_status":"","sticky":false,"template":"","format":"standard","meta":{"footnotes":""},"categories":[1830],"tags":[1634,3364,29,30,1391,5009,11660,53555,9949,1441,45852],"class_list":{"0":"post-150122","1":"post","2":"type-post","3":"status-publish","4":"format-standard","5":"has-post-thumbnail","7":"category-stuttgart","8":"tag-baden-wuerttemberg","9":"tag-de","10":"tag-deutschland","11":"tag-germany","12":"tag-handball","13":"tag-hbl","14":"tag-rhein-neckar-loewen","15":"tag-sg-bbm-bietigheim","16":"tag-sg-flensburg-handewitt","17":"tag-stuttgart","18":"tag-tvb-1898-stuttgart"},"share_on_mastodon":{"url":"https:\/\/pubeurope.com\/@de\/114593826317257439","error":""},"_links":{"self":[{"href":"https:\/\/www.europesays.com\/de\/wp-json\/wp\/v2\/posts\/150122","targetHints":{"allow":["GET"]}}],"collection":[{"href":"https:\/\/www.europesays.com\/de\/wp-json\/wp\/v2\/posts"}],"about":[{"href":"https:\/\/www.europesays.com\/de\/wp-json\/wp\/v2\/types\/post"}],"author":[{"embeddable":true,"href":"https:\/\/www.europesays.com\/de\/wp-json\/wp\/v2\/users\/2"}],"replies":[{"embeddable":true,"href":"https:\/\/www.europesays.com\/de\/wp-json\/wp\/v2\/comments?post=150122"}],"version-history":[{"count":0,"href":"https:\/\/www.europesays.com\/de\/wp-json\/wp\/v2\/posts\/150122\/revisions"}],"wp:featuredmedia":[{"embeddable":true,"href":"https:\/\/www.europesays.com\/de\/wp-json\/wp\/v2\/media\/150123"}],"wp:attachment":[{"href":"https:\/\/www.europesays.com\/de\/wp-json\/wp\/v2\/media?parent=150122"}],"wp:term":[{"taxonomy":"category","embeddable":true,"href":"https:\/\/www.europesays.com\/de\/wp-json\/wp\/v2\/categories?post=150122"},{"taxonomy":"post_tag","embeddable":true,"href":"https:\/\/www.europesays.com\/de\/wp-json\/wp\/v2\/tags?post=150122"}],"curies":[{"name":"wp","href":"https:\/\/api.w.org\/{rel}","templated":true}]}}