{"id":150131,"date":"2025-05-30T00:00:11","date_gmt":"2025-05-30T00:00:11","guid":{"rendered":"https:\/\/www.europesays.com\/de\/150131\/"},"modified":"2025-05-30T00:00:11","modified_gmt":"2025-05-30T00:00:11","slug":"muenchen-heute-nachrichten-vom-29-05-2025-muenchen","status":"publish","type":"post","link":"https:\/\/www.europesays.com\/de\/150131\/","title":{"rendered":"M\u00fcnchen heute &#8211; Nachrichten vom 29.05.2025 &#8211; M\u00fcnchen"},"content":{"rendered":"<p> div:not([style*=&#8217;display: none&#8216;]):not(.iqdnoad)){margin-bottom:60px;margin-top:60px;}}]]> div:not([style*=&#8217;display: none&#8216;]):not(.iqdnoad))::before{content:none;}@media screen and (min-width: 768px){.css-wglhfu{margin-bottom:0;margin-top:0;}}@media screen and (min-width: 768px){.css-wglhfu{margin-left:0;margin-right:0;}}@media screen and (min-width: 1000px){.css-wglhfu{margin-left:-180px;width:1000px;}.css-wglhfu:has(> div:not([style*=&#8217;display: none&#8216;]):not(.iqdnoad)){margin-bottom:60px;margin-top:60px;}}]]> div:not([style*=&#8217;display: none&#8216;]):not(.iqdnoad))::before{content:none;}@media screen and (min-width: 768px){.css-1qhsfhd{margin-bottom:0;margin-top:0;}}@media screen and (min-width: 768px){.css-1qhsfhd{display:block;}}@media screen and (min-width: 768px){.css-1qhsfhd{margin-left:0;margin-right:0;}}@media screen and (min-width: 1000px){.css-1qhsfhd{margin-left:-180px;width:1000px;}.css-1qhsfhd:has(> div:not([style*=&#8217;display: none&#8216;]):not(.iqdnoad)){margin-bottom:60px;margin-top:60px;}}]]><\/p>\n<p data-manual=\"paragraph\" data-schema-org-speakable=\"true\" class=\"css-1ylqqlw\"><strong>DER TAG IN <\/strong><strong><a href=\"https:\/\/www.sueddeutsche.de\/thema\/M%C3%BCnchen\" target=\"_blank\" rel=\"noopener\">M\u00dcNCHEN<\/a><\/strong><\/p>\n<p data-manual=\"paragraph\" data-schema-org-speakable=\"true\" class=\"css-1ylqqlw\"><strong>Michael Decker wird neuer Chef des Deutschen Museums<\/strong> Der Physikprofessor kommt aus Karlsruhe nach M\u00fcnchen. <a href=\"https:\/\/www.sueddeutsche.de\/muenchen\/muenchen-deutsches-museum-heckl-nachfolger-decker-li.3261057\" target=\"_blank\" rel=\"noopener\">Er folgt auf Wolfgang Heckl, der 21 Jahre Generaldirektor des Deutschen Museums war (SZ Plus).<\/a><\/p>\n<p data-manual=\"paragraph\" data-schema-org-speakable=\"true\" class=\"css-1ylqqlw\"><strong>Der Wettkampf ist er\u00f6ffnet<\/strong> <a href=\"https:\/\/www.sueddeutsche.de\/muenchen\/muenchen-buergerentscheid-olympia-li.3256695\" target=\"_blank\" rel=\"noopener\">Nach dem Votum des Stadtrats f\u00fcr die Ausrichtung Olympischer Spiele r\u00fcsten sich Bef\u00fcrworter und Gegner f\u00fcr die Schlacht der Argumente und den B\u00fcrgerentscheid im Herbst.<\/a><\/p>\n<p data-manual=\"paragraph\" data-schema-org-speakable=\"true\" class=\"css-1ylqqlw\"><strong>\u201eWir k\u00e4mpfen f\u00fcr eine Subkultur, die atmen darf\u201c<\/strong> Mehrere tausend Menschen demonstrieren f\u00fcr mehr Freir\u00e4ume, in denen sich das soziale und kulturelle Leben auch lautstark entfalten kann &#8211; <a href=\"https:\/\/www.sueddeutsche.de\/muenchen\/krachparade-muenchen-feiertag-theresienwiese-li.3258137\" target=\"_blank\" rel=\"noopener\">und gegen eine Stadt, in der alles verschwindet, was nicht profitabel ist.<\/a><\/p>\n<p data-manual=\"paragraph\" data-schema-org-speakable=\"true\" class=\"css-1ylqqlw\"><strong>Finale chez nous\u00a0<\/strong>Am Samstag spielen Paris Saint-Germain und Inter Mailand in der Arena um den Champions-League-Pokal. Es ist doch ein Finale dahoam geworden &#8211; <a href=\"https:\/\/www.sueddeutsche.de\/muenchen\/champions-league-finale-muenchen-psg-inter-li.3253285\" target=\"_blank\" rel=\"noopener\">jedenfalls f\u00fcr M\u00fcnchens Italiener und Franzosen.<\/a><\/p>\n<p data-manual=\"paragraph\" data-schema-org-speakable=\"true\" class=\"css-1ylqqlw\"><strong>WEITERE NACHRICHTEN<\/strong><\/p>\n<p data-manual=\"paragraph\" data-schema-org-speakable=\"true\" class=\"css-1ylqqlw\"><strong>Sanierung:<\/strong>\u00a0<a href=\"https:\/\/www.sueddeutsche.de\/muenchen\/sanierung-muenchen-studentenstadt-li.3260179\" target=\"_blank\" rel=\"noopener\">Hans-Scholl-Halle und Kneipe Trib\u00fcHne er\u00f6ffnen in der Studentenstadt<\/a><\/p>\n<p data-manual=\"paragraph\" data-schema-org-speakable=\"true\" class=\"css-1ylqqlw\"><strong>Nach Surf-Verbot:<\/strong>\u00a0<a href=\"https:\/\/www.sueddeutsche.de\/muenchen\/landkreismuenchen\/muenchen-surfen-eisbachwelle-jochen-schweizer-arena-taufkirchen-li.3255948\" target=\"_blank\" rel=\"noopener\">Alternativen zur Eisbachwelle (SZ Plus)<\/a><\/p>\n<p data-manual=\"paragraph\" data-schema-org-speakable=\"true\" class=\"css-1ylqqlw\"><strong>Ramersdorf:<\/strong>\u00a0<a href=\"https:\/\/www.sueddeutsche.de\/muenchen\/muenchen-18-jaehriger-unfall-gestohlenes-auto-fahrerflucht-li.3261093\" target=\"_blank\" rel=\"noopener\">Verkehrsunfall mit gestohlenem Auto &#8211; Polizei fasst Verd\u00e4chtigen<\/a><\/p>\n<p data-manual=\"paragraph\" data-schema-org-speakable=\"true\" class=\"css-1ylqqlw\"><strong>Rathaus:<\/strong>\u00a0<a href=\"https:\/\/www.sueddeutsche.de\/muenchen\/christian-vorlaender-messe-muenchen-li.3261176\" target=\"_blank\" rel=\"noopener\">SPD-Stadtrat Christian Vorl\u00e4nder wechselt zur Messe<\/a><\/p>\n<p data-manual=\"paragraph\" data-schema-org-speakable=\"true\" class=\"css-1ylqqlw\"><strong>M\u00dcNCHEN ERLESEN<\/strong><\/p>\n<p><a href=\"https:\/\/www.sueddeutsche.de\/muenchen\/polizei-muenchen-fussballturnier-rassismus-diskriminierung-li.3256079\" aria-label=\"Artikelverlinkung:\" data-track-szde=\"{&quot;event&quot;:&quot;teaser_clicked&quot;,&quot;teaser_clicked&quot;:{&quot;article_title&quot;:&quot;sobald_der_ball_rollt_sind_das_normale_menschen&quot;,&quot;doctype&quot;:&quot;&quot;,&quot;label&quot;:&quot;&quot;,&quot;main_topic&quot;:&quot;leben_und_gesellschaft_in_muenchen&quot;,&quot;object_id&quot;:&quot;li.3256079&quot;,&quot;pcat&quot;:&quot;metered&quot;,&quot;section&quot;:&quot;muenchen&quot;,&quot;teaser_type&quot;:&quot;article_teaser_top&quot;}}\" data-manual=\"teaser-url\" data-tb-link=\"\" aria-labelledby=\"teaser-httpswwwsueddeutschedemuenchenpolizei-muenchen-fussballturnier-rassismus-diskriminierung-li3256079\" class=\"css-14tg8sh\" target=\"_blank\" rel=\"noopener\"><img decoding=\"async\" src=\"https:\/\/www.europesays.com\/de\/wp-content\/uploads\/2025\/05\/1748563210_95_414240a3-9958-4339-81fd-53bbc87a5e20.jpeg\"   alt=\"\" loading=\"lazy\" class=\"css-8atqhb\"\/><\/p>\n<p>Interkulturelles Fu\u00dfballturnier<\/p>\n<p>:\u201eSobald der Ball rollt, sind das normale Menschen\u201c<\/p>\n<p class=\"css-a6ecqs\" data-manual=\"teaser-text\" data-tb-description=\"\" data-schema-org-speakable=\"true\">Staatsanw\u00e4lte kicken gegen Teams, deren Mitglieder Diskriminierung und Hasskriminalit\u00e4t ausgesetzt sind. Beim \u201eGemeinsam F\u00fcreinander Cup 2025\u201c bringt das Polizeipr\u00e4sidium nicht nur viele Seiten zusammen, sondern f\u00f6rdert damit auch das gegenseitige Verst\u00e4ndnis.<\/p>\n<p>Von Andrea Schlaier<\/p>\n<p>&#8230;<a href=\"https:\/\/www.sueddeutsche.de\/muenchen\/dachau\/schoenbrunn-franziskanerinnen-kloster-li.3257132\" aria-label=\"Artikelverlinkung:\" data-track-szde=\"{&quot;event&quot;:&quot;teaser_clicked&quot;,&quot;teaser_clicked&quot;:{&quot;article_title&quot;:&quot;schon_als_schuelerin_dachte_ich_ich_will_ordensschwester_werden&quot;,&quot;doctype&quot;:&quot;&quot;,&quot;label&quot;:&quot;szplus&quot;,&quot;main_topic&quot;:&quot;landkreis_dachau&quot;,&quot;object_id&quot;:&quot;li.3257132&quot;,&quot;pcat&quot;:&quot;paid&quot;,&quot;section&quot;:&quot;dachau&quot;,&quot;teaser_type&quot;:&quot;article_teaser_top&quot;}}\" data-manual=\"teaser-url\" data-tb-link=\"\" aria-labelledby=\"teaser-httpswwwsueddeutschedemuenchendachauschoenbrunn-franziskanerinnen-kloster-li3257132\" class=\"css-14tg8sh\" target=\"_blank\" rel=\"noopener\"><img decoding=\"async\" src=\"https:\/\/www.europesays.com\/de\/wp-content\/uploads\/2025\/05\/db8c3685-3b52-4bcf-89b8-c57c55e2ad76.jpeg\"   alt=\"\" loading=\"lazy\" class=\"css-8atqhb\"\/><\/p>\n<p>Klosterleben<\/p>\n<p>:\u201eSchon als Sch\u00fclerin dachte ich: Ich will Ordensschwester werden\u201c<\/p>\n<p class=\"css-a6ecqs\" data-manual=\"teaser-text\" data-tb-description=\"\" data-schema-org-speakable=\"true\">Im Mai haben sechs Franziskanerinnen aus Sch\u00f6nbrunn ihr Jubil\u00e4um gefeiert. Vier von ihnen blicken auf ihre Jahre im Orden zur\u00fcck.<\/p>\n<p>SZ PlusProtokolle von Marie He\u00dflinger<\/p>\n<p data-manual=\"paragraph\" data-schema-org-speakable=\"true\" class=\"css-1ylqqlw\"><strong>UNSER FREIZEITTIPP<\/strong><\/p>\n<p><a href=\"https:\/\/www.sueddeutsche.de\/muenchen\/tollwood-sommer-2025-hoehepunkte-muenchen-programm-li.3252513\" aria-label=\"Artikelverlinkung:\" data-track-szde=\"{&quot;event&quot;:&quot;teaser_clicked&quot;,&quot;teaser_clicked&quot;:{&quot;article_title&quot;:&quot;das_sind_die_hoehepunkte_bei_tollwood_im_sommer_2025&quot;,&quot;doctype&quot;:&quot;&quot;,&quot;label&quot;:&quot;&quot;,&quot;main_topic&quot;:&quot;kultur_in_muenchen&quot;,&quot;object_id&quot;:&quot;li.3252513&quot;,&quot;pcat&quot;:&quot;metered&quot;,&quot;section&quot;:&quot;muenchen&quot;,&quot;teaser_type&quot;:&quot;article_teaser_top&quot;}}\" data-manual=\"teaser-url\" data-tb-link=\"\" aria-labelledby=\"teaser-httpswwwsueddeutschedemuenchentollwood-sommer-2025-hoehepunkte-muenchen-programm-li3252513\" class=\"css-14tg8sh\" target=\"_blank\" rel=\"noopener\"><img decoding=\"async\" src=\"https:\/\/www.europesays.com\/de\/wp-content\/uploads\/2025\/05\/3b70a416-e1ce-40ca-96db-5539e297140a.jpeg\"   alt=\"\" loading=\"lazy\" class=\"css-8atqhb\"\/><\/p>\n<p>Festival im Olympiapark<\/p>\n<p>:Das sind die H\u00f6hepunkte bei Tollwood im Sommer 2025<\/p>\n<p class=\"css-a6ecqs\" data-manual=\"teaser-text\" data-tb-description=\"\" data-schema-org-speakable=\"true\">Den Mutigen geh\u00f6rt das Zelt: M\u00fcnchens gr\u00f6\u00dftes Kulturfestival ermuntert seine Besucher, gemeinsam Courage\u00a0 zu zeigen. Und gro\u00dfe Popstars wie Iggy Pop und Patti Smith ziehen ebenso mit wie Stra\u00dfenakrobaten und Fernsehlegende Harald Schmidt.<\/p>\n<p data-manual=\"paragraph\" data-schema-org-speakable=\"true\" class=\"css-1ylqqlw\"><a href=\"https:\/\/www.sueddeutsche.de\/thema\/Restaurants\" target=\"_blank\" rel=\"noopener\">Restaurants in M\u00fcnchen<\/a> | <a href=\"https:\/\/www.sueddeutsche.de\/thema\/Bars\" target=\"_blank\" rel=\"noopener\">Bars in M\u00fcnchen<\/a> | <a href=\"https:\/\/www.sueddeutsche.de\/thema\/Fr%C3%BChst%C3%BCck_und_Brunch\" target=\"_blank\" rel=\"noopener\">Fr\u00fchst\u00fcck und Brunch<\/a><strong>Zu den Landkreisen:<\/strong> <a href=\"https:\/\/www.sueddeutsche.de\/muenchen\/wolfratshausen\" target=\"_blank\" rel=\"noopener\">Bad T\u00f6lz-Wolfratshausen<\/a> | <a href=\"https:\/\/www.sueddeutsche.de\/muenchen\/dachau\" target=\"_blank\" rel=\"noopener\">Dachau<\/a> | <a href=\"https:\/\/www.sueddeutsche.de\/muenchen\/ebersberg\" target=\"_blank\" rel=\"noopener\">Ebersberg<\/a> | <a href=\"https:\/\/www.sueddeutsche.de\/muenchen\/erding\" target=\"_blank\" rel=\"noopener\">Erding<\/a> | <a href=\"https:\/\/www.sueddeutsche.de\/muenchen\/freising\" target=\"_blank\" rel=\"noopener\">Freising<\/a> | <a href=\"https:\/\/www.sueddeutsche.de\/muenchen\/fuerstenfeldbruck\" target=\"_blank\" rel=\"noopener\">F\u00fcrstenfeldbruck<\/a> | <a href=\"https:\/\/www.sueddeutsche.de\/muenchen\/landkreismuenchen\" target=\"_blank\" rel=\"noopener\">M\u00fcnchen<\/a> | <a href=\"https:\/\/www.sueddeutsche.de\/muenchen\/starnberg\" target=\"_blank\" rel=\"noopener\">Starnberg<\/a><\/p>\n","protected":false},"excerpt":{"rendered":"div:not([style*=&#8217;display: none&#8216;]):not(.iqdnoad)){margin-bottom:60px;margin-top:60px;}}]]&gt; div:not([style*=&#8217;display: none&#8216;]):not(.iqdnoad))::before{content:none;}@media screen and (min-width: 768px){.css-wglhfu{margin-bottom:0;margin-top:0;}}@media screen and (min-width: 768px){.css-wglhfu{margin-left:0;margin-right:0;}}@media screen and (min-width: 1000px){.css-wglhfu{margin-left:-180px;width:1000px;}.css-wglhfu:has(> div:not([style*=&#8217;display: none&#8216;]):not(.iqdnoad)){margin-bottom:60px;margin-top:60px;}}]]&gt;&hellip;\n","protected":false},"author":2,"featured_media":2312,"comment_status":"","ping_status":"","sticky":false,"template":"","format":"standard","meta":{"footnotes":""},"categories":[1827],"tags":[772,29,30,1268,2338,2339,149],"class_list":{"0":"post-150131","1":"post","2":"type-post","3":"status-publish","4":"format-standard","5":"has-post-thumbnail","7":"category-muenchen","8":"tag-bayern","9":"tag-deutschland","10":"tag-germany","11":"tag-muenchen","12":"tag-newsletter","13":"tag-oberbayern","14":"tag-sueddeutsche-zeitung"},"share_on_mastodon":{"url":"https:\/\/pubeurope.com\/@de\/114593846111322709","error":""},"_links":{"self":[{"href":"https:\/\/www.europesays.com\/de\/wp-json\/wp\/v2\/posts\/150131","targetHints":{"allow":["GET"]}}],"collection":[{"href":"https:\/\/www.europesays.com\/de\/wp-json\/wp\/v2\/posts"}],"about":[{"href":"https:\/\/www.europesays.com\/de\/wp-json\/wp\/v2\/types\/post"}],"author":[{"embeddable":true,"href":"https:\/\/www.europesays.com\/de\/wp-json\/wp\/v2\/users\/2"}],"replies":[{"embeddable":true,"href":"https:\/\/www.europesays.com\/de\/wp-json\/wp\/v2\/comments?post=150131"}],"version-history":[{"count":0,"href":"https:\/\/www.europesays.com\/de\/wp-json\/wp\/v2\/posts\/150131\/revisions"}],"wp:featuredmedia":[{"embeddable":true,"href":"https:\/\/www.europesays.com\/de\/wp-json\/wp\/v2\/media\/2312"}],"wp:attachment":[{"href":"https:\/\/www.europesays.com\/de\/wp-json\/wp\/v2\/media?parent=150131"}],"wp:term":[{"taxonomy":"category","embeddable":true,"href":"https:\/\/www.europesays.com\/de\/wp-json\/wp\/v2\/categories?post=150131"},{"taxonomy":"post_tag","embeddable":true,"href":"https:\/\/www.europesays.com\/de\/wp-json\/wp\/v2\/tags?post=150131"}],"curies":[{"name":"wp","href":"https:\/\/api.w.org\/{rel}","templated":true}]}}