{"id":150138,"date":"2025-05-30T00:04:16","date_gmt":"2025-05-30T00:04:16","guid":{"rendered":"https:\/\/www.europesays.com\/de\/150138\/"},"modified":"2025-05-30T00:04:16","modified_gmt":"2025-05-30T00:04:16","slug":"re1-zuege-zwischen-brandenburg-und-potsdam-fallen-wochenlang-aus","status":"publish","type":"post","link":"https:\/\/www.europesays.com\/de\/150138\/","title":{"rendered":"RE1-Z\u00fcge zwischen Brandenburg und Potsdam fallen wochenlang aus"},"content":{"rendered":"<p>Zwischen Brandenburg und Potsdam <\/p>\n<p>Einschr\u00e4nkungen f\u00fcr Pendler: RE1-Z\u00fcge fallen wochenlang aus<\/p>\n<p>29.05.2025 &#8211; 16:09 UhrLesedauer: 1 Min.<\/p>\n<p><a href=\"#focus-0\" class=\"transition-colors duration-200 focus-within:text-magenta block text-current relative\" data-sctrack=\"FocusGalleryImage.Reference\"><img fetchpriority=\"high\" data-testid=\"Opener.Image\" style=\"--lqipURL:url('https:\/\/images.t-online.de\/2025\/03\/WAXG1nZ4xzZ4\/0x106:800x450\/fit-in\/150x0\/filters:blur(25)\/ein-zug-der-linie-re1-archivbild-in-den-kommenden-zwei-wochen-isz-die-linie-zwischen-berlin-und-potsdam-unterbrochen.jpg')\"   loading=\"eager\" src=\"https:\/\/www.europesays.com\/de\/wp-content\/uploads\/2025\/05\/ein-zug-der-linie-re1-archivbild-in-den-kommenden-zwei-wochen-isz-die-linie-zwischen-berlin-und-pots.jpeg\" alt=\"Der Regionalexpress RE1 der ODEG nach Brandenburg an der Havel steht im Hauptbahnhof am Bahnsteig.\" title=\"Der Regionalexpress RE1 der ODEG nach Brandenburg an der Havel steht im Hauptbahnhof am Bahnsteig.\" width=\"800\" height=\"450\" class=\"bg-[url:var(--lqipURL)] bg-cover bg-center flex w-full max-w-full h-full\" decoding=\"async\"\/><img style=\"--width:32;--height:32\" loading=\"lazy\" src=\"https:\/\/www.europesays.com\/de\/wp-content\/uploads\/2025\/05\/zoom-in.f7dae02f.svg.svg+xml\" alt=\"Vergr\u00f6\u00dfern des Bildes\" title=\"Vergr\u00f6\u00dfern des Bildes\" class=\"&#10;        block&#10;        h-[calc(var(--height)_\/_16_*_1rem)]&#10;        w-[calc(var(--width)_\/_16_*_1rem)]&#10;        max-w-none&#10;        absolute bottom-8 right-8 rounded-4 bg-snow p-8\" decoding=\"async\"\/><\/a><\/p>\n<p>Ein Zug der Linie RE1 (Archivbild): Bald ist die Linie zwischen Potsdam und Brandenburg (Havel) unterbrochen. (Quelle: Soeren Stache)<\/p>\n<p class=\"font-bold text-18 leading-17\">Pendler zwischen Brandenburg an der Havel und Potsdam m\u00fcssen sich auf erhebliche Einschr\u00e4nkungen einstellen. Was geplant ist.<\/p>\n<p class=\"text-18 leading-17\">Pendler und Reisende in Brandenburg stehen vor erheblichen Einschr\u00e4nkungen im Bahnverkehr. Die stark frequentierte Regionalexpress-Linie RE1 f\u00e4llt zwischen <a class=\"transition-colors duration-200 cursor-pointer text-inherit no-underline text-salemsfur md:hover:text-magenta md:hover:border-magenta md:focus:text-magenta border-current border-b border-solid break-words\" href=\"https:\/\/www.t-online.de\/themen\/brandenburg-an-der-havel\/\" data-sctrack=\"BodyAnchor\" rel=\"nofollow noopener\" target=\"_blank\">Brandenburg an der Havel<\/a> und <a class=\"transition-colors duration-200 cursor-pointer text-inherit no-underline text-salemsfur md:hover:text-magenta md:hover:border-magenta md:focus:text-magenta border-current border-b border-solid break-words\" href=\"https:\/\/www.t-online.de\/themen\/potsdam\/\" data-sctrack=\"BodyAnchor\" rel=\"nofollow noopener\" target=\"_blank\">Potsdam<\/a> im Juni wochenlang aus. Als Ersatz sollen Busse eingesetzt werden, teilte die Ostdeutsche Eisenbahngesellschaft (Odeg) mit.<\/p>\n<p class=\"text-18 leading-17\">Demnach sind vom 6. bis 23. Juni alle Z\u00fcge zwischen Brandenburg Hauptbahnhof und Potsdam Hauptbahnhof von der Sperrung betroffen. Auch die Verbindung ab Berlin-Friedrichstra\u00dfe bis Brandenburg\/Havel wird zeitweise nicht bedient.<\/p>\n<p class=\"text-18 leading-17\">Die wichtige Pendlerstrecke, die von <a class=\"transition-colors duration-200 cursor-pointer text-inherit no-underline text-salemsfur md:hover:text-magenta md:hover:border-magenta md:focus:text-magenta border-current border-b border-solid break-words\" href=\"https:\/\/www.t-online.de\/themen\/magdeburg\/\" data-sctrack=\"BodyAnchor\" rel=\"nofollow noopener\" target=\"_blank\">Magdeburg<\/a> \u00fcber Potsdam und <a class=\"transition-colors duration-200 cursor-pointer text-inherit no-underline text-salemsfur md:hover:text-magenta md:hover:border-magenta md:focus:text-magenta border-current border-b border-solid break-words\" href=\"https:\/\/www.t-online.de\/region\/berlin\/\" data-sctrack=\"BodyAnchor\" rel=\"nofollow noopener\" target=\"_blank\">Berlin<\/a> bis nach <a rel=\"nofollow noopener\" target=\"_blank\" class=\"transition-colors duration-200 cursor-pointer text-inherit no-underline text-salemsfur md:hover:text-magenta md:hover:border-magenta md:focus:text-magenta border-current border-b border-solid break-words\" href=\"https:\/\/frankfurt.t-online.de\/region\/frankfurt-am-main\/\" data-sctrack=\"BodyAnchor\">Frankfurt<\/a> (Oder) und <a class=\"transition-colors duration-200 cursor-pointer text-inherit no-underline text-salemsfur md:hover:text-magenta md:hover:border-magenta md:focus:text-magenta border-current border-b border-solid break-words\" href=\"https:\/\/www.t-online.de\/themen\/cottbus\/\" data-sctrack=\"BodyAnchor\" rel=\"nofollow noopener\" target=\"_blank\">Cottbus<\/a> f\u00fchrt, wird anschlie\u00dfend weiter eingeschr\u00e4nkt. Vom 23. Juni bis 4. Juli kommt es zu einer Sperrung der Verbindung zwischen Gro\u00df Kreutz und Brandenburg Hauptbahnhof. Auf dem Abschnitt Potsdam \u2013 Gro\u00df Kreutz verkehrt dann nur ein Zug pro Stunde und Richtung.<\/p>\n<p class=\"text-18 leading-17\">Die Odeg k\u00fcndigte zudem Einschr\u00e4nkungen bei der Linie RE8 an. Grund f\u00fcr die umfangreichen Sperrungen seien notwendige Gleiserneuerungen und Arbeiten an der Leit- und Sicherungstechnik.<\/p>\n","protected":false},"excerpt":{"rendered":"Zwischen Brandenburg und Potsdam Einschr\u00e4nkungen f\u00fcr Pendler: RE1-Z\u00fcge fallen wochenlang aus 29.05.2025 &#8211; 16:09 UhrLesedauer: 1 Min. Ein&hellip;\n","protected":false},"author":2,"featured_media":150139,"comment_status":"","ping_status":"","sticky":false,"template":"","format":"standard","meta":{"footnotes":""},"categories":[1816],"tags":[722,17161,1960,1958,1959,1957,296,1956,1890,52034,29,2785,30,24915,4125,7610],"class_list":{"0":"post-150138","1":"post","2":"type-post","3":"status-publish","4":"format-standard","5":"has-post-thumbnail","7":"category-brandenburg","8":"tag-722","9":"tag-17161","10":"tag-aktuelle-nachrichten-aus-berlin-und-brandenburg","11":"tag-aktuelle-nachrichten-aus-brandenburg","12":"tag-aktuelle-news-aus-berlin-und-brandenburg","13":"tag-aktuelle-news-aus-brandenburg","14":"tag-berlin","15":"tag-berlin-und-brandenburg","16":"tag-brandenburg","17":"tag-brandenburg-an-der-havel","18":"tag-deutschland","19":"tag-einschraenkung","20":"tag-germany","21":"tag-havel","22":"tag-pendler","23":"tag-potsdam"},"share_on_mastodon":{"url":"https:\/\/pubeurope.com\/@de\/114593861983489209","error":""},"_links":{"self":[{"href":"https:\/\/www.europesays.com\/de\/wp-json\/wp\/v2\/posts\/150138","targetHints":{"allow":["GET"]}}],"collection":[{"href":"https:\/\/www.europesays.com\/de\/wp-json\/wp\/v2\/posts"}],"about":[{"href":"https:\/\/www.europesays.com\/de\/wp-json\/wp\/v2\/types\/post"}],"author":[{"embeddable":true,"href":"https:\/\/www.europesays.com\/de\/wp-json\/wp\/v2\/users\/2"}],"replies":[{"embeddable":true,"href":"https:\/\/www.europesays.com\/de\/wp-json\/wp\/v2\/comments?post=150138"}],"version-history":[{"count":0,"href":"https:\/\/www.europesays.com\/de\/wp-json\/wp\/v2\/posts\/150138\/revisions"}],"wp:featuredmedia":[{"embeddable":true,"href":"https:\/\/www.europesays.com\/de\/wp-json\/wp\/v2\/media\/150139"}],"wp:attachment":[{"href":"https:\/\/www.europesays.com\/de\/wp-json\/wp\/v2\/media?parent=150138"}],"wp:term":[{"taxonomy":"category","embeddable":true,"href":"https:\/\/www.europesays.com\/de\/wp-json\/wp\/v2\/categories?post=150138"},{"taxonomy":"post_tag","embeddable":true,"href":"https:\/\/www.europesays.com\/de\/wp-json\/wp\/v2\/tags?post=150138"}],"curies":[{"name":"wp","href":"https:\/\/api.w.org\/{rel}","templated":true}]}}