{"id":150151,"date":"2025-05-30T00:12:13","date_gmt":"2025-05-30T00:12:13","guid":{"rendered":"https:\/\/www.europesays.com\/de\/150151\/"},"modified":"2025-05-30T00:12:13","modified_gmt":"2025-05-30T00:12:13","slug":"pride-month-bibliothek-vaterstetten-zeigt-im-juni-buecher-ueber-toleranz-ebersberg","status":"publish","type":"post","link":"https:\/\/www.europesays.com\/de\/150151\/","title":{"rendered":"\u201ePride Month\u201c: Bibliothek Vaterstetten zeigt im Juni B\u00fccher \u00fcber Toleranz &#8211; Ebersberg"},"content":{"rendered":"<p data-manual=\"paragraph\" data-schema-org-speakable=\"true\" class=\"css-4bdi0k\">Bibliotheken sind \u00f6ffentliche Orte. Sie sind zug\u00e4nglich und niederschwellig. Menschen kommen hierher, um zu lesen, zu lernen, zu st\u00f6bern oder auch einfach nur, um Ruhe zu finden. Bibliotheken sind so einige der wenigen Orte, die wirklich allen offenstehen. Das macht sie gesellschaftlich bedeutsam. Und damit auch politisch. Denn dann stellt sich unausweichlich die Frage: Was haben sie im Programm? Und worauf wollen sie die Aufmerksamkeit lenken? Die Gemeindeb\u00fccherei <a href=\"https:\/\/www.sueddeutsche.de\/thema\/Vaterstetten\" target=\"_blank\" rel=\"noopener\">Vaterstetten<\/a> hat darauf eine klare Antwort: auf Mitbestimmung, <a href=\"https:\/\/www.sueddeutsche.de\/thema\/Demokratie\" target=\"_blank\" rel=\"noopener\">Demokratie<\/a> und Toleranz.<\/p>\n","protected":false},"excerpt":{"rendered":"Bibliotheken sind \u00f6ffentliche Orte. Sie sind zug\u00e4nglich und niederschwellig. Menschen kommen hierher, um zu lesen, zu lernen, zu&hellip;\n","protected":false},"author":2,"featured_media":150152,"comment_status":"","ping_status":"","sticky":false,"template":"","format":"standard","meta":{"footnotes":""},"categories":[1774],"tags":[53560,1784,1785,146,29,51725,214,30,80,51724,51723,2339,149,215,53559],"class_list":{"0":"post-150151","1":"post","2":"type-post","3":"status-publish","4":"format-standard","5":"has-post-thumbnail","7":"category-buecher","8":"tag-bildung-im-landkreis-ebersberg","9":"tag-books","10":"tag-buecher","11":"tag-demokratie","12":"tag-deutschland","13":"tag-ebersberg","14":"tag-entertainment","15":"tag-germany","16":"tag-kultur","17":"tag-kultur-im-landkreis-ebersberg","18":"tag-landkreis-ebersberg","19":"tag-oberbayern","20":"tag-sueddeutsche-zeitung","21":"tag-unterhaltung","22":"tag-vaterstetten"},"share_on_mastodon":{"url":"https:\/\/pubeurope.com\/@de\/114593893318553620","error":""},"_links":{"self":[{"href":"https:\/\/www.europesays.com\/de\/wp-json\/wp\/v2\/posts\/150151","targetHints":{"allow":["GET"]}}],"collection":[{"href":"https:\/\/www.europesays.com\/de\/wp-json\/wp\/v2\/posts"}],"about":[{"href":"https:\/\/www.europesays.com\/de\/wp-json\/wp\/v2\/types\/post"}],"author":[{"embeddable":true,"href":"https:\/\/www.europesays.com\/de\/wp-json\/wp\/v2\/users\/2"}],"replies":[{"embeddable":true,"href":"https:\/\/www.europesays.com\/de\/wp-json\/wp\/v2\/comments?post=150151"}],"version-history":[{"count":0,"href":"https:\/\/www.europesays.com\/de\/wp-json\/wp\/v2\/posts\/150151\/revisions"}],"wp:featuredmedia":[{"embeddable":true,"href":"https:\/\/www.europesays.com\/de\/wp-json\/wp\/v2\/media\/150152"}],"wp:attachment":[{"href":"https:\/\/www.europesays.com\/de\/wp-json\/wp\/v2\/media?parent=150151"}],"wp:term":[{"taxonomy":"category","embeddable":true,"href":"https:\/\/www.europesays.com\/de\/wp-json\/wp\/v2\/categories?post=150151"},{"taxonomy":"post_tag","embeddable":true,"href":"https:\/\/www.europesays.com\/de\/wp-json\/wp\/v2\/tags?post=150151"}],"curies":[{"name":"wp","href":"https:\/\/api.w.org\/{rel}","templated":true}]}}