{"id":150161,"date":"2025-05-30T00:17:11","date_gmt":"2025-05-30T00:17:11","guid":{"rendered":"https:\/\/www.europesays.com\/de\/150161\/"},"modified":"2025-05-30T00:17:11","modified_gmt":"2025-05-30T00:17:11","slug":"ruecktritt-wird-in-naher-zukunft-ein-thema-werden","status":"publish","type":"post","link":"https:\/\/www.europesays.com\/de\/150161\/","title":{"rendered":"R\u00fccktritt wird &#8222;in naher Zukunft&#8220; ein Thema werden"},"content":{"rendered":"\n<p>(Motorsport-Total.com) &#8211; Die Formel 1 gastiert in Barcelona: Hier feierte Fernando Alonso seinen letzten Sieg in der K\u00f6nigsklasse, vor mittlerweile schon zw\u00f6lf Jahren, damals noch im Ferrari. In seiner Heimat wird der Spanier immer noch verehrt, ist weiterhin Publikumsliebling &#8211; doch wie viele Auftritte vor seinen Landsleuten werden noch hinzukommen, angesichts Alonsos Alter von immerhin bald 44 Jahren?<\/p>\n<p>    <img loading=\"lazy\" decoding=\"async\" src=\"https:\/\/www.europesays.com\/de\/wp-content\/uploads\/2025\/05\/312078.webp.webp\" title=\"Fernando Alonso ist bald 44, aber weiterhin motiviert - nur wie lange noch?\" alt=\"Foto zur News: Alonso vor Heimspiel: R\u00fccktritt wird &quot;in naher Zukunft&quot; ein Thema werden\" width=\"1200\" height=\"900\"\/> <\/p>\n<p class=\"copyright\">\u00a9\u00a0LAT Images<\/p>\n<p class=\"img-desc-container relative\"> Fernando Alonso ist bald 44, aber weiterhin motiviert &#8211; nur wie lange noch?  <a href=\"https:\/\/www.formel1.de\/news\/news\/2025-05-29\/alonso-vor-heimspiel-ruecktritt-wird-in-naher-zukunft-ein-thema-werden\/zoom\/312078.webp\" rel=\"nofollow noopener\" class=\"link-icon icon-red icon-right fa fa-chevron-right img-action pull-right custom-link ml10\" title=\"Zoom\" target=\"_blank\"><br \/>\n        Zoom<br \/>\n             <\/a> <a href=\"https:\/\/www.formel1.de\/news\/news\/2025-05-29\/alonso-vor-heimspiel-ruecktritt-wird-in-naher-zukunft-ein-thema-werden\/download\/312078.webp\" rel=\"nofollow noopener\" class=\"link-icon icon-red icon-right fa fa-download img-action pull-right ml10 custom-link\" title=\"Download\" target=\"_blank\"><br \/>\n        Download<br \/>\n             <\/a>  <\/p>\n<p>&#8222;Ich wei\u00df, dass eine sehr wichtige Entscheidung in meinem Leben in naher Zukunft ansteht: Der Abschied vom Rennsport&#8220;, macht der Aston-Martin-Pilot am Donnerstag keinen Hehl daraus, dass die Uhr tickt: &#8222;Mein erstes Kartrennen fuhr ich mit drei Jahren, jetzt bin ich 43. Ich hatte also 40 Jahre lang ein Lenkrad in der Hand. Und ich wei\u00df, dass irgendwann der Moment kommt, an dem ich aufh\u00f6ren muss.&#8220;<\/p>\n<p>Allein: &#8222;Diese Entscheidung will und werde ich sehr bewusst treffen&#8220;, wird sich die legende Motorsport-Legende den Entschluss keinesfalls leicht machen. Zumal er selbst damit bereits Erfahrung hat: &#8222;Ich habe die Formel 1 2018 ja schon einmal verlassen &#8211; und bin zur\u00fcckgekehrt, weil ich gesp\u00fcrt habe, dass ich sie brauche. Wenn ich das n\u00e4chste Mal gehe, dann muss es zu 100 Prozent die richtige Entscheidung sein&#8220;, sagt Alonso.<\/p>\n<p> Auto 2026 &#8222;sehr wichtiger Faktor &#8211; aber nicht der einzige&#8220; <\/p>\n<p>Elementar entscheidend f\u00fcr seinen weiteren Weg ist dabei ganz klar das neue Reglement ab 2026 &#8211; und die Frage, wie gut das Material dann sein wird, das ihm Aston Martin mit dem neu formierten Team um Stardesigner Adrian Newey dann hinstellen kann: &#8222;Es wird ein sehr wichtiger Faktor sein, ja &#8211; aber nicht der einzige&#8220;, sagt Alonso mit Blick auf den n\u00e4chstj\u00e4hrigen Boliden.<\/p>\n<p>    <img loading=\"lazy\" src=\"https:\/\/www.europesays.com\/de\/wp-content\/uploads\/2025\/05\/312079.webp.webp\" title=\"Sein Abgang steht bevor: Wann checkt Alonso endg\u00fcltig aus der Formel 1 aus?\" alt=\"Foto zur News: Alonso vor Heimspiel: R\u00fccktritt wird &quot;in naher Zukunft&quot; ein Thema werden\" width=\"620\" height=\"462\" decoding=\"async\"\/> <\/p>\n<p class=\"copyright\">\u00a9\u00a0LAT Images<\/p>\n<p class=\"img-desc-container relative\"> Sein Abgang steht bevor: Wann checkt Alonso endg\u00fcltig aus der Formel 1 aus?  <a href=\"https:\/\/www.formel1.de\/news\/news\/2025-05-29\/alonso-vor-heimspiel-ruecktritt-wird-in-naher-zukunft-ein-thema-werden\/zoom\/312079.webp\" rel=\"nofollow noopener\" class=\"link-icon icon-red icon-right fa fa-chevron-right img-action pull-right custom-link ml10\" title=\"Zoom\" target=\"_blank\"><br \/>\n        Zoom<br \/>\n             <\/a> <a href=\"https:\/\/www.formel1.de\/news\/news\/2025-05-29\/alonso-vor-heimspiel-ruecktritt-wird-in-naher-zukunft-ein-thema-werden\/download\/312079.webp\" rel=\"nofollow noopener\" class=\"link-icon icon-red icon-right fa fa-download img-action pull-right custom-link ml10\" title=\"Download\" target=\"_blank\"><br \/>\n        Download<br \/>\n             <\/a>  <\/p>\n<p>&#8222;Ich denke, ich muss abwarten, wie die n\u00e4chste Saison beginnt und wie motiviert ich mich f\u00fchle. Jedes Jahr bringt eine andere Stimmung mit sich, ein anderes Gef\u00fchl daf\u00fcr, wie man selbst performt, wie wettbewerbsf\u00e4hig man sich einsch\u00e4tzt, wie hoch die eigene Motivation ist, auch k\u00f6rperlich weiter auf Topniveau zu bleiben&#8220;, erkl\u00e4rt der Rekord-Starter der K\u00f6nigsklasse:<\/p>\n<p>&#8222;Pers\u00f6nliche Umst\u00e4nde, famili\u00e4re Situationen &#8211; all das spielt bei solch weitreichenden Entscheidungen im Leben eine Rolle&#8220;, sagt der Aston-Martin-Pilot. Besonders in Bezug auf die Motivation hat Alonso allerdings so seine Zweifel, dass die schnell abflauen k\u00f6nnte, gibt er doch zu bedenken: &#8222;Die Formel 1 befindet sich gerade in einer gro\u00dfartigen Phase &#8211; wir alle sp\u00fcren den Aufschwung, die neuen Fans, den Hype um den Sport.&#8220;<\/p>\n<p> Alonso glaubt: &#8222;Stoppuhr wird sagen, wann es Zeit ist&#8220; <\/p>\n<p>Zwar r\u00e4umt er trotzdem ein: &#8222;Gleichzeitig muss man eben auch sp\u00fcren, wann der richtige Zeitpunkt gekommen ist&#8220;, dennoch beruhigt Alonso seine Fans auch ein wenig: &#8222;Den sp\u00fcre ich im Moment aber noch nicht. Ich steige morgen ins Auto, stehe am Sonntag auf dem Grid &#8211; und ich bin einfach gl\u00fccklich, da zu sein. Ich bin motiviert, f\u00fchle mich gut, performe stark.&#8220;<\/p>\n<p>Vielleicht werde der Abschied aber auch ganz automatisch klar, glaubt Alonso: &#8222;Am Ende des Tages wird mir die Stoppuhr sagen, wann es Zeit ist aufzuh\u00f6ren. Vielleicht ist es irgendwann der K\u00f6rper, der nicht mehr mitmacht, vielleicht treten Schmerzen auf &#8211; das kann alles passieren. Manchmal hat man kleine Verletzungen oder ein paar schlechte Rennen. Aber solange ich fit bin und die Bedingungen stimmen, wird mir die Uhr auch sagen, wenn ich nicht mehr schnell genug bin oder keine perfekte Runde mehr zusammenbekomme.&#8220;<\/p>\n<p>Aktuell sehe er aber keine derartigen Anzeichen: &#8222;Im Moment bin ich damit sehr zufrieden. Ich freue mich, dass ich Teil der Startaufstellung bin. Und selbst wenn das Ergebnis am Sonntag entt\u00e4uschend ist, bin ich sofort motiviert, zum n\u00e4chsten Rennen zu fahren, das letzte abzuhaken und es besser zu machen&#8220;, versichert Alonso: &#8222;All diese Emotionen sind nach wie vor sehr lebendig in mir &#8211; nur gibt es eben keine Garantie, dass das f\u00fcr immer so bleibt.&#8220;<\/p>\n","protected":false},"excerpt":{"rendered":"(Motorsport-Total.com) &#8211; Die Formel 1 gastiert in Barcelona: Hier feierte Fernando Alonso seinen letzten Sieg in der K\u00f6nigsklasse,&hellip;\n","protected":false},"author":2,"featured_media":150162,"comment_status":"","ping_status":"","sticky":false,"template":"","format":"standard","meta":{"footnotes":""},"categories":[136],"tags":[29,1641,1642,1640,1645,1643,1639,30,1644,1638,265],"class_list":{"0":"post-150161","1":"post","2":"type-post","3":"status-publish","4":"format-standard","5":"has-post-thumbnail","7":"category-sport","8":"tag-deutschland","9":"tag-f1-news","10":"tag-formel-1-heute","11":"tag-formel-1-news","12":"tag-formel-1news","13":"tag-formel-eins-news","14":"tag-formel1-news","15":"tag-germany","16":"tag-news-formel-1","17":"tag-news-formel1","18":"tag-sport"},"share_on_mastodon":{"url":"https:\/\/pubeurope.com\/@de\/114593913020444494","error":""},"_links":{"self":[{"href":"https:\/\/www.europesays.com\/de\/wp-json\/wp\/v2\/posts\/150161","targetHints":{"allow":["GET"]}}],"collection":[{"href":"https:\/\/www.europesays.com\/de\/wp-json\/wp\/v2\/posts"}],"about":[{"href":"https:\/\/www.europesays.com\/de\/wp-json\/wp\/v2\/types\/post"}],"author":[{"embeddable":true,"href":"https:\/\/www.europesays.com\/de\/wp-json\/wp\/v2\/users\/2"}],"replies":[{"embeddable":true,"href":"https:\/\/www.europesays.com\/de\/wp-json\/wp\/v2\/comments?post=150161"}],"version-history":[{"count":0,"href":"https:\/\/www.europesays.com\/de\/wp-json\/wp\/v2\/posts\/150161\/revisions"}],"wp:featuredmedia":[{"embeddable":true,"href":"https:\/\/www.europesays.com\/de\/wp-json\/wp\/v2\/media\/150162"}],"wp:attachment":[{"href":"https:\/\/www.europesays.com\/de\/wp-json\/wp\/v2\/media?parent=150161"}],"wp:term":[{"taxonomy":"category","embeddable":true,"href":"https:\/\/www.europesays.com\/de\/wp-json\/wp\/v2\/categories?post=150161"},{"taxonomy":"post_tag","embeddable":true,"href":"https:\/\/www.europesays.com\/de\/wp-json\/wp\/v2\/tags?post=150161"}],"curies":[{"name":"wp","href":"https:\/\/api.w.org\/{rel}","templated":true}]}}