{"id":150169,"date":"2025-05-30T00:21:10","date_gmt":"2025-05-30T00:21:10","guid":{"rendered":"https:\/\/www.europesays.com\/de\/150169\/"},"modified":"2025-05-30T00:21:10","modified_gmt":"2025-05-30T00:21:10","slug":"un-plant-entlassung-von-6900-mitarbeitern","status":"publish","type":"post","link":"https:\/\/www.europesays.com\/de\/150169\/","title":{"rendered":"UN plant Entlassung von 6900 Mitarbeitern"},"content":{"rendered":"<p>Seit die Trump-Regierung die Beitr\u00e4ge der USA f\u00fcr die Vereinten Nationen gek\u00fcrzt, stehen diese unter gro\u00dfem finanziellem Druck. Nun sollen Konsequenzen bezogen werden. Auch die Zusammenlegung einzelner Institutionen steht zur Debatte.<\/p>\n<p class=\"is-first-paragraph\" data-external=\"Article.FirstParagraph\">Die <a class=\"is-link c-block-items__link c-link--rich-text-renderer\" href=\"https:\/\/www.welt.de\/politik\/ausland\/article256049246\/Vertrauliches-Papier-UN-will-ihre-Strukturen-offenbar-drastisch-umbauen.html\" data-internal-tracking-enabled=\"true\" data-internal-tracking=\"{&quot;action&quot;:&quot;click&quot;,&quot;label&quot;:&quot;link&quot;,&quot;name&quot;:&quot;Inline Element&quot;,&quot;data&quot;:{&quot;source&quot;:&quot;&quot;,&quot;target&quot;:&quot;https:\/\/www.welt.de\/politik\/ausland\/article256049246\/Vertrauliches-Papier-UN-will-ihre-Strukturen-offenbar-drastisch-umbauen.html&quot;,&quot;trackingName&quot;:&quot;&quot;,&quot;trackingLabel&quot;:&quot;&quot;}}\" target=\"_blank\" rel=\"noopener\">Vereinten Nationen<\/a> erw\u00e4gen den Abbau von 6900 Arbeitspl\u00e4tzen und wollen ihren Haushalt im Volumen von 3,7 Milliarden Dollar um 20 Prozent k\u00fcrzen. Das geht aus einem internen Memorandum hervor, das Reuters vorliegt. In dem Papier werden die UN-Mitarbeiter aufgefordert, bis zum 13. Juni detaillierte Vorschl\u00e4ge f\u00fcr K\u00fcrzungen zu machen. <\/p>\n<p>Die Finanzkrise bei den Vereinten Nationen ist zum Teil auf die USA zur\u00fcckzuf\u00fchren, die ihre Zahlungen teilweise gestoppt hat. Die USA kamen bislang f\u00fcr fast ein Viertel des j\u00e4hrlichen Budgets der Weltorganisation auf. US-Pr\u00e4sident Donald Trump hat die UN mehrfach wegen ihres Kurses kritisiert und Mittel gek\u00fcrzt.<\/p>\n<p>Der Verfasser des Memos, UN-Kontrolleur Chandramouli Ramanathan, nannte keine Gr\u00fcnde f\u00fcr den Zahlungsausfall der USA. Er wies darauf hin, dass die K\u00fcrzungen Teil einer \u00dcberpr\u00fcfung sind. \u201eEs ist ein ehrgeiziges Unterfangen, um sicherzustellen, dass die Vereinten Nationen ihren Zweck erf\u00fcllen, um den Multilateralismus des 21. Jahrhunderts zu unterst\u00fctzen, menschliches Leid zu verringern und ein besseres Leben und eine bessere Zukunft f\u00fcr alle zu schaffen\u201c, erkl\u00e4rte er. Die K\u00fcrzungen w\u00fcrden am 1. Januar 2026 in Kraft treten.<\/p>\n<p>UN-Generalsekret\u00e4r <a class=\"is-link c-block-items__link c-link--rich-text-renderer\" href=\"https:\/\/www.welt.de\/politik\/ausland\/article256117326\/Vereinte-Nationen-Guterres-wirbt-in-Deutschland-fuer-UN-Unterstuetzung-Merz-mahnt-Reformen-an.html\" data-internal-tracking-enabled=\"true\" data-internal-tracking=\"{&quot;action&quot;:&quot;click&quot;,&quot;label&quot;:&quot;link&quot;,&quot;name&quot;:&quot;Inline Element&quot;,&quot;data&quot;:{&quot;source&quot;:&quot;&quot;,&quot;target&quot;:&quot;https:\/\/www.welt.de\/politik\/ausland\/article256117326\/Vereinte-Nationen-Guterres-wirbt-in-Deutschland-fuer-UN-Unterstuetzung-Merz-mahnt-Reformen-an.html&quot;,&quot;trackingName&quot;:&quot;&quot;,&quot;trackingLabel&quot;:&quot;&quot;}}\" target=\"_blank\" rel=\"noopener\">Antonio Guterres<\/a> erw\u00e4gt nach eigenen Worten unter anderem die Verkleinerung oder Zusammenlegung einzelner UN-Abteilungen oder die Verlegung von UN-Standorten in preiswertere St\u00e4dte. \u201eT\u00e4uschen Sie sich nicht: Unbequeme und schwierige Entscheidungen liegen vor uns. Es mag einfacher und sogar verlockend sein, sie zu ignorieren oder die Sache auf die lange Bank zu schieben. Aber dieser Weg ist eine Sackgasse\u201c, hatte er gewarnt. <\/p>\n<p>rtr\/fhs<\/p>\n","protected":false},"excerpt":{"rendered":"Seit die Trump-Regierung die Beitr\u00e4ge der USA f\u00fcr die Vereinten Nationen gek\u00fcrzt, stehen diese unter gro\u00dfem finanziellem Druck.&hellip;\n","protected":false},"author":2,"featured_media":150170,"comment_status":"","ping_status":"","sticky":false,"template":"","format":"standard","meta":{"footnotes":""},"categories":[3],"tags":[29058,114,43350,13,14,15,110,12,10,8,9,11,113,12058,64,103,104],"class_list":{"0":"post-150169","1":"post","2":"type-post","3":"status-publish","4":"format-standard","5":"has-post-thumbnail","7":"category-welt","8":"tag-antonio","9":"tag-donald-geb-1946","10":"tag-guterres","11":"tag-headlines","12":"tag-nachrichten","13":"tag-news","14":"tag-newsteam","15":"tag-schlagzeilen","16":"tag-top-news","17":"tag-top-meldungen","18":"tag-topmeldungen","19":"tag-topnews","20":"tag-trump","21":"tag-united-nations-organization-uno","22":"tag-usa","23":"tag-welt","24":"tag-world"},"share_on_mastodon":{"url":"https:\/\/pubeurope.com\/@de\/114593928555183065","error":""},"_links":{"self":[{"href":"https:\/\/www.europesays.com\/de\/wp-json\/wp\/v2\/posts\/150169","targetHints":{"allow":["GET"]}}],"collection":[{"href":"https:\/\/www.europesays.com\/de\/wp-json\/wp\/v2\/posts"}],"about":[{"href":"https:\/\/www.europesays.com\/de\/wp-json\/wp\/v2\/types\/post"}],"author":[{"embeddable":true,"href":"https:\/\/www.europesays.com\/de\/wp-json\/wp\/v2\/users\/2"}],"replies":[{"embeddable":true,"href":"https:\/\/www.europesays.com\/de\/wp-json\/wp\/v2\/comments?post=150169"}],"version-history":[{"count":0,"href":"https:\/\/www.europesays.com\/de\/wp-json\/wp\/v2\/posts\/150169\/revisions"}],"wp:featuredmedia":[{"embeddable":true,"href":"https:\/\/www.europesays.com\/de\/wp-json\/wp\/v2\/media\/150170"}],"wp:attachment":[{"href":"https:\/\/www.europesays.com\/de\/wp-json\/wp\/v2\/media?parent=150169"}],"wp:term":[{"taxonomy":"category","embeddable":true,"href":"https:\/\/www.europesays.com\/de\/wp-json\/wp\/v2\/categories?post=150169"},{"taxonomy":"post_tag","embeddable":true,"href":"https:\/\/www.europesays.com\/de\/wp-json\/wp\/v2\/tags?post=150169"}],"curies":[{"name":"wp","href":"https:\/\/api.w.org\/{rel}","templated":true}]}}