{"id":150195,"date":"2025-05-30T00:35:11","date_gmt":"2025-05-30T00:35:11","guid":{"rendered":"https:\/\/www.europesays.com\/de\/150195\/"},"modified":"2025-05-30T00:35:11","modified_gmt":"2025-05-30T00:35:11","slug":"naechste-ortschaftsratssitzung-am-4-juni-2025","status":"publish","type":"post","link":"https:\/\/www.europesays.com\/de\/150195\/","title":{"rendered":"N\u00e4chste Ortschaftsratssitzung am 4. Juni 2025"},"content":{"rendered":"<p>Der Ortschaftsrat Durlach kommt unter der Leitung von Ortsvorsteherin Alexandra Ries zu seiner n\u00e4chsten \u00f6ffentlichen Sitzung am Mittwoch, 4. Juni 2025, um 17 Uhr, zusammen. Im B\u00fcrgersaal des Rathauses, Pfinztalstra\u00dfe 33, beraten die Stadtteilvertreterinnen und Stadtteilvertreter \u00fcber folgende<\/p>\n<p>Tagesordnung<\/p>\n<ol>\n<li>B\u00fcrgerfragestunde<\/li>\n<li>Vorstellung der Umbauma\u00dfnahmen im Bereich B3 \/ Z\u00fcndh\u00fctle<\/li>\n<li>Beschluss \u00fcber die Aktualisierung und \u00c4nderungen der Gesch\u00e4ftsordnung des Ortschaftsrats Durlach<\/li>\n<li>Entw\u00e4sserung im Lenzenhubweg<br \/>Antrag der CDU-OR-Fraktion<\/li>\n<li>Einrichtung zweier Modalfilter im Bereich der Turmberg-Aussichtsplattform<br \/>Antrag der B\u00b490\/DIE GR\u00dcNEN-OR-Fraktion<\/li>\n<li>Mitteilungen des Stadtamtes Durlach<\/li>\n<li>M\u00fcndliche Fragen<\/li>\n<\/ol>\n","protected":false},"excerpt":{"rendered":"Der Ortschaftsrat Durlach kommt unter der Leitung von Ortsvorsteherin Alexandra Ries zu seiner n\u00e4chsten \u00f6ffentlichen Sitzung am Mittwoch,&hellip;\n","protected":false},"author":2,"featured_media":150196,"comment_status":"","ping_status":"","sticky":false,"template":"","format":"standard","meta":{"footnotes":""},"categories":[1844],"tags":[1634,3364,29,30,8903,53563,42056],"class_list":{"0":"post-150195","1":"post","2":"type-post","3":"status-publish","4":"format-standard","5":"has-post-thumbnail","7":"category-karlsruhe","8":"tag-baden-wuerttemberg","9":"tag-de","10":"tag-deutschland","11":"tag-germany","12":"tag-karlsruhe","13":"tag-ortschaftsratssitzung","14":"tag-stadtamt-durlach"},"share_on_mastodon":{"url":"https:\/\/pubeurope.com\/@de\/114593983640766488","error":""},"_links":{"self":[{"href":"https:\/\/www.europesays.com\/de\/wp-json\/wp\/v2\/posts\/150195","targetHints":{"allow":["GET"]}}],"collection":[{"href":"https:\/\/www.europesays.com\/de\/wp-json\/wp\/v2\/posts"}],"about":[{"href":"https:\/\/www.europesays.com\/de\/wp-json\/wp\/v2\/types\/post"}],"author":[{"embeddable":true,"href":"https:\/\/www.europesays.com\/de\/wp-json\/wp\/v2\/users\/2"}],"replies":[{"embeddable":true,"href":"https:\/\/www.europesays.com\/de\/wp-json\/wp\/v2\/comments?post=150195"}],"version-history":[{"count":0,"href":"https:\/\/www.europesays.com\/de\/wp-json\/wp\/v2\/posts\/150195\/revisions"}],"wp:featuredmedia":[{"embeddable":true,"href":"https:\/\/www.europesays.com\/de\/wp-json\/wp\/v2\/media\/150196"}],"wp:attachment":[{"href":"https:\/\/www.europesays.com\/de\/wp-json\/wp\/v2\/media?parent=150195"}],"wp:term":[{"taxonomy":"category","embeddable":true,"href":"https:\/\/www.europesays.com\/de\/wp-json\/wp\/v2\/categories?post=150195"},{"taxonomy":"post_tag","embeddable":true,"href":"https:\/\/www.europesays.com\/de\/wp-json\/wp\/v2\/tags?post=150195"}],"curies":[{"name":"wp","href":"https:\/\/api.w.org\/{rel}","templated":true}]}}