{"id":150804,"date":"2025-05-30T06:19:09","date_gmt":"2025-05-30T06:19:09","guid":{"rendered":"https:\/\/www.europesays.com\/de\/150804\/"},"modified":"2025-05-30T06:19:09","modified_gmt":"2025-05-30T06:19:09","slug":"deutschland-holland-heute-im-free-tv-wer-uebertraegt-die-dfb-frauen-live-sport","status":"publish","type":"post","link":"https:\/\/www.europesays.com\/de\/150804\/","title":{"rendered":"Deutschland \u2013 Holland heute im FREE-TV: Wer \u00fcbertr\u00e4gt die DFB-Frauen live? | Sport"},"content":{"rendered":"<p><b>Spitzenduell in der Gruppe 1!<\/b><\/p>\n<p>Die DFB-Frauen treffen im Kampf ums Finalturnier auf Holland. Am 5. Spieltag der Nations League muss die deutsche Mannschaft in Bremen ran. Ansto\u00df ist heute (Freitag, 30. Mai) um 20.30 Uhr.<\/p>\n<p>DFB-Frauen heute im Free-TV: Wer \u00fcbertr\u00e4gt Deutschland \u2013 Holland live?<\/p>\n<p><b>Ja! Das ZDF zeigt die Begegnung im Free-TV und im kostenlosen Livestream. Ab 20.15 Uhr begleiten Moderatorin Katja Streso, ZDF-Expertin Kathrin Lehmann und Kommentatorin Claudia Neumann das <\/b><a href=\"https:\/\/www.bild.de\/sport\/fussball\/nationalmannschaft\/home-15770882.bild.html\" class=\"text-link\" target=\"_blank\" rel=\"noopener\"><b>DFB<\/b><\/a><b>-Spiel.<\/b><\/p>\n<p>Lesen Sie auch<\/p>\n<p>Letztes Heimspiel vor der <a href=\"https:\/\/www.bild.de\/sport\/fussball\/frauen-em-2025-spielplan-gegen-wen-spielen-die-dfb-frauen-6809e13eafb6aa49f3dc0789\" class=\"text-link\" target=\"_blank\" rel=\"noopener\">Europameisterschaft<\/a>! Nach den beiden Nations-League-Gruppenspielen gegen die Niederlande und \u00d6sterreich (3. Juni) steht die n\u00e4chste Aufgabe auf dem Programm: Ab dem 2. Juli l\u00e4uft das Rennen ums EM-Finale. In der Gruppe C muss Deutschland gegen Polen, D\u00e4nemark und Schweden ran. Das erste DFB-Spiel steigt am 4. Juli in St. Gallen.<\/p>\n<p><b>Bevor es zur EM geht, wollen die deutschen Frauen den Gruppensieg in der Nations League perfekt machen. Gegen die Niederl\u00e4nderinnen w\u00e4re eine erste Vorentscheidung m\u00f6glich, beide L\u00e4nder stehen mit zehn Z\u00e4hlern punktgleich da.<\/b><\/p>\n<p>Nat\u00fcrlich geht es in den kommenden Duellen auch darum, den EM-Kader zu finalisieren. Dem NDR erkl\u00e4rte Bundestrainer Christian W\u00fcck (51): \u201eAuf einigen Positionen haben wir Spielerinnen, die ich zur Weltklasse z\u00e4hle. Aber auf anderen Positionen sind wir noch nicht zu hundert Prozent zufrieden. Da m\u00fcssen wir schauen, welche L\u00f6sungen wir finden.\u201c<\/p>\n<p>Bayern-Frauen eskalieren!: SIE feiert wilder als Thomas M\u00fcller<a href=\"https:\/\/www.bild.de\/sport\/fussball\/bayern-frauen-eskalieren-sie-feiert-wilder-als-thomas-mueller-68357eb2ab81fd1d6dbf5332\" class=\"anchor\" target=\"_blank\" rel=\"noopener\"><img decoding=\"async\" width=\"992\" height=\"558\" alt=\"FC Bayern-Frauen feiern wilder als Thomas M\u00fcller\" src=\"https:\/\/www.europesays.com\/de\/wp-content\/uploads\/2025\/05\/a985a3301943e89b1c5b7396265d8a6c,460ae19a\"   class=\"landscape teaser__image\" loading=\"lazy\"\/><\/a><\/p>\n<p>Quelle: BILD \/ DAZN \/ TikTok@tuvahansen628.05.2025<\/p>\n<p>Mit Blick auf die Europameisterschaft meinte W\u00fcck au\u00dferdem: \u201eIch wei\u00df gar nicht, ob man gro\u00df \u00fcber Ziele reden muss. Jede Nation, die an dieser Euro teilnimmt, hat reelle M\u00f6glichkeiten, den Titel mit nach Hause zu nehmen.\u201c<\/p>\n<p><b>Und: \u201eDass wir uns auch Chancen ausrechnen, geh\u00f6rt f\u00fcr so eine gro\u00dfe Fu\u00dfballnation, wie es Deutschland nun einmal ist, definitiv dazu. Aber nat\u00fcrlich sind wir uns bewusst, dass wir noch viel Arbeit vor uns haben.\u201c<\/b><\/p>\n<p>Die n\u00e4chste Aufgabe sind die Niederl\u00e4nderinnen. Im Hinspiel im Februar gab es nur ein 2:2.<\/p>\n","protected":false},"excerpt":{"rendered":"Spitzenduell in der Gruppe 1! Die DFB-Frauen treffen im Kampf ums Finalturnier auf Holland. Am 5. Spieltag der&hellip;\n","protected":false},"author":2,"featured_media":150805,"comment_status":"","ping_status":"","sticky":false,"template":"","format":"standard","meta":{"footnotes":""},"categories":[2],"tags":[331,3924,332,3922,3364,1260,29,6578,6579,347,30,13,14,3923,15,3921,12,1927,45,684,1448],"class_list":{"0":"post-150804","1":"post","2":"type-post","3":"status-publish","4":"format-standard","5":"has-post-thumbnail","7":"category-deutschland","8":"tag-aktuelle-nachrichten","9":"tag-aktuelle-nachrichten-aus-deutschland","10":"tag-aktuelle-news","11":"tag-aktuelle-news-aus-deutschland","12":"tag-de","13":"tag-deutsche-nationalmannschaft","14":"tag-deutschland","15":"tag-frauen-fussball","16":"tag-frauen-nationalmannschaften","17":"tag-fussball","18":"tag-germany","19":"tag-headlines","20":"tag-nachrichten","21":"tag-nachrichten-aus-deutschland","22":"tag-news","23":"tag-news-aus-deutschland","24":"tag-schlagzeilen","25":"tag-sport-standard","26":"tag-texttospeech","27":"tag-tv","28":"tag-zdf"},"share_on_mastodon":{"url":"https:\/\/pubeurope.com\/@de\/114595336292362411","error":""},"_links":{"self":[{"href":"https:\/\/www.europesays.com\/de\/wp-json\/wp\/v2\/posts\/150804","targetHints":{"allow":["GET"]}}],"collection":[{"href":"https:\/\/www.europesays.com\/de\/wp-json\/wp\/v2\/posts"}],"about":[{"href":"https:\/\/www.europesays.com\/de\/wp-json\/wp\/v2\/types\/post"}],"author":[{"embeddable":true,"href":"https:\/\/www.europesays.com\/de\/wp-json\/wp\/v2\/users\/2"}],"replies":[{"embeddable":true,"href":"https:\/\/www.europesays.com\/de\/wp-json\/wp\/v2\/comments?post=150804"}],"version-history":[{"count":0,"href":"https:\/\/www.europesays.com\/de\/wp-json\/wp\/v2\/posts\/150804\/revisions"}],"wp:featuredmedia":[{"embeddable":true,"href":"https:\/\/www.europesays.com\/de\/wp-json\/wp\/v2\/media\/150805"}],"wp:attachment":[{"href":"https:\/\/www.europesays.com\/de\/wp-json\/wp\/v2\/media?parent=150804"}],"wp:term":[{"taxonomy":"category","embeddable":true,"href":"https:\/\/www.europesays.com\/de\/wp-json\/wp\/v2\/categories?post=150804"},{"taxonomy":"post_tag","embeddable":true,"href":"https:\/\/www.europesays.com\/de\/wp-json\/wp\/v2\/tags?post=150804"}],"curies":[{"name":"wp","href":"https:\/\/api.w.org\/{rel}","templated":true}]}}