{"id":151013,"date":"2025-05-30T08:13:08","date_gmt":"2025-05-30T08:13:08","guid":{"rendered":"https:\/\/www.europesays.com\/de\/151013\/"},"modified":"2025-05-30T08:13:08","modified_gmt":"2025-05-30T08:13:08","slug":"s1-unterbrochen-hier-muessen-fahrgaeste-in-busse-umsteigen","status":"publish","type":"post","link":"https:\/\/www.europesays.com\/de\/151013\/","title":{"rendered":"S1 unterbrochen \u2013 Hier m\u00fcssen Fahrg\u00e4ste in Busse umsteigen"},"content":{"rendered":"<p class=\"font-sans font-medium\">Berlin. Auf einer viel genutzten S-Bahn-Strecke im S\u00fcden Berlins rollen wegen Bauarbeiten keine Z\u00fcge. Stattdessen fahren Busse.<\/p>\n<p>Fahrg\u00e4ste der <a href=\"https:\/\/www.morgenpost.de\/berlin\/s-bahn-berlin\/\" target=\"_blank\" rel=\"nofollow noopener\">S-Bahn Berlin<\/a> m\u00fcssen mehr Zeit einplanen: Wegen Bauarbeiten ist die Linie <strong>S1<\/strong> zwischen <a href=\"https:\/\/www.morgenpost.de\/bezirke\/tempelhof-schoeneberg\/\" target=\"_blank\" rel=\"nofollow noopener\">Sch\u00f6neberg<\/a> und <a href=\"https:\/\/www.morgenpost.de\/bezirke\/steglitz-zehlendorf\/\" target=\"_blank\" rel=\"nofollow noopener\">Botanischer Garten<\/a> unterbrochen. Bedeutet: An den Stationen Rathaus Steglitz, Feuerbachstra\u00dfe und Friedenau fahren keine Z\u00fcge. Noch bis zum Montag (2. Juni 2025) gegen 1.30 Uhr besteht zwischen den Haltestellen ein Ersatzverkehr mit Bussen.<\/p>\n<p>  SEV-Haltestellen: Botanischer Garten &gt; Sch\u00f6neberg <\/p>\n<p>   SEV-Haltestellen: S Sch\u00f6neberg &gt; S Botanischer Garten <\/p>\n<p rel=\"author\" class=\"text-brand\">JP<\/p>\n","protected":false},"excerpt":{"rendered":"Berlin. Auf einer viel genutzten S-Bahn-Strecke im S\u00fcden Berlins rollen wegen Bauarbeiten keine Z\u00fcge. Stattdessen fahren Busse. Fahrg\u00e4ste&hellip;\n","protected":false},"author":2,"featured_media":151014,"comment_status":"","ping_status":"","sticky":false,"template":"","format":"standard","meta":{"footnotes":""},"categories":[1825],"tags":[1941,1939,296,1937,29,30,1940,1938],"class_list":{"0":"post-151013","1":"post","2":"type-post","3":"status-publish","4":"format-standard","5":"has-post-thumbnail","7":"category-berlin","8":"tag-aktuelle-nachrichten-aus-berlin","9":"tag-aktuelle-news-aus-berlin","10":"tag-berlin","11":"tag-berlin-news","12":"tag-deutschland","13":"tag-germany","14":"tag-nachrichten-aus-berlin","15":"tag-news-aus-berlin"},"share_on_mastodon":{"url":"https:\/\/pubeurope.com\/@de\/114595784586637842","error":""},"_links":{"self":[{"href":"https:\/\/www.europesays.com\/de\/wp-json\/wp\/v2\/posts\/151013","targetHints":{"allow":["GET"]}}],"collection":[{"href":"https:\/\/www.europesays.com\/de\/wp-json\/wp\/v2\/posts"}],"about":[{"href":"https:\/\/www.europesays.com\/de\/wp-json\/wp\/v2\/types\/post"}],"author":[{"embeddable":true,"href":"https:\/\/www.europesays.com\/de\/wp-json\/wp\/v2\/users\/2"}],"replies":[{"embeddable":true,"href":"https:\/\/www.europesays.com\/de\/wp-json\/wp\/v2\/comments?post=151013"}],"version-history":[{"count":0,"href":"https:\/\/www.europesays.com\/de\/wp-json\/wp\/v2\/posts\/151013\/revisions"}],"wp:featuredmedia":[{"embeddable":true,"href":"https:\/\/www.europesays.com\/de\/wp-json\/wp\/v2\/media\/151014"}],"wp:attachment":[{"href":"https:\/\/www.europesays.com\/de\/wp-json\/wp\/v2\/media?parent=151013"}],"wp:term":[{"taxonomy":"category","embeddable":true,"href":"https:\/\/www.europesays.com\/de\/wp-json\/wp\/v2\/categories?post=151013"},{"taxonomy":"post_tag","embeddable":true,"href":"https:\/\/www.europesays.com\/de\/wp-json\/wp\/v2\/tags?post=151013"}],"curies":[{"name":"wp","href":"https:\/\/api.w.org\/{rel}","templated":true}]}}