{"id":151021,"date":"2025-05-30T08:17:11","date_gmt":"2025-05-30T08:17:11","guid":{"rendered":"https:\/\/www.europesays.com\/de\/151021\/"},"modified":"2025-05-30T08:17:11","modified_gmt":"2025-05-30T08:17:11","slug":"video-highlights-gidsel-gala-fuechse-berlin-deklassieren-melsungen-im-spitzenspiel-handball-bundesliga-video","status":"publish","type":"post","link":"https:\/\/www.europesays.com\/de\/151021\/","title":{"rendered":"Video-Highlights: Gidsel-Gala \u2013 F\u00fcchse Berlin deklassieren Melsungen im Spitzenspiel &#8211; Handball-Bundesliga &#8211; Video"},"content":{"rendered":"<p>Artikeltyp:VideoHandball-Bundesliga<\/p>\n<p>Gidsel-Gala \u2013 F\u00fcchse Berlin deklassieren Melsungen im SpitzenspielStand: 10:05 UhrDauer: 4 Minuten<img src=\"https:\/\/www.europesays.com\/de\/wp-content\/uploads\/2025\/05\/1748593031_644_fuechse-berlin-mt-melsungen.jpeg\" class=\"c-picture__image\" alt=\"\" loading=\"eager\" decoding=\"sync\" fetchpriority=\"high\"\/><\/p>\n<p>Die F\u00fcchse Berlin setzen ein dickes Ausrufezeichen im Kampf um die HBL-Meisterschaft. Der Tabellenf\u00fchrer l\u00e4sst Verfolger MT Melsungen im Spitzenspiel keine Chance. \u00dcberragender Akteur ist Mathias Gidsel mit 15 Toren. Die Highlights im Video.<\/p>\n<p data-external=\"Article.FirstParagraph\">Spiel Highlights zu F\u00fcchse Berlin &#8211; MT Melsungen<\/p>\n<p>\u00a9 Axel Springer Deutschland GmbH. Alle Rechte vorbehalten.<\/p>\n","protected":false},"excerpt":{"rendered":"Artikeltyp:VideoHandball-Bundesliga Gidsel-Gala \u2013 F\u00fcchse Berlin deklassieren Melsungen im SpitzenspielStand: 10:05 UhrDauer: 4 Minuten Die F\u00fcchse Berlin setzen ein&hellip;\n","protected":false},"author":2,"featured_media":151022,"comment_status":"","ping_status":"","sticky":false,"template":"","format":"standard","meta":{"footnotes":""},"categories":[1825],"tags":[296,29,7746,30,5009],"class_list":{"0":"post-151021","1":"post","2":"type-post","3":"status-publish","4":"format-standard","5":"has-post-thumbnail","7":"category-berlin","8":"tag-berlin","9":"tag-deutschland","10":"tag-dyn-sport-streaming","11":"tag-germany","12":"tag-hbl"},"share_on_mastodon":{"url":"https:\/\/pubeurope.com\/@de\/114595800310886710","error":""},"_links":{"self":[{"href":"https:\/\/www.europesays.com\/de\/wp-json\/wp\/v2\/posts\/151021","targetHints":{"allow":["GET"]}}],"collection":[{"href":"https:\/\/www.europesays.com\/de\/wp-json\/wp\/v2\/posts"}],"about":[{"href":"https:\/\/www.europesays.com\/de\/wp-json\/wp\/v2\/types\/post"}],"author":[{"embeddable":true,"href":"https:\/\/www.europesays.com\/de\/wp-json\/wp\/v2\/users\/2"}],"replies":[{"embeddable":true,"href":"https:\/\/www.europesays.com\/de\/wp-json\/wp\/v2\/comments?post=151021"}],"version-history":[{"count":0,"href":"https:\/\/www.europesays.com\/de\/wp-json\/wp\/v2\/posts\/151021\/revisions"}],"wp:featuredmedia":[{"embeddable":true,"href":"https:\/\/www.europesays.com\/de\/wp-json\/wp\/v2\/media\/151022"}],"wp:attachment":[{"href":"https:\/\/www.europesays.com\/de\/wp-json\/wp\/v2\/media?parent=151021"}],"wp:term":[{"taxonomy":"category","embeddable":true,"href":"https:\/\/www.europesays.com\/de\/wp-json\/wp\/v2\/categories?post=151021"},{"taxonomy":"post_tag","embeddable":true,"href":"https:\/\/www.europesays.com\/de\/wp-json\/wp\/v2\/tags?post=151021"}],"curies":[{"name":"wp","href":"https:\/\/api.w.org\/{rel}","templated":true}]}}