{"id":151023,"date":"2025-05-30T08:18:12","date_gmt":"2025-05-30T08:18:12","guid":{"rendered":"https:\/\/www.europesays.com\/de\/151023\/"},"modified":"2025-05-30T08:18:12","modified_gmt":"2025-05-30T08:18:12","slug":"hollywood-star-sydney-sweeney-verkauft-ihr-eigenes-badewasser","status":"publish","type":"post","link":"https:\/\/www.europesays.com\/de\/151023\/","title":{"rendered":"Hollywood-Star Sydney Sweeney verkauft ihr eigenes Badewasser"},"content":{"rendered":"<p>            <img loading=\"lazy\" decoding=\"async\" class=\"article__img\" alt=\"Sydney Sweeney (27) verkauft ihr eigenes Badewasser in Form einer Seife.\" width=\"951\" height=\"634\" src=\"https:\/\/www.europesays.com\/de\/wp-content\/uploads\/2025\/05\/i4of55iuxkdv8mlsb6hvlwz69fnqmahp.jpg\"  \/><\/p>\n<p>            Sydney Sweeney (27) verkauft ihr eigenes Badewasser in Form einer Seife.\u00a0\u00a0\u00a9\u00a0ANGELA WEISS\/AFP<\/p>\n<p>Ganz richtig geh\u00f6rt: Die Blondine m\u00f6chte jetzt mit ihrem Badewasser Gewinn machen.<\/p>\n<p>Wie <a href=\"https:\/\/pagesix.com\/2025\/05\/29\/style\/sydney-sweeney-selling-her-bath-water-in-dr-squatch-soap\/\" target=\"_blank\" rel=\"noopener nofollow\" data-vars-href=\"https:\/\/pagesix.com\/2025\/05\/29\/style\/sydney-sweeney-selling-her-bath-water-in-dr-squatch-soap\/\" data-vars->Page Six<\/a> berichtete, machte sie bereits vor wenigen Wochen Werbung f\u00fcr die Seifenmarke &#8222;Dr. Squatch&#8220;. Dabei zog die Schauspielerin blank und posierte in einer Wanne.<\/p>\n<p>Genau das schien ihren Fans extrem zu gefallen. Online hatten diese immer wieder nach dem Badewasser gefragt &#8211; also dachte sich die 27-J\u00e4hrige: wieso nicht?<\/p>\n<p>                             <a data-aid=\"3390419\" data-atype=\"news\" data-aplacement=\"inread-article\" data-aplacementid=\"3390501\" href=\"https:\/\/www.tag24.de\/unterhaltung\/promis\/annemarie-eilfeld-ist-mit-neuem-album-zurueck-und-gewaehrt-einblick-in-ihre-seele-3390419\" rel=\"nofollow noopener\" target=\"_blank\"><img loading=\"lazy\" decoding=\"async\" width=\"85\" height=\"57\" alt=\"Annemarie Eilfeld ist mit neuem Album zur\u00fcck und gew\u00e4hrt Einblick in ihre Seele\" src=\"https:\/\/www.europesays.com\/de\/wp-content\/uploads\/2025\/05\/dp22wn4bgwo487jks4s1laulabu8cxd6.jpg\"\/><\/a><\/p>\n<p>            Promis &amp; Stars<br \/>\n                            <a class=\"inread-article__headline\" data-aid=\"3390419\" data-atype=\"news\" data-aplacement=\"inread-article\" data-aplacementid=\"3390501\" href=\"https:\/\/www.tag24.de\/unterhaltung\/promis\/annemarie-eilfeld-ist-mit-neuem-album-zurueck-und-gewaehrt-einblick-in-ihre-seele-3390419\" rel=\"nofollow noopener\" target=\"_blank\">Annemarie Eilfeld ist mit neuem Album zur\u00fcck und gew\u00e4hrt Einblick in ihre Seele<\/a><\/p>\n<p>In einer Pressemitteilung erkl\u00e4rte &#8222;Dr. Squatch&#8220;, dass die limitierte Seife mit einem Spritzer aus Sweeneys Planschwasser hergestellt wurde. Das Ganze tr\u00e4gt den Namen &#8222;Sydney\u2019s Bathwater Bliss&#8220; (zu Deutsch: Sydneys Badewasser-Gl\u00fcck).<\/p>\n<p><b>Der Duft soll laut der Firma die zwei besten Orte der Welt einfangen: &#8222;die freie Natur und Sydney Sweeneys Badewanne&#8220;.<\/b><\/p>\n<p>            <img decoding=\"async\" class=\"article__img\" alt=\"Die Seife mit Sydney Sweeneys Badewasser ist auf 5000 St\u00fcck limitiert.\" width=\"951\" height=\"634\" loading=\"lazy\" src=\"https:\/\/www.europesays.com\/de\/wp-content\/uploads\/2025\/05\/9m72uxzm2n0uhcj7dpq0efjdnzh8csot.jpg\"  \/><\/p>\n<p>            Die Seife mit Sydney Sweeneys Badewasser ist auf 5000 St\u00fcck limitiert.\u00a0\u00a0\u00a9\u00a0ETHAN MILLERGETTY IMAGES NORTH AMERICAGetty Images via AFP<\/p>\n<p>&#8222;Wenn deine Fans anfangen, nach deinem Badewasser zu fragen, kannst du es ignorieren &#8211; oder du machst eine &#8218;Dr.-Squatch&#8216;-Seife draus&#8220;, so die <a href=\"https:\/\/www.tag24.de\/thema\/aus-aller-welt\/usa\" rel=\"nofollow noopener\" target=\"_blank\">US-Schauspielerin<\/a>.<\/p>\n<p>Sie f\u00fcgte hinzu, dass es zwar etwas seltsam sei &#8211; allerdings auf die beste Weise. Au\u00dferdem liebe sie es, dass sie es geschafft haben, etwas zu kreieren, das unvergesslich ist.<\/p>\n<p>Eine Sache ist der Blondine allerdings besonders wichtig: &#8222;Hoffentlich hilft das dabei, M\u00e4nnern die Augen zu \u00f6ffnen &#8211; f\u00fcr herk\u00f6mmliche Pflegeprodukte und den Weg zu nat\u00fcrlichen Alternativen.&#8220; <\/p>\n<p>                             <a data-aid=\"3390366\" data-atype=\"news\" data-aplacement=\"inread-article\" data-aplacementid=\"3390501\" href=\"https:\/\/www.tag24.de\/unterhaltung\/promis\/disco-legenden-kool-the-gang-unter-schock-mitglied-wird-bei-unfall-getoetet-3390366\" rel=\"nofollow noopener\" target=\"_blank\"><img loading=\"lazy\" decoding=\"async\" width=\"85\" height=\"57\" alt=\"Disco-Legenden &quot;Kool &amp; the Gang&quot; unter Schock: Mitglied wird bei Unfall get\u00f6tet\" src=\"https:\/\/www.europesays.com\/de\/wp-content\/uploads\/2025\/05\/xwh8rptq0cgyfwp7uxkb095bh9dpkyty.jpg\"\/><\/a><\/p>\n<p>            Promis &amp; Stars<br \/>\n                            <a class=\"inread-article__headline\" data-aid=\"3390366\" data-atype=\"news\" data-aplacement=\"inread-article\" data-aplacementid=\"3390501\" href=\"https:\/\/www.tag24.de\/unterhaltung\/promis\/disco-legenden-kool-the-gang-unter-schock-mitglied-wird-bei-unfall-getoetet-3390366\" rel=\"nofollow noopener\" target=\"_blank\">Disco-Legenden &#8222;Kool &amp; the Gang&#8220; unter Schock: Mitglied wird bei Unfall get\u00f6tet<\/a><\/p>\n<p>Dennoch ist die ungew\u00f6hnliche Seife streng limitiert &#8211; gerade einmal 5000 St\u00fcck werden am kommenden Freitag verkauft. Umgerechnet rund sieben Euro wird das Reinigungsmittel kosten.<\/p>\n<p><b>Wer also herausfinden will, wie ein Schaumbad von Sydney Sweeney duftet, sollte sich beeilen.<\/b><\/p>\n","protected":false},"excerpt":{"rendered":"Sydney Sweeney (27) verkauft ihr eigenes Badewasser in Form einer Seife.\u00a0\u00a0\u00a9\u00a0ANGELA WEISS\/AFP Ganz richtig geh\u00f6rt: Die Blondine m\u00f6chte&hellip;\n","protected":false},"author":2,"featured_media":151024,"comment_status":"","ping_status":"","sticky":false,"template":"","format":"standard","meta":{"footnotes":""},"categories":[1776],"tags":[1801,29,214,30,1802,215],"class_list":{"0":"post-151023","1":"post","2":"type-post","3":"status-publish","4":"format-standard","5":"has-post-thumbnail","7":"category-prominente","8":"tag-celebrities","9":"tag-deutschland","10":"tag-entertainment","11":"tag-germany","12":"tag-prominente","13":"tag-unterhaltung"},"share_on_mastodon":{"url":"https:\/\/pubeurope.com\/@de\/114595804392531007","error":""},"_links":{"self":[{"href":"https:\/\/www.europesays.com\/de\/wp-json\/wp\/v2\/posts\/151023","targetHints":{"allow":["GET"]}}],"collection":[{"href":"https:\/\/www.europesays.com\/de\/wp-json\/wp\/v2\/posts"}],"about":[{"href":"https:\/\/www.europesays.com\/de\/wp-json\/wp\/v2\/types\/post"}],"author":[{"embeddable":true,"href":"https:\/\/www.europesays.com\/de\/wp-json\/wp\/v2\/users\/2"}],"replies":[{"embeddable":true,"href":"https:\/\/www.europesays.com\/de\/wp-json\/wp\/v2\/comments?post=151023"}],"version-history":[{"count":0,"href":"https:\/\/www.europesays.com\/de\/wp-json\/wp\/v2\/posts\/151023\/revisions"}],"wp:featuredmedia":[{"embeddable":true,"href":"https:\/\/www.europesays.com\/de\/wp-json\/wp\/v2\/media\/151024"}],"wp:attachment":[{"href":"https:\/\/www.europesays.com\/de\/wp-json\/wp\/v2\/media?parent=151023"}],"wp:term":[{"taxonomy":"category","embeddable":true,"href":"https:\/\/www.europesays.com\/de\/wp-json\/wp\/v2\/categories?post=151023"},{"taxonomy":"post_tag","embeddable":true,"href":"https:\/\/www.europesays.com\/de\/wp-json\/wp\/v2\/tags?post=151023"}],"curies":[{"name":"wp","href":"https:\/\/api.w.org\/{rel}","templated":true}]}}