{"id":151029,"date":"2025-05-30T08:21:11","date_gmt":"2025-05-30T08:21:11","guid":{"rendered":"https:\/\/www.europesays.com\/de\/151029\/"},"modified":"2025-05-30T08:21:11","modified_gmt":"2025-05-30T08:21:11","slug":"traumhochzeit-in-gefahr-hiobsbotschaft-fuer-erik-und-toni","status":"publish","type":"post","link":"https:\/\/www.europesays.com\/de\/151029\/","title":{"rendered":"Traumhochzeit in Gefahr! Hiobsbotschaft f\u00fcr Erik und Toni"},"content":{"rendered":"<p>GZSZ-Wochenvorschau ab dem 2. Juni Platzt die Traumhochzeit von Toni und Erik kurz vor knapp?<\/p>\n<p>00:54 min<\/p>\n<p>GZSZ-Wochenvorschau Teil 1<\/p>\n<p>Schock-Nachricht f\u00fcrs Brautpaar<\/p>\n<p class=\"Typography_text-default__wldUd Typography_align-left__koBUM AnnotatedMarkup_paragraph__IUT9l\"><strong>Hiobsbotschaft f\u00fcr Toni und Erik!<\/strong><br \/>Nur noch wenige Tage trennen <a href=\"https:\/\/www.rtl.de\/sendungen\/gzsz\/gzsz-vorschau-auf-rtl-beginnt-fuer-toni-und-erik-eine-pechstraehne-id4380041.html\" target=\"_self\" rel=\"noopener\">Toni (Olivia Marei) und Erik (Patrick Heinrich) vom sch\u00f6nsten Tag ihres Lebens<\/a>. Doch dann m\u00fcssen die beiden einen herben R\u00fcckschlag in Kauf nehmen. Als sie in ihren Briefkasten schauen, entdeckt Erik eine Nachricht ihrer Hochzeits-Location. \u201eDas ist bestimmt die Rechnung, oder?\u201c, vermutet Toni. Leider weit gefehlt! Mit dem, was am Ende im Brief steht, haben beide nicht gerechnet. <strong>\u201eDie haben unseren Termin gecancelt!\u201c<\/strong>, liest Erik fassungslos vor. Wie Toni auf diese Schocknachricht reagiert, verr\u00e4t der erste Teil der GZSZ-Wochenvorschau.<\/p>\n<p class=\"Typography_text-default__wldUd Typography_align-left__koBUM AnnotatedMarkup_paragraph__IUT9l\">Den zweiten und dritten Teil der Wochenvorschau, kommentiert von <a href=\"https:\/\/www.rtl.de\/sendungen\/gzsz\/gzsz-charlott-reschke-ist-wieder-da-mit-dieser-szene-kommt-johanna-zurueck-id4370602.html\" target=\"_self\" rel=\"noopener\">GZSZ-R\u00fcckkehrerin Charlott Reschke,<\/a> findest du ebenfalls hier \u2013 einfach runterscrollen!<\/p>\n<p>Kate stellt sich vor ihren Opa<\/p>\n<p>01:32 min<\/p>\n<p>GZSZ-Wochenvorschau Teil 2<\/p>\n<p>Kate sagt Helena endlich die Meinung<\/p>\n<p class=\"Typography_text-default__wldUd Typography_align-left__koBUM AnnotatedMarkup_paragraph__IUT9l\">Seit Wochen <a href=\"https:\/\/www.rtl.de\/sendungen\/gzsz\/gzsz-wochenvorschau-ab-12-05-25-kate-hinterlaesst-einen-abschiedsbrief-grosse-sorge-bei-emily-id4353115.html\" target=\"_self\" rel=\"noopener\">wird Kate (Zo\u00e9 Baillieu) von ihrer Freundin Helena manipuliert.<\/a> Diese kommt aus dem Umfeld einer christlich radikalen Freikirche, die vorschreibt nach extrem strengen Moralvorstellungen zu leben. Helenas Einfluss auf Kate geht so weit, dass sie keinen Kontakt mehr zu ihrem homosexuellen Opa Stefan haben wollte. F\u00fcr <a href=\"https:\/\/www.rtl.de\/sendungen\/gzsz\/gzsz-heute-im-tv-emily-ist-wegen-kate-krank-vor-sorge-id4348964.html\" target=\"_self\" rel=\"noopener\">Emily (Anne Menden) und Paul (Niklas Osterloh) war das alles eine Katastrophe<\/a>. Die beiden wussten nicht, wie sie ihre Tochter vor Helenas Einfluss h\u00e4tten sch\u00fctzen k\u00f6nnen. <br \/>Doch nach und nach scheint Kate zu realisieren, dass Helenas kruden Ansichten nicht ihre sind. Als die beiden erneut auf Stefan treffen, zeigt sich, dass Kate sich von Helena zu l\u00f6sen beginnt: Sie sagt Helena die Meinung. Endlich! Was genau passiert, zeigt der zweite Teil der Wochenvorschau.<\/p>\n<p>Lilly will keine Kinder haben<\/p>\n<p>01:05 min<\/p>\n<p>GZSZ-Wochenvorschau Teil 3<\/p>\n<p>Lilly offenbart Nihat die Baby-Wahrheit<\/p>\n<p class=\"Typography_text-default__wldUd Typography_align-left__koBUM AnnotatedMarkup_paragraph__IUT9l\"><a href=\"https:\/\/www.rtl.de\/sendungen\/gzsz\/gzsz-heute-im-tv-nihat-macht-schluss-id4367549.html\" target=\"_self\" rel=\"noopener\">Lilly (Iris Mareike Steen) und Nihat (Timur \u00dclker) m\u00fcssen erkennen, dass ihre Vorstellungen vom Leben in unterschiedliche Richtungen gehen.<\/a>. Nach <a href=\"https:\/\/www.rtl.de\/sendungen\/gzsz\/gzsz-spolier-lillys-und-nihats-trennung-sie-troestet-sich-mit-sex-id4368733.html\" target=\"_self\" rel=\"noopener\">einer kurzen Trennung<\/a> haben die beiden wieder zueinander gefunden \u2013 jedoch nur unter der Pr\u00e4misse, dass sie das Thema Familienplanung auf sp\u00e4ter verschieben. \u201eSorry, ich wollte dich nicht unter Druck setzen oder so. Wei\u00dft du was? Vergiss es einfach, der richtige Zeitpunkt wird schon noch kommen\u201c, versucht Nihat die Baby-Wogen zu gl\u00e4tten. Lilly sieht das allerdings anders, wie der dritte Teil der GZSZ-Wochenvorschau zeigt.<\/p>\n<p>Anzeige:<\/p>\n<p>Empfehlungen unserer Partner<\/p>\n<p>Die ganze GZSZ-Welt auf RTL+ schauen<\/p>\n<p class=\"Typography_text-default__wldUd Typography_align-left__koBUM AnnotatedMarkup_paragraph__IUT9l\">Neugierig geworden? <a rel=\"noopener\" href=\"https:\/\/plus.rtl.de\/video-tv\/serien\/gute-zeiten-schlechte-zeiten-6908?utm_campaign=textlink&amp;utm_source=rtl&amp;utm_medium=owned&amp;utm_term=gzsz&amp;utm_content=4385019\" target=\"_blank\">\u201eGute Zeiten, schlechte Zeiten\u201c k\u00f6nnt ihr bereits sieben Tage vor TV-Ausstrahlung auf RTL+ sehen. <\/a>(kpl)<\/p>\n","protected":false},"excerpt":{"rendered":"GZSZ-Wochenvorschau ab dem 2. Juni Platzt die Traumhochzeit von Toni und Erik kurz vor knapp? 00:54 min GZSZ-Wochenvorschau&hellip;\n","protected":false},"author":2,"featured_media":151030,"comment_status":"","ping_status":"","sticky":false,"template":"","format":"standard","meta":{"footnotes":""},"categories":[1773],"tags":[29,214,30,1807,725,1810,1809,1806,471,1780,1808,684,215],"class_list":{"0":"post-151029","1":"post","2":"type-post","3":"status-publish","4":"format-standard","5":"has-post-thumbnail","7":"category-serien","8":"tag-deutschland","9":"tag-entertainment","10":"tag-germany","11":"tag-gute-zeiten-schlechte-zeiten","12":"tag-gzsz","13":"tag-gzsz-schauspieler","14":"tag-gzsz-vorschau","15":"tag-serie","16":"tag-serien","17":"tag-series","18":"tag-soap","19":"tag-tv","20":"tag-unterhaltung"},"share_on_mastodon":{"url":"https:\/\/pubeurope.com\/@de\/114595815995848191","error":""},"_links":{"self":[{"href":"https:\/\/www.europesays.com\/de\/wp-json\/wp\/v2\/posts\/151029","targetHints":{"allow":["GET"]}}],"collection":[{"href":"https:\/\/www.europesays.com\/de\/wp-json\/wp\/v2\/posts"}],"about":[{"href":"https:\/\/www.europesays.com\/de\/wp-json\/wp\/v2\/types\/post"}],"author":[{"embeddable":true,"href":"https:\/\/www.europesays.com\/de\/wp-json\/wp\/v2\/users\/2"}],"replies":[{"embeddable":true,"href":"https:\/\/www.europesays.com\/de\/wp-json\/wp\/v2\/comments?post=151029"}],"version-history":[{"count":0,"href":"https:\/\/www.europesays.com\/de\/wp-json\/wp\/v2\/posts\/151029\/revisions"}],"wp:featuredmedia":[{"embeddable":true,"href":"https:\/\/www.europesays.com\/de\/wp-json\/wp\/v2\/media\/151030"}],"wp:attachment":[{"href":"https:\/\/www.europesays.com\/de\/wp-json\/wp\/v2\/media?parent=151029"}],"wp:term":[{"taxonomy":"category","embeddable":true,"href":"https:\/\/www.europesays.com\/de\/wp-json\/wp\/v2\/categories?post=151029"},{"taxonomy":"post_tag","embeddable":true,"href":"https:\/\/www.europesays.com\/de\/wp-json\/wp\/v2\/tags?post=151029"}],"curies":[{"name":"wp","href":"https:\/\/api.w.org\/{rel}","templated":true}]}}