{"id":151034,"date":"2025-05-30T08:24:09","date_gmt":"2025-05-30T08:24:09","guid":{"rendered":"https:\/\/www.europesays.com\/de\/151034\/"},"modified":"2025-05-30T08:24:09","modified_gmt":"2025-05-30T08:24:09","slug":"demenz-verheiratete-sind-haeufiger-betroffen","status":"publish","type":"post","link":"https:\/\/www.europesays.com\/de\/151034\/","title":{"rendered":"Demenz: Verheiratete sind h\u00e4ufiger betroffen"},"content":{"rendered":"<p>Diverse Studien haben bereits gezeigt, dass es die Gesundheit \u00e4lterer Menschen f\u00f6rdert, wenn sie verheiratet sind. Was Demenz betrifft, gibt es jedoch widerspr\u00fcchliche Ergebnisse: Forschende aus den USA fanden nun heraus, dass Unverheiratete seltener an Demenz erkranken. <\/p>\n<p>Im Vergleich zu Verheirateten hatten \u00e4ltere Menschen, die geschieden, verwitwet oder immer ledig waren, ein geringeres Risiko f\u00fcr Demenz: Unter Ber\u00fccksichtigung von Alter und Geschlecht war das Risiko bei Verwitweten um 27\u00a0Prozent geringer, bei Geschiedenen um 34\u00a0Prozent und bei niemals Verheirateten um 40\u00a0Prozent.\u00a0Zudem schritten leichte geistige Beeintr\u00e4chtigungen bei ihnen langsamer fort.\u00a0<\/p>\n<p class=\"ad-float-right\">Was genau die Gr\u00fcnde sind, ist nicht bekannt. Denkbar ist, dass Demenz bei Menschen ohne Partner einfach sp\u00e4ter bemerkt wird. M\u00f6glicherweise wirken sich aber auch Freundschaften und gesellige Aktivit\u00e4ten positiv aus. Das Ende einer schwierigen Ehe durch Trennung oder Tod des Partners k\u00f6nnte ebenfalls dazu beitragen, denn aus fr\u00fcheren Studien wei\u00df man, dass sich schlechte Ehen negativ auf die Gesundheit auswirken.\u00a0<\/p>\n<p>Die Forschenden folgern aus ihren Ergebnissen, dass eine Ehe nicht automatisch als sch\u00fctzender Faktor f\u00fcr die Gesundheit gesehen werden sollte. Wichtiger sind vermutlich die Beziehungsqualit\u00e4t und ein reges soziales Leben \u2013 unabh\u00e4ngig vom Familienstand. Bei alleinlebenden Personen sollte ihrer Meinung nach st\u00e4rker darauf geachtet werden, dass Demenz rechtzeitig erkannt wird.<\/p>\n<p>Quelle: DOI:\u00a0<a href=\"https:\/\/doi.org\/10.1002\/alz.70072\" target=\"_blank\" rel=\"noreferrer noopener\">10.1002\/alz.70072<\/a><\/p>\n","protected":false},"excerpt":{"rendered":"Diverse Studien haben bereits gezeigt, dass es die Gesundheit \u00e4lterer Menschen f\u00f6rdert, wenn sie verheiratet sind. Was Demenz&hellip;\n","protected":false},"author":2,"featured_media":151035,"comment_status":"","ping_status":"","sticky":false,"template":"","format":"standard","meta":{"footnotes":""},"categories":[137],"tags":[8434,1051,29,9109,1050,30,141,232,5272,6583],"class_list":{"0":"post-151034","1":"post","2":"type-post","3":"status-publish","4":"format-standard","5":"has-post-thumbnail","7":"category-gesundheit","8":"tag-alter","9":"tag-demenz","10":"tag-deutschland","11":"tag-ehe","12":"tag-gehirn","13":"tag-germany","14":"tag-gesundheit","15":"tag-health","16":"tag-partnerschaft","17":"tag-senioren"},"share_on_mastodon":{"url":"https:\/\/pubeurope.com\/@de\/114595827959714138","error":""},"_links":{"self":[{"href":"https:\/\/www.europesays.com\/de\/wp-json\/wp\/v2\/posts\/151034","targetHints":{"allow":["GET"]}}],"collection":[{"href":"https:\/\/www.europesays.com\/de\/wp-json\/wp\/v2\/posts"}],"about":[{"href":"https:\/\/www.europesays.com\/de\/wp-json\/wp\/v2\/types\/post"}],"author":[{"embeddable":true,"href":"https:\/\/www.europesays.com\/de\/wp-json\/wp\/v2\/users\/2"}],"replies":[{"embeddable":true,"href":"https:\/\/www.europesays.com\/de\/wp-json\/wp\/v2\/comments?post=151034"}],"version-history":[{"count":0,"href":"https:\/\/www.europesays.com\/de\/wp-json\/wp\/v2\/posts\/151034\/revisions"}],"wp:featuredmedia":[{"embeddable":true,"href":"https:\/\/www.europesays.com\/de\/wp-json\/wp\/v2\/media\/151035"}],"wp:attachment":[{"href":"https:\/\/www.europesays.com\/de\/wp-json\/wp\/v2\/media?parent=151034"}],"wp:term":[{"taxonomy":"category","embeddable":true,"href":"https:\/\/www.europesays.com\/de\/wp-json\/wp\/v2\/categories?post=151034"},{"taxonomy":"post_tag","embeddable":true,"href":"https:\/\/www.europesays.com\/de\/wp-json\/wp\/v2\/tags?post=151034"}],"curies":[{"name":"wp","href":"https:\/\/api.w.org\/{rel}","templated":true}]}}