{"id":151036,"date":"2025-05-30T08:25:13","date_gmt":"2025-05-30T08:25:13","guid":{"rendered":"https:\/\/www.europesays.com\/de\/151036\/"},"modified":"2025-05-30T08:25:13","modified_gmt":"2025-05-30T08:25:13","slug":"erster-test-schon-in-imola","status":"publish","type":"post","link":"https:\/\/www.europesays.com\/de\/151036\/","title":{"rendered":"Erster Test schon in Imola"},"content":{"rendered":"\n<p>(Motorsport-Total.com) &#8211; McLaren macht sich vor dem Formel-1-Rennen in Barcelona an diesem Wochenende wenig Sorgen, was die Auswirkungen der neuen Flexiwing-Regeln angeht, die ab sofort strikter sein werden. Denn der Rennstall hat den verst\u00e4rkten Frontfl\u00fcgel in Imola bereits erfolgreich getestet.<\/p>\n<p>    <img loading=\"lazy\" decoding=\"async\" src=\"https:\/\/www.europesays.com\/de\/wp-content\/uploads\/2025\/05\/312080.webp.webp\" title=\"Lando Norris (McLaren MCL39) beim Formel-1-Rennen in Imola 2025\" alt=\"Foto zur News: McLaren greift neuen Frontfl\u00fcgel-Regeln vor: Erster Test schon in Imola\" width=\"1200\" height=\"900\"\/> <\/p>\n<p class=\"copyright\">\u00a9\u00a0LAT Images<\/p>\n<p class=\"img-desc-container relative\"> McLaren hatte in Imola bereits mit dem neuen Fl\u00fcgel getestet  <a href=\"https:\/\/www.formel1.de\/news\/grand-prix-berichte\/2025-05-30\/mclaren-greift-neuen-frontfluegel-regeln-vor-erster-test-schon-in-imola\/zoom\/312080.webp\" rel=\"nofollow noopener\" class=\"link-icon icon-red icon-right fa fa-chevron-right img-action pull-right custom-link ml10\" title=\"Zoom\" target=\"_blank\"><br \/>\n        Zoom<br \/>\n             <\/a> <a href=\"https:\/\/www.formel1.de\/news\/grand-prix-berichte\/2025-05-30\/mclaren-greift-neuen-frontfluegel-regeln-vor-erster-test-schon-in-imola\/download\/312080.webp\" rel=\"nofollow noopener\" class=\"link-icon icon-red icon-right fa fa-download img-action pull-right ml10 custom-link\" title=\"Download\" target=\"_blank\"><br \/>\n        Download<br \/>\n             <\/a>  <\/p>\n<p>Nachdem die FIA in der Winterpause bereits strengere Tests f\u00fcr den Heckfl\u00fcgel eingef\u00fchrt hatte &#8211; mit weiteren Versch\u00e4rfungen in China und Japan &#8211; gelten ab diesem Wochenende in Barcelona auch h\u00e4rtere Anforderungen an den Frontfl\u00fcgel.<\/p>\n<p>Die technischen Regularien der FIA sahen urspr\u00fcnglich vor, dass bei einer symmetrischen Belastung von 100 Kilogramm auf beide Seiten des Autos die vertikale Durchbiegung des Fl\u00fcgels maximal 15 Millimeter betragen darf. Bei einseitiger Belastung waren es 20 Millimeter. Ab Spanien gelten nun nur noch zehn beziehungsweise 15 Millimeter als Obergrenzen.<\/p>\n<p>Auch die Toleranz f\u00fcr das Verbiegen der Flaps wurde versch\u00e4rft: von f\u00fcnf auf nur noch drei Millimeter.<\/p>\n<p>Lange galt McLaren als das Team, das am effektivsten von einem flexiblen Frontfl\u00fcgel profitiert haben k\u00f6nnte: Mehr Anpressdruck in langsamen Kurven, dann durch gezieltes Flexen weniger Luftwiderstand bei hohen Geschwindigkeiten &#8211; eine Balance, die das Auto konkurrenzf\u00e4hig macht.<\/p>\n<p>    <img loading=\"lazy\" src=\"https:\/\/www.europesays.com\/de\/wp-content\/uploads\/2025\/05\/312039.webp.webp\" title=\"Frontfl\u00fcgel am McLaren MCL39 von Oscar Piastri in Monaco 2025\" alt=\"Foto zur News: McLaren greift neuen Frontfl\u00fcgel-Regeln vor: Erster Test schon in Imola\" width=\"620\" height=\"462\" decoding=\"async\"\/> <\/p>\n<p class=\"copyright\">\u00a9\u00a0LAT Images<\/p>\n<p class=\"img-desc-container relative\"> Die Frontfl\u00fcgel stehen ab Barcelona unter st\u00e4rkerer Beobachtung  <a href=\"https:\/\/www.formel1.de\/news\/grand-prix-berichte\/2025-05-30\/mclaren-greift-neuen-frontfluegel-regeln-vor-erster-test-schon-in-imola\/zoom\/312039.webp\" rel=\"nofollow noopener\" class=\"link-icon icon-red icon-right fa fa-chevron-right img-action pull-right custom-link ml10\" title=\"Zoom\" target=\"_blank\"><br \/>\n        Zoom<br \/>\n             <\/a> <a href=\"https:\/\/www.formel1.de\/news\/grand-prix-berichte\/2025-05-30\/mclaren-greift-neuen-frontfluegel-regeln-vor-erster-test-schon-in-imola\/download\/312039.webp\" rel=\"nofollow noopener\" class=\"link-icon icon-red icon-right fa fa-download img-action pull-right custom-link ml10\" title=\"Download\" target=\"_blank\"><br \/>\n        Download<br \/>\n             <\/a>  <\/p>\n<p>Ferrari-Teamchef Frederic Vasseur meinte nach dem Monaco-Rennen: &#8222;Das kann f\u00fcr alle ein Game-Changer sein, weil wir nicht wissen, wie sich die neuen Regeln auf jedes einzelne Team auswirken werden.&#8220;<\/p>\n<p>Red Bulls Max Verstappen und Christian Horner zeigten sich dagegen skeptischer, dass die \u00c4nderungen das Kr\u00e4fteverh\u00e4ltnis 2025 gro\u00dfartig durcheinanderwirbeln.<\/p>\n<p>McLaren wiederum war von Anfang an irritiert \u00fcber die Annahme, man werde durch die neue Technische Direktive eingebremst. Tats\u00e4chlich wurde der neue, steifere Frontfl\u00fcgel bereits in Imola bei Norris&#8216; erstem Run im ersten Freien Training getestet &#8211; mit dem Ergebnis, dass keine signifikanten Leistungseinbu\u00dfen festgestellt wurden.<\/p>\n<p> Feld r\u00fcckt nicht wegen Direktive zusammen <\/p>\n<p>Teamchef Andrea Stella sagt im Vorfeld des Barcelona-Wochenendes: &#8222;Wir wissen, dass das Feld hier wohl enger zusammenr\u00fcckt. Die Charakteristik der Strecke k\u00f6nnte unseren Konkurrenten gut liegen. Deshalb erwarten wir ein Rennen, das eher an Imola und Suzuka erinnert.&#8220;<\/p>\n<p>Und weiter: &#8222;Die neue Technische Direktive zum Frontfl\u00fcgel ist ein ganz anderes Thema. Es mag so aussehen, als ob sie das Feld enger gemacht hat, aber das w\u00e4re eine falsche Annahme. Wir haben den neuen Frontfl\u00fcgel bereits in Imola mit Lando getestet &#8211; der Performance-Effekt war vernachl\u00e4ssigbar, genauso wie es unsere Simulationen vorhergesagt hatten.&#8220;<\/p>\n<p>    <img loading=\"lazy\" src=\"https:\/\/www.europesays.com\/de\/wp-content\/uploads\/2025\/05\/311160.webp.webp\" title=\"Andrea Stella\" alt=\"Foto zur News: McLaren greift neuen Frontfl\u00fcgel-Regeln vor: Erster Test schon in Imola\" width=\"620\" height=\"462\" decoding=\"async\"\/> <\/p>\n<p class=\"copyright\">\u00a9\u00a0LAT Images<\/p>\n<p class=\"img-desc-container relative\"> Andrea Stella glaubt nicht, dass die Direktive viel ausmachen wird  <a href=\"https:\/\/www.formel1.de\/news\/grand-prix-berichte\/2025-05-30\/mclaren-greift-neuen-frontfluegel-regeln-vor-erster-test-schon-in-imola\/zoom\/311160.webp\" rel=\"nofollow noopener\" class=\"link-icon icon-red icon-right fa fa-chevron-right img-action pull-right custom-link ml10\" title=\"Zoom\" target=\"_blank\"><br \/>\n        Zoom<br \/>\n             <\/a> <a href=\"https:\/\/www.formel1.de\/news\/grand-prix-berichte\/2025-05-30\/mclaren-greift-neuen-frontfluegel-regeln-vor-erster-test-schon-in-imola\/download\/311160.webp\" rel=\"nofollow noopener\" class=\"link-icon icon-red icon-right fa fa-download img-action pull-right custom-link ml10\" title=\"Download\" target=\"_blank\"><br \/>\n        Download<br \/>\n             <\/a>  <\/p>\n<p>&#8222;Es ist also offensichtlich, dass die Gr\u00fcnde f\u00fcr ein engeres Feld woanders liegen. Die neue TD hat den MCL39 jedenfalls nicht ausgebremst.&#8220;<\/p>\n<p>Da das Verst\u00e4rken des Carbon-Verbundmaterials eine strukturelle und keine aerodynamische \u00c4nderung darstellt &#8211; die Form des Fl\u00fcgels bleibt gleich -, musste McLaren das Teil nicht offiziell als Upgrade bei der FIA anmelden.<\/p>\n<p> McLaren wittert die Gefahr <\/p>\n<p>Warum McLaren dennoch vorsichtig auf seine Chancen in Barcelona blickt, liegt vor allem an der High-Downforce-Charakteristik der Strecke. Diese \u00e4hnelt Kursen wie Imola und Dschidda, wo Red Bull mit Max Verstappen ebenfalls sehr stark war.<\/p>\n<p>Stella warnte bereits in Imola und Monaco davor, \u00c4pfel mit Birnen zu vergleichen &#8211; sprich: Strecken wie Bahrain oder Miami mit deutlich anderen Layouts als Barcelona.<\/p>\n<p>Der Test in Imola zeigt einmal mehr, dass McLarens Aufschwung nicht auf einem Wundermittel basiert, sondern auf einer Reihe kleinerer, technischer Fortschritte, die zusammen das Paket schneller und reifenschonender machen. Dass die Saison 2025 f\u00fcr die Weltmeister ins Wanken ger\u00e4t, bleibt daher wohl vorerst ein Wunschtraum der Konkurrenz.<\/p>\n<p>Apropos Reifen, die k\u00f6nnten am Wochenende wieder zum Thema werden, denn die Fahrer erwartet am Wochenende ein hei\u00dfes Rennen mit rund 30 Grad Celsius. Theoretisch sollte das McLaren in die Karten spielen, doch Oscar Piastri sagt, dass das nicht unbedingt etwas hei\u00dfen muss.<\/p>\n<p>&#8222;Das dachten wir auch in Imola &#8211; und wir wurden geschlagen&#8220;, betont er und m\u00f6chte abwarten. &#8222;Nat\u00fcrlich gab es Rennen, bei denen es hei\u00df war und wir stark waren. Aber es ist nicht so einfach zu sagen: Wenn&#8217;s hei\u00df ist, dominiert McLaren. Da spielen viele Faktoren mit rein. Ich erwarte an diesem Wochenende harte Konkurrenz.&#8220;<\/p>\n<p> Hat Piastri Norris jetzt wieder im Griff? <\/p>\n<p>Der erste Konkurrent d\u00fcrfte aber wie \u00fcblich Teamkollege Lando Norris sein. Zumindest ist der Brite nach seinem Sieg in Monaco wieder in Reichweite, was die WM-F\u00fchrung angeht. Gerade einmal drei Punkte trennt die beiden, und wer am Sonntag gewinnt, der w\u00e4re in der Meisterschaft definitiv vorne.<\/p>\n<p>   Ist Piastri jetzt WM-Favorit, Hans-Joachim Stuck?  <\/p>\n<p class=\"img-desc-container relative\"> &#8222;Strietzel&#8220; Stuck ist immer f\u00fcr einen flotten Spruch gut: Oscar Piastri, McLarens Bahrain-Sieger 2025, sei &#8222;eine coole Sau&#8220;, sagt er.  <a href=\"https:\/\/www.formel1.de\/fotos-videos\/videos\" class=\"link-icon icon-red icon-right fa fa-chevron-right img-action pull-right custom-link font-bold\" title=\"Weitere Formel-1-Videos\" target=\"_blank\" rel=\"noopener\"><br \/>\n        Weitere Formel-1-Videos<br \/>\n             <\/a>  <\/p>\n<p>Piastri hofft, dass er auf einer &#8222;normalen&#8220; Strecke wieder teamintern die Oberhand gewinnen wird, betont aber, dass es bislang \u00fcberall eng war. &#8222;Es gab Wochenenden, an denen ich etwas schneller war, andere, an denen Lando etwas schneller war &#8211; aber das waren nicht unbedingt die Wochenenden, an denen wir uns gegenseitig geschlagen haben&#8220;, sagt er.<\/p>\n<p>&#8222;Es geh\u00f6rt mehr dazu, als einfach nur schnell zu sein. Ich denke, das wird sich im Laufe des Jahres ein bisschen hin und her bewegen. Aber ich bin zuversichtlich, dass wir analysiert haben, was in Monaco nicht ganz optimal lief. Es war ja kein katastrophales Wochenende, nur eben nicht so gut wie andere dieses Jahr.&#8220;<\/p>\n<p> Gibt keine Strecken, die einem Fahrer mehr liegen <\/p>\n<p>&#8222;Wir haben uns angeschaut, was wir besser machen k\u00f6nnen, und versuchen das jetzt umzusetzen&#8220;, so der Australier, der generell aber kein bestimmtes Muster erkennt, wer auf welchen Streckentypen die Nase vorne hat.<\/p>\n<p>&#8222;Es ist nicht so, dass eine bestimmte Streckenart mir liegt oder ein bestimmter Kurventyp. Es h\u00e4ngt eher davon ab, wer an dem jeweiligen Tag einfach alles zusammenbringt&#8220;, sagt er. &#8222;Es gibt keine klaren Muster &#8211; und ehrlich gesagt, hat es die auch noch nie gegeben.&#8220;<\/p>\n<p>   <a name=\"mstfoto-0\"\/>  Fotostrecke: Monaco: Die Fahrernoten von Marc Surer und der Redaktion    <a href=\"https:\/\/www.formel1.de\/fotos-videos\/fotos\/fotostrecken\/2025\/monaco-die-fahrernoten-von-marc-surer-und-der-redaktion-2025\/3242126?src_news=143140\" title=\"Fotostrecke\" target=\"_blank\" rel=\"noopener\"> <img loading=\"lazy\" src=\"https:\/\/www.europesays.com\/de\/wp-content\/uploads\/2025\/05\/1748001151-lance-stroll-marc-surer-6-es-gibt-gute-und-schlechte-tage.webp.webp\" title=\"Lance Stroll (Marc Surer: 6) - &quot;Es gibt gute und schlechte Tage bei ihm.&quot;\" alt=\"Foto zur News: Lance Stroll (Marc Surer: 6) - &quot;Es gibt gute und schlechte Tage bei ihm.&quot;\" width=\"640\" height=\"408\" onload=\"\" class=\"main\" border=\"0\" fetchpriority=\"high\" data-next-image=\"https:\/\/www.formel1.de\/public\/bilder\/strecken\/2025monaconoten\/medium\/1748124558-lance-stroll-marc-surer-6-es-gibt-gute-und-schlechte-tage.webp\" decoding=\"async\"\/>   <\/p>\n<p class=\"img-desc-container relative text-left\"> Lance Stroll (Marc Surer: 6) &#8211; &#8222;Es gibt gute und schlechte Tage bei ihm.&#8220; <a href=\"https:\/\/www.formel1.de\/fotos-videos\/fotos\/fotostrecken\/2025\/monaco-die-fahrernoten-von-marc-surer-und-der-redaktion-2025?src_news=143140\" class=\"link-icon icon-red icon-right fa fa-chevron-right img-action pull-right custom-link ml10 font-bold\" title=\"Fotostrecke\" target=\"_blank\" rel=\"noopener\"><br \/>\n        Fotostrecke<br \/>\n             <\/a>  <\/p>\n<p>Nat\u00fcrlich gebe es kleine St\u00e4rken und Schw\u00e4chen, aber selbst die w\u00fcrden sich nicht immer von Strecke zu Strecke \u00fcbertragen. &#8222;An einem Wochenende bin ich vielleicht schneller in schnellen Kurven, am n\u00e4chsten Wochenende ist es Lando&#8220;, so Piastri. &#8222;Ich denke, wir haben sehr \u00e4hnliche St\u00e4rken und Schw\u00e4chen &#8211; und das wird sich wahrscheinlich auch nicht gro\u00df \u00e4ndern.&#8220;<\/p>\n<p>Norris selbst sagt, dass er aktuell gar nicht auf die WM-F\u00fchrung schaut. &#8222;Es \u00e4ndert nichts daran, wie hart ich arbeite oder was ich erreichen will. Ich versuche einfach, dieses Wochenende zu gewinnen, und dann Montreal und dann \u00d6sterreich. Das hat nichts mit meiner Platzierung zu tun&#8220;, sagt der Brite.<\/p>\n<p> Max Verstappen noch klar im WM-Kampf <\/p>\n<p>Nach der WM-Situation gefragt, nennt er Leute &#8222;naiv&#8220;, die glauben, dass es aktuell nur noch zwischen ihm und Teamkollege Piastri um den Titel geht. Er glaubt, dass Ferrari im Laufe der Saison noch st\u00e4rker werden wird, und Max Verstappen sei sowieso immer ein Konkurrent. &#8222;Er stand schon oft auf dem Podium. Er hat Rennen gewonnen&#8220;, so Norris.<\/p>\n<p>&#8222;In Imola hat er uns ganz fair geschlagen, weil er schneller war. Ich wei\u00df nicht, was euch zu der Annahme bringt, dass es nur noch zwischen mir und Oscar geht.&#8220;<\/p>\n<p>&#8222;Nein, ich denke nicht, dass man ihn rausrechnen kann&#8220;, meint auch Piastri zu Verstappen und verweist auf den vermeintlich geringen R\u00fcckstand von 25 Punkten des Niederl\u00e4nders &#8211; der kann in einem Rennen schon weg sein.<\/p>\n<p>&#8222;Und sie waren auf ziemlich vielen Strecken wettbewerbsf\u00e4hig. Nat\u00fcrlich gab es Wochenenden, an denen wir st\u00e4rker waren, aber ich glaube, sie entwickeln ihr Auto weiter und holen mehr Performance raus&#8220;, sagt er. &#8222;Also ja, ich denke, Max ist definitiv noch im Rennen.&#8220;<\/p>\n<p> Red Bull in Barcelona ein gef\u00e4hrlicher Gegner <\/p>\n<p>Auch in Barcelona erwartet er Red Bull schnell, die in den vergangenen drei Jahren immer auf dem Circuit de Barcelona-Catalunya gewonnen haben. Denn das Layout passe zu den anderen Kursen, auf den Red Bull in diesem Jahr konkurrenzf\u00e4hig war. Ob es noch weitere Siegkandidaten gibt, das werde man sehen.<\/p>\n<p>Verstappen hat zumindest einen Vorteil, n\u00e4mlich dass sich Red Bull komplett auf ihn konzentriert, w\u00e4hrend McLaren beide Fahrer gleicherma\u00dfen unterst\u00fctzt. &#8222;Das hilft in manchen Situationen nat\u00fcrlich&#8220;, meint Piastri. &#8222;Man muss nicht beide Strategien ausbalancieren, kann die ganze Aufmerksamkeit auf Max richten.&#8220;<\/p>\n<p>Aber: Auf der anderen Seite hat McLaren eben zwei Eisen im Feuer, was im Rennen ebenfalls hilfreich sein kann. Zudem sch\u00e4tzt Piastri, dass zwei starke Fahrer sich gegenseitig antreiben k\u00f6nnen. &#8222;Max ist extrem erfahren und talentiert &#8211; aber ich glaube, Lando und ich haben uns gegenseitig zu mehr Rundenzeit gepusht&#8220;, sagt er.<\/p>\n<p>&#8222;Klar bringt das auch Herausforderungen mit sich, aber letztlich wollen wir um den Titel k\u00e4mpfen &#8211; gegen alle. Und wenn du jemanden hast, der dich pusht, dann hebt das dein eigenes Level &#8211; und genau das willst du.&#8220;<\/p>\n<p> Piastri: So lange wie m\u00f6glich frei fahren lassen <\/p>\n<p>Eine Frage, die sich dabei aber immer wieder gestellt wird, ist, wie lange es sich McLaren erlauben kann, beide Fahrer gleich zu behandeln. Im vergangenen Jahr musste Piastri irgendwann Norris unterst\u00fctzen, und \u00c4hnliches k\u00f6nnte auch in dieser Saison drohen, wenn Verstappen &#8211; oder ein anderer Fahrer &#8211; langfristig gef\u00e4hrlich bleibt.<\/p>\n<p>Noch aber sieht Piastri keinen Grund f\u00fcr einen Eingriff von au\u00dfen: &#8222;Wir haben aktuell einen sehr guten Vorsprung in der Konstrukteurswertung &#8211; und solange wir den weiter ausbauen, ist es richtig, uns beide um den Titel k\u00e4mpfen zu lassen&#8220;, meint er.<\/p>\n<p>&#8222;Im Moment wollen wir beide versuchen, um den Titel zu k\u00e4mpfen und unsere Punkte zu holen.&#8220; Aber: Sollte sp\u00e4ter im Jahr der Punkt kommen, an dem es wirklich nicht mehr m\u00f6glich ist oder sehr unwahrscheinlich, dass einer von beiden den Titel holt, dann w\u00fcrde er sich eine klare Entscheidung von McLaren w\u00fcnschen. &#8222;Aber ich denke nicht, dass das in naher Zukunft passiert.&#8220;<\/p>\n<p> Fahrer d\u00fcrfen dem Team nicht schaden <\/p>\n<p>Was aber passieren k\u00f6nnte, ist, dass es einen teaminternen WM-Kampf zwischen beiden McLaren-Fahrern gibt, die derzeit nur drei Punkte voneinander trennt. Dann steht das gute Verh\u00e4ltnis nat\u00fcrlich auf dem Spiel &#8211; davon kann McLaren mit Blick auf 1988 oder 2007 ein Lied singen.<\/p>\n<p>Das ist auch Piastri bewusst: &#8222;Ich glaube, wir wussten von Anfang an, dass es unm\u00f6glich ist, die eigenen Ziele komplett deckungsgleich mit den Teamzielen zu halten&#8220;, sagt er. &#8222;Und dar\u00fcber waren wir beide von Anfang an sehr offen &#8211; auch das Team war sich dessen bewusst.&#8220;<\/p>\n<p>   <a name=\"mstfoto-1\"\/>  Fotostrecke: Die 15 dramatischsten Teamduelle um den Titel    <a href=\"https:\/\/www.formel1.de\/fotos-videos\/fotos\/fotostrecken\/2021\/die-dramatischsten-teamduelle-um-den-wm-titel-2014-08-13\/798890?src_news=143140\" title=\"Fotostrecke\" target=\"_blank\" rel=\"noopener\"> <img loading=\"lazy\" src=\"https:\/\/www.europesays.com\/de\/wp-content\/uploads\/2025\/05\/1407857631-1950-die-erste-saison-in-der-geschichte-der-formel-1.webp.webp\" title=\"1950: Die erste Saison in der Geschichte der Formel-1-Weltmeisterschaft sieht auch gleich das erste Duell zweier Teamkollegen um den WM-Titel. Die beiden Alfa-Romeo-Piloten Juan Manuel Fangio und Giuseppe Farina gewinnen von den sieben Saisonl\u00e4ufen je drei. Als nach dem Finalrennen in Monza zusammengez\u00e4hlt wird, ist der Italiener Farina mit drei Punkten Vorsprung auf den Argentinier Fangio der erste Formel-1-Weltmeister der Geschichte.\" alt=\"Foto zur News: 1950: Die erste Saison in der Geschichte der Formel-1-Weltmeisterschaft sieht auch gleich das erste Duell zweier Teamkollegen um den WM-Titel. Die beiden Alfa-Romeo-Piloten Juan Manuel Fangio und Giuseppe Farina gewinnen von den sieben Saisonl\u00e4ufen je drei. Als nach dem Finalrennen in Monza zusammengez\u00e4hlt wird, ist der Italiener Farina mit drei Punkten Vorsprung auf den Argentinier Fangio der erste Formel-1-Weltmeister der Geschichte.\" width=\"640\" height=\"471\" onload=\"\" class=\"main\" border=\"0\" fetchpriority=\"high\" data-next-image=\"https:\/\/www.formel1.de\/public\/bilder\/strecken\/14teamduelletitel\/medium\/1407857635-1950-die-erste-saison-in-der-geschichte-der-formel-1.webp\" decoding=\"async\"\/>   <\/p>\n<p class=\"img-desc-container relative text-left\"> 1950: Die erste Saison in der Geschichte der Formel-1-Weltmeisterschaft sieht auch gleich das erste Duell zweier Teamkollegen um den WM-Titel. Die beiden Alfa-Romeo-Piloten Juan Manuel Fangio und Giuseppe Farina gewinnen von den sieben Saisonl\u00e4ufen je drei. Als nach dem Finalrennen in Monza zusammengez\u00e4hlt wird, ist der Italiener Farina mit drei Punkten Vorsprung auf den Argentinier Fangio der erste Formel-1-Weltmeister der Geschichte. <a href=\"https:\/\/www.formel1.de\/fotos-videos\/fotos\/fotostrecken\/2021\/die-dramatischsten-teamduelle-um-den-wm-titel-2014-08-13?src_news=143140\" class=\"link-icon icon-red icon-right fa fa-chevron-right img-action pull-right custom-link ml10 font-bold\" title=\"Fotostrecke\" target=\"_blank\" rel=\"noopener\"><br \/>\n        Fotostrecke<br \/>\n             <\/a>  <\/p>\n<p>Schon im vergangenen Jahr hatte man das Gef\u00fchl, dass eine solche Situation kommen k\u00f6nnte, wenn das Auto genau so stark sein w\u00fcrde wie damals.<\/p>\n<p>&#8222;Ich denke, wir sind alle sehr offen im Umgang damit. Aber wir w\u00fcrden nie etwas tun, das unfair w\u00e4re oder dem Team schadet &#8211; das sind weder Lando noch ich&#8220;, stellt er klar. &#8222;Nat\u00fcrlich wollen wir uns jedes Wochenende gegenseitig schlagen, aber wir w\u00fcrden nie die Grenze \u00fcberschreiten, bei der ein Schaden entsteht, der nicht mehr reparierbar ist.&#8220;<\/p>\n<p>&#8222;Ich habe es schon ein paar Mal gesagt: Wir wollen nicht nur diese eine Chance auf den Titel. Wir sind beide langfristig bei McLaren, wir wollen jedes Jahr um die WM k\u00e4mpfen. Da w\u00e4re es ziemlich unklug, alles f\u00fcr einen Titel zu riskieren und dabei das Haus in Brand zu setzen.&#8220;<\/p>\n","protected":false},"excerpt":{"rendered":"(Motorsport-Total.com) &#8211; McLaren macht sich vor dem Formel-1-Rennen in Barcelona an diesem Wochenende wenig Sorgen, was die Auswirkungen&hellip;\n","protected":false},"author":2,"featured_media":151037,"comment_status":"","ping_status":"","sticky":false,"template":"","format":"standard","meta":{"footnotes":""},"categories":[136],"tags":[29,1641,1642,1640,1645,1643,1639,30,1644,1638,265],"class_list":{"0":"post-151036","1":"post","2":"type-post","3":"status-publish","4":"format-standard","5":"has-post-thumbnail","7":"category-sport","8":"tag-deutschland","9":"tag-f1-news","10":"tag-formel-1-heute","11":"tag-formel-1-news","12":"tag-formel-1news","13":"tag-formel-eins-news","14":"tag-formel1-news","15":"tag-germany","16":"tag-news-formel-1","17":"tag-news-formel1","18":"tag-sport"},"share_on_mastodon":{"url":"https:\/\/pubeurope.com\/@de\/114595831911935156","error":""},"_links":{"self":[{"href":"https:\/\/www.europesays.com\/de\/wp-json\/wp\/v2\/posts\/151036","targetHints":{"allow":["GET"]}}],"collection":[{"href":"https:\/\/www.europesays.com\/de\/wp-json\/wp\/v2\/posts"}],"about":[{"href":"https:\/\/www.europesays.com\/de\/wp-json\/wp\/v2\/types\/post"}],"author":[{"embeddable":true,"href":"https:\/\/www.europesays.com\/de\/wp-json\/wp\/v2\/users\/2"}],"replies":[{"embeddable":true,"href":"https:\/\/www.europesays.com\/de\/wp-json\/wp\/v2\/comments?post=151036"}],"version-history":[{"count":0,"href":"https:\/\/www.europesays.com\/de\/wp-json\/wp\/v2\/posts\/151036\/revisions"}],"wp:featuredmedia":[{"embeddable":true,"href":"https:\/\/www.europesays.com\/de\/wp-json\/wp\/v2\/media\/151037"}],"wp:attachment":[{"href":"https:\/\/www.europesays.com\/de\/wp-json\/wp\/v2\/media?parent=151036"}],"wp:term":[{"taxonomy":"category","embeddable":true,"href":"https:\/\/www.europesays.com\/de\/wp-json\/wp\/v2\/categories?post=151036"},{"taxonomy":"post_tag","embeddable":true,"href":"https:\/\/www.europesays.com\/de\/wp-json\/wp\/v2\/tags?post=151036"}],"curies":[{"name":"wp","href":"https:\/\/api.w.org\/{rel}","templated":true}]}}