{"id":151046,"date":"2025-05-30T08:30:10","date_gmt":"2025-05-30T08:30:10","guid":{"rendered":"https:\/\/www.europesays.com\/de\/151046\/"},"modified":"2025-05-30T08:30:10","modified_gmt":"2025-05-30T08:30:10","slug":"21-jaehrige-bei-party-getoetet-eltern-veroeffentlichen-emotionales-video","status":"publish","type":"post","link":"https:\/\/www.europesays.com\/de\/151046\/","title":{"rendered":"21-J\u00e4hrige bei Party get\u00f6tet \u2013 Eltern ver\u00f6ffentlichen emotionales Video"},"content":{"rendered":"<p>Nach dem Fund einer toten jungen Frau im Lau\u00dfnitzer Wald ist ein 16-J\u00e4hriger als Tatverd\u00e4chtiger festgenommen worden. Die Mordkommission ermittelt. Nun ver\u00f6ffentlichen die Eltern der Toten ein Video \u2013 und appellieren an Zeugen.<\/p>\n<p class=\"is-first-paragraph\" data-external=\"Article.FirstParagraph\">Im Fall um die ermordete 21-J\u00e4hrige bei Lau\u00dfnitz gehen die Eltern des Opfers an die \u00d6ffentlichkeit. In einem emotionalen Instagram-Video appellieren sie an Zeugen, um die Aufkl\u00e4rung des Falls voranzutreiben.<\/p>\n<p>\u201eWas wir jetzt machen, f\u00e4llt uns sehr, sehr schwer\u201c, sagt die Mutter der Get\u00f6teten zu Beginn des Videos. Man habe sich dennoch f\u00fcr eine pers\u00f6nliche Ansprache entschieden, um die \u00d6ffentlichkeit noch einmal anders zu erreichen. Denn: \u201eUm den Fall aufzukl\u00e4ren, brauchen wir eure Zeugenaussage\u201c.<\/p>\n<p>Noch immer gebe es Menschen, die wichtige Informationen haben k\u00f6nnten, sich aber bisher nicht trauten, sich zu melden. Man solle keine Angst haben, eine Zeugenaussage zu machen. Die Eltern bitten darum, ihr Video zu teilen. Auch ein Spendenlink f\u00fcr die \u201eletzte Reise\u201c sowie Gerichtskosten wurde eingerichtet, unter dem Stand Freitagmorgen knapp 40.000 Euro eingegangen waren.<\/p>\n<p>Vor rund zwei Wochen war in einem Waldst\u00fcck nord\u00f6stlich von Dresden die 21-j\u00e4hrige Tochter der beiden \u2013 sie hie\u00df Emma \u2013 gewaltsam get\u00f6tet worden. Polizisten fanden die junge Frau nach einem Hinweis am fr\u00fchen Sonntagmorgen tot in der Lau\u00dfnitzer Heide, nachdem sie in der N\u00e4he zwei illegale Techno-Partys nach Anwohnerbeschwerden aufgel\u00f6st hatten. <\/p>\n<p>\u201eDas war seit Kurzem ihr neuer Freund\u201c, sagt der Vater \u00fcber den Tatverd\u00e4chtigen<\/p>\n<p>F\u00fcr die 21-J\u00e4hrige, die in Dresden lebte, kam jede Hilfe zu sp\u00e4t. Nach Erkenntnis der Rechtsmediziner verblutete sie aufgrund von Stichverletzungen. Unweit vom Fundort, der auch der Tatort war, nahmen die Beamten einen 16-J\u00e4hrigen fest. <a class=\"is-link c-block-items__link c-link--rich-text-renderer\" href=\"https:\/\/www.bild.de\/news\/inland\/emma-21-erstochen-eltern-suchen-mit-bewegendem-video-nach-zeugen-68381af4cc8cef6abc4e8958\" data-internal-tracking-enabled=\"true\" data-internal-tracking=\"{&quot;action&quot;:&quot;click&quot;,&quot;label&quot;:&quot;link&quot;,&quot;name&quot;:&quot;Inline Element&quot;,&quot;data&quot;:{&quot;source&quot;:&quot;&quot;,&quot;target&quot;:&quot;https:\/\/www.bild.de\/news\/inland\/emma-21-erstochen-eltern-suchen-mit-bewegendem-video-nach-zeugen-68381af4cc8cef6abc4e8958&quot;,&quot;trackingName&quot;:&quot;&quot;,&quot;trackingLabel&quot;:&quot;&quot;}}\" target=\"_blank\" rel=\"noopener\">Informationen der \u201eBild\u201c-Zeitung zufolge <\/a>habe er verwirrt gewirkt und blutverschmierte H\u00e4nde gehabt.<\/p>\n<p>Ein Richter ordnete die einstweilige Unterbringung in einer psychiatrischen Klinik an. Gegen ihn wird wegen des <a class=\"is-link c-block-items__link c-link--rich-text-renderer\" href=\"https:\/\/www.welt.de\/vermischtes\/kriminalitaet\/article256137438\/Sachsen-Polizei-findet-Frauen-Leiche-16-jaehriger-Verdaechtiger-in-geschlossene-Abteilung-eingewiesen.html\" data-internal-tracking-enabled=\"true\" data-internal-tracking=\"{&quot;action&quot;:&quot;click&quot;,&quot;label&quot;:&quot;link&quot;,&quot;name&quot;:&quot;Inline Element&quot;,&quot;data&quot;:{&quot;source&quot;:&quot;&quot;,&quot;target&quot;:&quot;https:\/\/www.welt.de\/vermischtes\/kriminalitaet\/article256137438\/Sachsen-Polizei-findet-Frauen-Leiche-16-jaehriger-Verdaechtiger-in-geschlossene-Abteilung-eingewiesen.html&quot;,&quot;trackingName&quot;:&quot;&quot;,&quot;trackingLabel&quot;:&quot;&quot;}}\" target=\"_blank\" rel=\"noopener\">Verdachts des Totschlags ermittelt. <\/a>Zum Tatgeschehen, Motiv und Hintergr\u00fcnden sowie der Identit\u00e4t des Jugendlichen und der Get\u00f6teten, die sich kannten, gaben die Beh\u00f6rden Anfang der Woche keine n\u00e4here Auskunft.<\/p>\n<p>Der Vater der Get\u00f6teten habe gewusst, dass seine Tochter schon mehrfach auf Partys in diesem Wald war. Er kenne auch den 16-J\u00e4hrigen, der Emma get\u00f6tet haben soll. \u201eDas war seit Kurzem ihr neuer Freund.\u201c<\/p>\n<p>Die junge Frau soll im Familiengrab in Magdeburg beigesetzt werden, \u201esie selbst hat das so bestimmt\u201c, betonte ihr Vater. Als zwei Familienangeh\u00f6rige kurz hintereinander gestorben seien, h\u00e4tten sie viel \u00fcber den Tod gesprochen. \u201eDiese schwere Zeit war erst k\u00fcrzlich \u00fcberstanden.\u201c<\/p>\n<p>lay mit dpa<\/p>\n","protected":false},"excerpt":{"rendered":"Nach dem Fund einer toten jungen Frau im Lau\u00dfnitzer Wald ist ein 16-J\u00e4hriger als Tatverd\u00e4chtiger festgenommen worden. Die&hellip;\n","protected":false},"author":2,"featured_media":151047,"comment_status":"","ping_status":"","sticky":false,"template":"","format":"standard","meta":{"footnotes":""},"categories":[2],"tags":[29,30,13,1584,2183,14,15,110,859,12,10,8,9,11,6148],"class_list":{"0":"post-151046","1":"post","2":"type-post","3":"status-publish","4":"format-standard","5":"has-post-thumbnail","7":"category-deutschland","8":"tag-deutschland","9":"tag-germany","10":"tag-headlines","11":"tag-kriminalitaet","12":"tag-mord","13":"tag-nachrichten","14":"tag-news","15":"tag-newsteam","16":"tag-sachsen","17":"tag-schlagzeilen","18":"tag-top-news","19":"tag-top-meldungen","20":"tag-topmeldungen","21":"tag-topnews","22":"tag-totschlag"},"share_on_mastodon":{"url":"https:\/\/pubeurope.com\/@de\/114595851407908117","error":""},"_links":{"self":[{"href":"https:\/\/www.europesays.com\/de\/wp-json\/wp\/v2\/posts\/151046","targetHints":{"allow":["GET"]}}],"collection":[{"href":"https:\/\/www.europesays.com\/de\/wp-json\/wp\/v2\/posts"}],"about":[{"href":"https:\/\/www.europesays.com\/de\/wp-json\/wp\/v2\/types\/post"}],"author":[{"embeddable":true,"href":"https:\/\/www.europesays.com\/de\/wp-json\/wp\/v2\/users\/2"}],"replies":[{"embeddable":true,"href":"https:\/\/www.europesays.com\/de\/wp-json\/wp\/v2\/comments?post=151046"}],"version-history":[{"count":0,"href":"https:\/\/www.europesays.com\/de\/wp-json\/wp\/v2\/posts\/151046\/revisions"}],"wp:featuredmedia":[{"embeddable":true,"href":"https:\/\/www.europesays.com\/de\/wp-json\/wp\/v2\/media\/151047"}],"wp:attachment":[{"href":"https:\/\/www.europesays.com\/de\/wp-json\/wp\/v2\/media?parent=151046"}],"wp:term":[{"taxonomy":"category","embeddable":true,"href":"https:\/\/www.europesays.com\/de\/wp-json\/wp\/v2\/categories?post=151046"},{"taxonomy":"post_tag","embeddable":true,"href":"https:\/\/www.europesays.com\/de\/wp-json\/wp\/v2\/tags?post=151046"}],"curies":[{"name":"wp","href":"https:\/\/api.w.org\/{rel}","templated":true}]}}