{"id":151048,"date":"2025-05-30T08:31:15","date_gmt":"2025-05-30T08:31:15","guid":{"rendered":"https:\/\/www.europesays.com\/de\/151048\/"},"modified":"2025-05-30T08:31:15","modified_gmt":"2025-05-30T08:31:15","slug":"als-eine-reporterin-nach-taco-fragt-wird-trump-wuetend","status":"publish","type":"post","link":"https:\/\/www.europesays.com\/de\/151048\/","title":{"rendered":"Als eine Reporterin nach \u201eTACO\u201c fragt, wird Trump w\u00fctend"},"content":{"rendered":"<p>Wegen seines Zickzack-Kurses in der Handelspolitik hat ein Journalist die Abk\u00fcrzung \u201eTACO\u201c gepr\u00e4gt. Trump mache immer einen R\u00fcckzieher, soll das bedeuten. Bei einer Pressekonferenz wird der US-Pr\u00e4sident darauf angesprochen \u2013\u00a0und kritisiert die Reporterin.<\/p>\n<p class=\"is-first-paragraph\" data-external=\"Article.FirstParagraph\">Die Tendenz von US-Pr\u00e4sident Donald Trump, hohe Importz\u00f6lle zu erheben und dann einen R\u00fcckzieher zu machen, hat j\u00fcngst den Begriff \u201eTACO\u201c hervorgebracht. Womit nicht das mexikanische Gericht gemeint ist, sondern \u201eTrump Always Chickens Out\u201c. Sinngem\u00e4\u00df \u00fcbersetzt: Trump macht jedes Mal einen R\u00fcckzieher. <\/p>\n<p>Der US-Pr\u00e4sident selbst ist offenbar kein Fan der vom \u201eFinancial Times\u201c-Journalisten Robert Armstrong gepr\u00e4gten Bezeichnung. Am Mittwoch von einer Reporterin gefragt, was er zu \u201eTACO\u201c sage, wurde Trump unwirsch: \u201eIch mache R\u00fcckzieher? Das habe ich noch nie geh\u00f6rt\u201c, so der Republikaner. <\/p>\n<p>Trump war sichtlich beleidigt, sagte, die Frage der Reporterin sei \u201efrech\u201c. \u201eDas nennen Sie kneifen?\u201c, fragte Trump. \u201eDas nennt man Verhandeln.\u201c Er verwies etwa auf die Bereitschaft der EU, mit den USA zu verhandeln, nachdem er mit weiteren Z\u00f6llen gedroht hatte. \u201eSagen Sie ja nie mehr, was Sie gerade gesagt haben. Das ist eine scheu\u00dfliche Frage. Aus meiner Sicht die Scheu\u00dflichste.\u201c<\/p>\n<p>Die amerikanischen Zollank\u00fcndigungen und R\u00fcckzieher bringen immer wieder die M\u00e4rkte in Wallung. Unternehmen versuchen, sich darauf einzustellen. Der Wolfsburger Autobauer Volkswagen etwa verhandelt nun mit dem US-Handelsministerium \u00fcber die Beilegung des Zollstreits und bietet im Gegenzug weitere Investitionen in den USA an. <\/p>\n<p>\u201eIch war selbst in Washington und wir sind seitdem in regelm\u00e4\u00dfigem Austausch\u201c, sagte Konzern-Chef Oliver Blume j\u00fcngst der \u201e<a class=\"is-link c-block-items__link is-external c-link--rich-text-renderer\" href=\"https:\/\/www.sueddeutsche.de\/wirtschaft\/volkswagen-porsche-autoindustrie-deutschland-oliver-blume-krise-li.3257427\" title=\"(Link wird in einem neuen Tab ge\u00f6ffnet)\" rel=\"nofollow noopener\" data-internal-tracking-enabled=\"true\" data-internal-tracking=\"{&quot;action&quot;:&quot;click&quot;,&quot;label&quot;:&quot;link&quot;,&quot;name&quot;:&quot;Inline Element&quot;,&quot;data&quot;:{&quot;source&quot;:&quot;&quot;,&quot;target&quot;:&quot;https:\/\/www.sueddeutsche.de\/wirtschaft\/volkswagen-porsche-autoindustrie-deutschland-oliver-blume-krise-li.3257427&quot;,&quot;trackingName&quot;:&quot;&quot;,&quot;trackingLabel&quot;:&quot;&quot;}}\" target=\"_blank\">S\u00fcddeutschen Zeitung<\/a>\u201c. Prim\u00e4rer Ansprechpartner sei der US-Handelsminister, \u201eaber letztlich gehen die Themen auch \u00fcber den Tisch des US-Pr\u00e4sidenten\u201c.<\/p>\n<p>s\u00e4d mit AP\/Reuters<\/p>\n","protected":false},"excerpt":{"rendered":"Wegen seines Zickzack-Kurses in der Handelspolitik hat ein Journalist die Abk\u00fcrzung \u201eTACO\u201c gepr\u00e4gt. Trump mache immer einen R\u00fcckzieher,&hellip;\n","protected":false},"author":2,"featured_media":151049,"comment_status":"","ping_status":"","sticky":false,"template":"","format":"standard","meta":{"footnotes":""},"categories":[5],"tags":[22370,114,13,53728,14,15,110,6443,12,10,8,9,11,113,64],"class_list":{"0":"post-151048","1":"post","2":"type-post","3":"status-publish","4":"format-standard","5":"has-post-thumbnail","7":"category-nachrichten","8":"tag-blume","9":"tag-donald-geb-1946","10":"tag-headlines","11":"tag-importzoelle-ks","12":"tag-nachrichten","13":"tag-news","14":"tag-newsteam","15":"tag-oliver","16":"tag-schlagzeilen","17":"tag-top-news","18":"tag-top-meldungen","19":"tag-topmeldungen","20":"tag-topnews","21":"tag-trump","22":"tag-usa"},"share_on_mastodon":{"url":"https:\/\/pubeurope.com\/@de\/114595855367188518","error":""},"_links":{"self":[{"href":"https:\/\/www.europesays.com\/de\/wp-json\/wp\/v2\/posts\/151048","targetHints":{"allow":["GET"]}}],"collection":[{"href":"https:\/\/www.europesays.com\/de\/wp-json\/wp\/v2\/posts"}],"about":[{"href":"https:\/\/www.europesays.com\/de\/wp-json\/wp\/v2\/types\/post"}],"author":[{"embeddable":true,"href":"https:\/\/www.europesays.com\/de\/wp-json\/wp\/v2\/users\/2"}],"replies":[{"embeddable":true,"href":"https:\/\/www.europesays.com\/de\/wp-json\/wp\/v2\/comments?post=151048"}],"version-history":[{"count":0,"href":"https:\/\/www.europesays.com\/de\/wp-json\/wp\/v2\/posts\/151048\/revisions"}],"wp:featuredmedia":[{"embeddable":true,"href":"https:\/\/www.europesays.com\/de\/wp-json\/wp\/v2\/media\/151049"}],"wp:attachment":[{"href":"https:\/\/www.europesays.com\/de\/wp-json\/wp\/v2\/media?parent=151048"}],"wp:term":[{"taxonomy":"category","embeddable":true,"href":"https:\/\/www.europesays.com\/de\/wp-json\/wp\/v2\/categories?post=151048"},{"taxonomy":"post_tag","embeddable":true,"href":"https:\/\/www.europesays.com\/de\/wp-json\/wp\/v2\/tags?post=151048"}],"curies":[{"name":"wp","href":"https:\/\/api.w.org\/{rel}","templated":true}]}}