{"id":151054,"date":"2025-05-30T08:34:11","date_gmt":"2025-05-30T08:34:11","guid":{"rendered":"https:\/\/www.europesays.com\/de\/151054\/"},"modified":"2025-05-30T08:34:11","modified_gmt":"2025-05-30T08:34:11","slug":"ausfaelle-bei-kanalfaehren-auf-dem-nok-gering-ndr-de-nachrichten","status":"publish","type":"post","link":"https:\/\/www.europesays.com\/de\/151054\/","title":{"rendered":"Ausf\u00e4lle bei Kanalf\u00e4hren auf dem NOK gering | NDR.de &#8211; Nachrichten"},"content":{"rendered":"<p>\nStand: 30.05.2025 09:17 Uhr\n<\/p>\n<p class=\"preface\">Die vergangenen zwei Jahre waren gepr\u00e4gt von massiven, personalbedingten Ausf\u00e4llen bei den F\u00e4hren auf dem Nord-Ostsee-Kanal. Laut Wasserstra\u00dfen- und Schifffahrtsamt (WSA) sieht es dieses Jahr anders aus.<\/p>\n<p>Der gro\u00dfe &#8222;Oster-Einbruch&#8220; ist laut WSA in diesem Jahr ausgeblieben &#8211; auch in den Wochen nach Ostern kam es bislang kaum zu Ausf\u00e4llen. Das Wasserstra\u00dfen- und Schifffahrtsamt z\u00e4hlte in diesem Jahr auf dem gesamten <a href=\"https:\/\/www.ndr.de\/nachrichten\/schleswig-holstein\/Nord-Ostsee-Kanal-Aktuelle-News-und-Videos,nordostseekanal193.html\" title=\"Zum Artikel: Nord-Ostsee-Kanal: Aktuelle News und Videos\" target=\"_blank\" rel=\"noopener\">Nord-Ostsee-Kanal<\/a> (NOK) bislang 20 Ausfallstunden. Zum Vergleich: In 2024 waren es bei allen NOK-F\u00e4hren noch mehr als 3.300 personalbedingte Ausfallstunden.<\/p>\n<p>Personal reicht in diesem Jahr<\/p>\n<p>Einem WSA-Sprecher zufolge hatten Personalprobleme in den Vorjahren mit Start der Tourismussaison zugenommen &#8211; in diesem Jahr sei der Einbruch ausgeblieben. Auch die B\u00fcrgerinitiative an der besonders betroffenen F\u00e4hrstelle Fischerh\u00fctte, die der Reederei vorgeworfen hatte, das knappe Personal eher auf touristischen F\u00e4hren einzusetzen, berichtet von deutlichen Verbesserungen.<\/p>\n<p>Mittlerweile gibt es 13 F\u00e4hrschiffer mit &#8222;erleichtertem Patent&#8220;<\/p>\n<p>Laut WSA fielen die F\u00e4hren auf der Weststrecke in Brunsb\u00fcttel (<a href=\"https:\/\/www.ndr.de\/nachrichten\/schleswig-holstein\/Dithmarschen-Aktuelle-Nachrichten-und-Videos,dithmarschen254.html\" title=\"Zum Artikel: Dithmarschen - Aktuelle Nachrichten und Videos\" target=\"_blank\" rel=\"noopener\">Kreis Dithmarschen<\/a>) im Februar und M\u00e4rz jeweils f\u00fcr etwa zwei Stunden personalbedingt aus, in Burg (Kreis Dithmarschen) rund eineinhalb Stunden im Mai und in Fischerh\u00fctte bei Steenfeld (<a href=\"https:\/\/www.ndr.de\/nachrichten\/schleswig-holstein\/Kreis-Rendsburg-Eckernfoerde-Aktuelle-Nachrichten-und-Videos,rendsburgeckernfoerde118.html\" title=\"Zum Artikel: Kreis Rendsburg-Eckernf\u00f6rde - Aktuelle Nachrichten und Videos\" target=\"_blank\" rel=\"noopener\">Kreis Rendsburg-Eckernf\u00f6rde<\/a>) rund vier Stunden im Januar.<\/p>\n<p>Dass die Zuverl\u00e4ssigkeit zugenommen hat, h\u00e4ngt der Reederei zufolge auch mit dem Zuwachs an Personal zusammen, das zwischenzeitlich \u00fcber den Weg des &#8222;erleicherten Patents&#8220; gewonnen werden konnte. 13 Personen erwarben dem WSA zufolge mittlerweile das Patent, zwei weitere seien derzeit in Ausbildung, so ein WSA-Sprecher. Bei gut 80 F\u00e4hrschiffern, die t\u00e4glich den Betrieb der NOK-F\u00e4hren sicherstellen, bilden sie damit keine kleine Gruppe. Und: Anders als F\u00e4hrschiffer mit dem gro\u00dfen Patent k\u00f6nnen sie laut WSA nur auf dem NOK eingesetzt werden.<\/p>\n<p>Weitere Informationen<\/p>\n<p><img decoding=\"async\" src=\"https:\/\/www.europesays.com\/de\/wp-content\/uploads\/2025\/05\/screenshot1908160_v-contentgross.jpg\" alt=\"Ein Schiff f\u00e4hrt auf dem Nord-Ostsee-Kanal. \u00a9 Screenshot \" title=\"Ein Schiff f\u00e4hrt auf dem Nord-Ostsee-Kanal.\" class=\"responsive\"\/><\/p>\n<p>1 Min<\/p>\n<p>\nDie Bilanz zeigt auch: Noch nie wurde so viel Geld in den Nord-Ostsee-Kanal gesteckt wie 2024. Satte 297 Millionen Euro.<br \/>\n<a title=\"Zum Video: Jahresbilanz NOK: Weniger Ladung, daf\u00fcr gr\u00f6\u00dfere Schiffe\" href=\"https:\/\/www.ndr.de\/fernsehen\/sendungen\/schleswig-holstein_magazin\/Jahresbilanz-NOK-Weniger-Ladung-dafuer-groessere-Schiffe,shmag126024.html\" class=\"cta \" target=\"_blank\" rel=\"noopener\">1 Min<\/a>\n<\/p>\n<p><img decoding=\"async\" src=\"https:\/\/www.europesays.com\/de\/wp-content\/uploads\/2025\/05\/faehre1322_v-contentgross.png\" alt=\"Die F\u00e4hre in Brunsb\u00fcttel. \u00a9 Carsten Rauterberg Foto: Carsten Rauterberg\" title=\"Die F\u00e4hre in Brunsb\u00fcttel.\" class=\"responsive\"\/><\/p>\n<p>\nDie Stadt Brunsb\u00fcttel hat das Bundesverkehrsministerium aufgefordert, den F\u00e4hrbetrieb \u00fcber den Nord-Ostsee-Kanal sicherzustellen.<br \/>\n<a title=\"Zum Artikel: NOK-F\u00e4hren: Brunsb\u00fcttel fordert Bundesverkehrsminister Wissing zum Handeln auf\" href=\"https:\/\/www.ndr.de\/nachrichten\/schleswig-holstein\/NOK-Faehre-Ratsversammlung-Brunsbuettel-verabschiedet-Resolution,regionheidenews872.html\" class=\"cta \" target=\"_blank\" rel=\"noopener\">mehr<\/a>\n<\/p>\n<p><img decoding=\"async\" src=\"https:\/\/www.europesays.com\/de\/wp-content\/uploads\/2025\/05\/faehre1300_v-contentgross.png\" alt=\"Die F\u00e4hre Fischerh\u00fctte am Nord-Ostsee-Kanal. \u00a9 Picture Alliance Foto: Dieter Moebus\" title=\"Die F\u00e4hre Fischerh\u00fctte am Nord-Ostsee-Kanal.\" class=\"responsive\"\/><\/p>\n<p>\nImmer wieder fallen F\u00e4hren am Nord-Ostsee-Kanal aus &#8211; auch weil Personal fehlt. Betroffene haben sich deswegen am Dienstag mit den zust\u00e4ndigen Vertretern getroffen.<br \/>\n<a title=\"Zum Artikel: NOK-F\u00e4hren: Krisengipfel soll L\u00f6sungen f\u00fcr Pendler bringen\" href=\"https:\/\/www.ndr.de\/nachrichten\/schleswig-holstein\/NOK-Faehren-Krisengipfel-soll-Loesungen-fuer-Pendler-bringen,krisengipfel110.html\" class=\"cta \" target=\"_blank\" rel=\"noopener\">mehr<\/a>\n<\/p>\n<p>Dieses Thema im Programm:<\/p>\n<p>NDR 1 Welle Nord |<br \/>\nNachrichten f\u00fcr Schleswig-Holstein |<br \/>\n30.05.2025 | 09:30 Uhr<\/p>\n<p><img decoding=\"async\" src=\"https:\/\/www.europesays.com\/de\/wp-content\/uploads\/2025\/03\/ndr_printlogo.gif\" alt=\"NDR Logo\" title=\"NDR Logo\"\/><\/p>\n","protected":false},"excerpt":{"rendered":"Stand: 30.05.2025 09:17 Uhr Die vergangenen zwei Jahre waren gepr\u00e4gt von massiven, personalbedingten Ausf\u00e4llen bei den F\u00e4hren auf&hellip;\n","protected":false},"author":2,"featured_media":151055,"comment_status":"","ping_status":"","sticky":false,"template":"","format":"standard","meta":{"footnotes":""},"categories":[1852],"tags":[2899,3364,29,548,663,3934,30,13,53736,4949,29916,12158,14,15,53734,53735,53739,53738,12,1971,53737],"class_list":{"0":"post-151054","1":"post","2":"type-post","3":"status-publish","4":"format-standard","5":"has-post-thumbnail","7":"category-kiel","8":"tag-ausfaelle","9":"tag-de","10":"tag-deutschland","11":"tag-eu","12":"tag-europa","13":"tag-europe","14":"tag-germany","15":"tag-headlines","16":"tag-kanalfaehren","17":"tag-kiel","18":"tag-kreis-dithmarschen","19":"tag-kreis-rendsburg-eckernfoerde","20":"tag-nachrichten","21":"tag-news","22":"tag-nok","23":"tag-nord-ostsee-kanal","24":"tag-personalprobleme","25":"tag-schiffuehrer","26":"tag-schlagzeilen","27":"tag-schleswig-holstein","28":"tag-wsa"},"share_on_mastodon":{"url":"https:\/\/pubeurope.com\/@de\/114595867425728705","error":""},"_links":{"self":[{"href":"https:\/\/www.europesays.com\/de\/wp-json\/wp\/v2\/posts\/151054","targetHints":{"allow":["GET"]}}],"collection":[{"href":"https:\/\/www.europesays.com\/de\/wp-json\/wp\/v2\/posts"}],"about":[{"href":"https:\/\/www.europesays.com\/de\/wp-json\/wp\/v2\/types\/post"}],"author":[{"embeddable":true,"href":"https:\/\/www.europesays.com\/de\/wp-json\/wp\/v2\/users\/2"}],"replies":[{"embeddable":true,"href":"https:\/\/www.europesays.com\/de\/wp-json\/wp\/v2\/comments?post=151054"}],"version-history":[{"count":0,"href":"https:\/\/www.europesays.com\/de\/wp-json\/wp\/v2\/posts\/151054\/revisions"}],"wp:featuredmedia":[{"embeddable":true,"href":"https:\/\/www.europesays.com\/de\/wp-json\/wp\/v2\/media\/151055"}],"wp:attachment":[{"href":"https:\/\/www.europesays.com\/de\/wp-json\/wp\/v2\/media?parent=151054"}],"wp:term":[{"taxonomy":"category","embeddable":true,"href":"https:\/\/www.europesays.com\/de\/wp-json\/wp\/v2\/categories?post=151054"},{"taxonomy":"post_tag","embeddable":true,"href":"https:\/\/www.europesays.com\/de\/wp-json\/wp\/v2\/tags?post=151054"}],"curies":[{"name":"wp","href":"https:\/\/api.w.org\/{rel}","templated":true}]}}