{"id":151056,"date":"2025-05-30T08:35:09","date_gmt":"2025-05-30T08:35:09","guid":{"rendered":"https:\/\/www.europesays.com\/de\/151056\/"},"modified":"2025-05-30T08:35:09","modified_gmt":"2025-05-30T08:35:09","slug":"hut-auf-und-los-geht-es-das-chemnitzer-hutfestival-beginnt","status":"publish","type":"post","link":"https:\/\/www.europesays.com\/de\/151056\/","title":{"rendered":"Hut auf und los geht es! Das Chemnitzer Hutfestival beginnt"},"content":{"rendered":"<p class=\"bold\">\n\t\t\t\t\t\t\t\t\t\tAuf B\u00fchnen und in der Innenstadt wird vom 30. Mai bis 1. Juni Unterhaltung pur geboten.\t\t\t\t<\/p>\n<p>\t\t\t\t\t\t\t\t\t\t\t\t\t\t\t\t\t\t\tChemnitz.<\/p>\n<p>Im Chemnitzer Kulturhauptstadtjahr bietet das <a href=\"https:\/\/www.freiepresse.de\/chemnitz\/hutfestival-chemnitz\" title=\"Artikel zum Thema: Hutfestival\" class=\"internal-article-link\" data-ct=\"ENTITY\/KEYWORD\/HUTFESTIVAL\" rel=\"nofollow noopener\" target=\"_blank\">Hutfestival<\/a> Bekanntes und Beliebtes, h\u00e4lt aber auch Neuerungen bereit. Vom 30. Mai bis 1. Juni geh\u00f6rt die Innenstadt am Freitag von 15 bis 22 Uhr, am Samstag von 12 bis 23 Uhr sowie am Sonntag von 12 bis 18 Uhr K\u00fcnstlern aus 20 Nationen und ihren Zuschauern. Geboten wird Livemusik, Clownerie, Artistik, Jonglage, Feuershows, Walk-Acts, Kunst und Streetfood sowie ein \u201eMarkt der sch\u00f6nen Dinge\u201c, der am Freitag und Samstag bis 20 Uhr ge\u00f6ffnet ist. Die Festivalfl\u00e4che (im Bild das Areal am Roten Turm) ist in diesem Jahr gr\u00f6\u00dfer. Auf neun B\u00fchnen und weiteren Aktionsfl\u00e4chen gibt es Witziges, Unterhaltsames, Ber\u00fchrendes, Kunstvolles und Kulinarisches zu entdecken. Und am 1. Juni, dem Kindertag, gibt es Programme und Aktionen speziell f\u00fcr die J\u00fcngsten. (gp) Foto: Kristin Schmidt\/C3<\/p>\n<p><b>Weitere Informationen<\/b> stehen im Internet. Dort gelangt man auch zu einer Programm-App. <a class=\"gradient-link\" href=\"https:\/\/hutfestival.de\" rel=\"nofollow noopener\" target=\"_blank\">hutfestival.de<\/a><\/p>\n","protected":false},"excerpt":{"rendered":"Auf B\u00fchnen und in der Innenstadt wird vom 30. Mai bis 1. Juni Unterhaltung pur geboten. Chemnitz. Im&hellip;\n","protected":false},"author":2,"featured_media":151057,"comment_status":"","ping_status":"","sticky":false,"template":"","format":"standard","meta":{"footnotes":""},"categories":[1851],"tags":[2770,3364,29,548,663,3934,30,13,14,15,859,12,3866],"class_list":{"0":"post-151056","1":"post","2":"type-post","3":"status-publish","4":"format-standard","5":"has-post-thumbnail","7":"category-chemnitz","8":"tag-chemnitz","9":"tag-de","10":"tag-deutschland","11":"tag-eu","12":"tag-europa","13":"tag-europe","14":"tag-germany","15":"tag-headlines","16":"tag-nachrichten","17":"tag-news","18":"tag-sachsen","19":"tag-schlagzeilen","20":"tag-veranstaltungen"},"share_on_mastodon":{"url":"https:\/\/pubeurope.com\/@de\/114595871127147128","error":""},"_links":{"self":[{"href":"https:\/\/www.europesays.com\/de\/wp-json\/wp\/v2\/posts\/151056","targetHints":{"allow":["GET"]}}],"collection":[{"href":"https:\/\/www.europesays.com\/de\/wp-json\/wp\/v2\/posts"}],"about":[{"href":"https:\/\/www.europesays.com\/de\/wp-json\/wp\/v2\/types\/post"}],"author":[{"embeddable":true,"href":"https:\/\/www.europesays.com\/de\/wp-json\/wp\/v2\/users\/2"}],"replies":[{"embeddable":true,"href":"https:\/\/www.europesays.com\/de\/wp-json\/wp\/v2\/comments?post=151056"}],"version-history":[{"count":0,"href":"https:\/\/www.europesays.com\/de\/wp-json\/wp\/v2\/posts\/151056\/revisions"}],"wp:featuredmedia":[{"embeddable":true,"href":"https:\/\/www.europesays.com\/de\/wp-json\/wp\/v2\/media\/151057"}],"wp:attachment":[{"href":"https:\/\/www.europesays.com\/de\/wp-json\/wp\/v2\/media?parent=151056"}],"wp:term":[{"taxonomy":"category","embeddable":true,"href":"https:\/\/www.europesays.com\/de\/wp-json\/wp\/v2\/categories?post=151056"},{"taxonomy":"post_tag","embeddable":true,"href":"https:\/\/www.europesays.com\/de\/wp-json\/wp\/v2\/tags?post=151056"}],"curies":[{"name":"wp","href":"https:\/\/api.w.org\/{rel}","templated":true}]}}