{"id":151074,"date":"2025-05-30T08:45:09","date_gmt":"2025-05-30T08:45:09","guid":{"rendered":"https:\/\/www.europesays.com\/de\/151074\/"},"modified":"2025-05-30T08:45:09","modified_gmt":"2025-05-30T08:45:09","slug":"demos-in-muenster-busse-fahren-anders","status":"publish","type":"post","link":"https:\/\/www.europesays.com\/de\/151074\/","title":{"rendered":"Demos in M\u00fcnster: Busse fahren anders"},"content":{"rendered":"<p>Am Samstag werden voraussichtlich zwischen 12 und 20 Uhr Umleitungen aller Buslinien im Innenstadtbereich notwendig. Grund daf\u00fcr sind mehrere Demonstrationen. Die Innenstadt, den Hauptbahnhof, die Eisenbahnstra\u00dfe und den Ludgeriplatz k\u00f6nnen die Busse daher zeitweise nicht anfahren.<\/p>\n<p>Anhand der vorgesehenen Sperrungen haben die Stadtwerke Umleitungen f\u00fcr fast alle Linien geplant. Da sich die Sperrbereiche im Verlaufe der Demonstration \u00e4ndern k\u00f6nnen, k\u00f6nnen sich auch kurzfristige \u00c4nderungen der Umleitungen ergeben.<\/p>\n<p>Die Stadtwerke bitten alle Fahrg\u00e4ste darum, sich auf St\u00f6rungen und Verz\u00f6gerungen einzustellen. Aufgrund der ge\u00e4nderten Linienwege und m\u00f6glicher Staus sind Versp\u00e4tungen und Ausf\u00e4lle von Fahrten m\u00f6glich.<\/p>\n<p><strong>Die Busse fahren voraussichtlich wie folgt:<\/strong><\/p>\n<p><strong>Linien 1 und 9:<\/strong> Zwischen den Haltestellen Metzerstra\u00dfe und Wilhelmstra\u00dfe bzw. Steinfurter Stra\u00dfe in beiden Richtungen \u00fcber Geiststra\u00dfe, Weseler Stra\u00dfe, Stadtgraben und Schlossplatz. Die Linien stoppen unter anderem nicht an den Haltestellen Ludgeriplatz, Hauptbahnhof und B\u00fclt. N\u00e4chster Ein- und Ausstieg zur Innenstadt: Schlossplatz und Neutor sowie Paulinum.<\/p>\n<p><strong>Linien 2 und 10:<\/strong> Zwischen den Haltestellen Aegidiimarkt und Zumsandestra\u00dfe in beiden Richtungen \u00fcber Krummer Timpen, Schlossplatz, M\u00fcnzstra\u00dfe und B\u00fclt. Die Linien stoppen unter anderem nicht an den Haltestellen Hauptbahnhof, Domplatz und Ludgeriplatz. N\u00e4chster Ein- und Ausstieg zur Innenstadt: Aegidiimarkt und B\u00fclt.<\/p>\n<p><strong>Linie 4<\/strong>: Zwischen den Haltestellen Aegidiimarkt und H\u00f6rstertor in beiden Richtungen \u00fcber Krummer Timpen, Schlossplatz, M\u00fcnzstra\u00dfe und B\u00fclt. Die Linie stoppt unter anderem nicht an den Haltestellen Hauptbahnhof, Domplatz und Ludgeriplatz. N\u00e4chster Ein- und Ausstieg zur Innenstadt: Aegidiimarkt und B\u00fclt.<\/p>\n<p><strong>Linie 5:<\/strong> Zwischen den Haltestellen D\u00fcesbergweg und B\u00fclt in beiden Richtungen \u00fcber Umgehungsstra\u00dfe und Warendorfer Stra\u00dfe. Die Linie stoppt unter anderem nicht an der Haltestelle Hauptbahnhof. N\u00e4chster Ein- und Ausstieg zur Innenstadt: B\u00fclt.<\/p>\n<p><strong>Linie 6:<\/strong> Zwischen den Haltestellen Loddenheide und H\u00f6rstertor in beiden Richtungen \u00fcber Umgehungsstra\u00dfe und Warendorfer Stra\u00dfe. Die Linie stoppt unter anderem nicht an der Haltestelle Hauptbahnhof. N\u00e4chster Ein- und Ausstieg zur Innenstadt: Zumsandstra\u00dfe, H\u00f6rstertor.<\/p>\n<p><strong>Linie 7 und R72\/R73:<\/strong> Als Linie 7 zwischen den Haltestellen Geiststra\u00dfe und Frie-Vendt-Platz (statt Hauptbahnhof) in beiden Richtungen \u00fcber Geiststra\u00dfe, Hammer Stra\u00dfe und Friedrich-Ebert-Stra\u00dfe. Als R72\/R73 zwischen den Haltestellen Frie-Vendt-Platz und Wilhelmstra\u00dfe in beiden Richtungen \u00fcber Friedrich-Ebert-Stra\u00dfe, Hammer Stra\u00dfe, Geiststra\u00dfe, Weseler Stra\u00dfe und Schlossplatz. Die Linie stoppt unter anderem nicht an den Haltestellen Hauptbahnhof, B\u00fclt und Ludgeriplatz. N\u00e4chster Ein- und Ausstieg zur Innenstadt: Frie-Vendt-Platz, Schlossplatz und Neutor sowie Paulinum.<\/p>\n<p><strong>Linie 8:<\/strong> Zwischen den Haltestellen Loddenheide und B\u00fclt in beiden Richtungen \u00fcber Umgehungsstra\u00dfe und Warendorfer Stra\u00dfe. Die Linie stoppt unter anderem nicht an der Haltestelle Hauptbahnhof. N\u00e4chster Ein- und Ausstieg zur Innenstadt: B\u00fclt.<\/p>\n<p><strong>Linie 11:<\/strong> Zwischen den Haltestellen M\u00fchlh\u00e4user Stra\u00dfe und Aegidiimarkt in beiden Richtungen \u00fcber Umgehungsstra\u00dfe, Hammer Stra\u00dfe, Geiststra\u00dfe, Weseler Stra\u00dfe und Aegidiistra\u00dfe. Die Linie stoppt unter anderem nicht an den Haltestellen Hauptbahnhof, Domplatz und Ludgeriplatz. N\u00e4chster Ein- und Ausstieg zur Innenstadt: Aegidiimarkt.<\/p>\n<p><strong>Linie 12 und 22 (R22\/R32):<\/strong> Als Linie 22 zwischen den Haltestellen M\u00fchlh\u00e4user Stra\u00dfe und Frie-Vendt-Platz (statt Hauptbahnhof) \u00fcber Umgehungsstra\u00dfe, Hammer Stra\u00dfe und Friedrich-Ebert-Stra\u00dfe. Als Linie 12 zwischen den Haltestellen Frie-Vendt-Platz und Aegidiimarkt in beiden Richtungen \u00fcber Friedrich-Ebert-Stra\u00dfe, Hammer Stra\u00dfe, Geiststra\u00dfe, Weseler Stra\u00dfe und Aegidiistra\u00dfe. Die Linien stoppen unter anderem nicht an den Haltestellen Hauptbahnhof, Domplatz und Ludgeriplatz. N\u00e4chster Ein- und Ausstieg zur Innenstadt: Frie-Vendt-Platz und Aegidiimarkt.<\/p>\n<p><strong>Linie 14:<\/strong> Zwischen den Haltestellen Hansa-Berufskolleg und Aegidiitor in beiden Richtungen \u00fcber Wolbecker Stra\u00dfe, Umgehungsstra\u00dfe, Hammer Stra\u00dfe, Geiststra\u00dfe und Weseler Stra\u00dfe. Die Linie stoppt unter anderem nicht an den Haltestellen Hauptbahnhof, Domplatz und Ludgeriplatz. N\u00e4chster Ein- und Ausstieg zur Innenstadt: Aegidiitor.<\/p>\n<p><strong>Linien 15 und 16:<\/strong> Zwischen den Haltestellen Geiststra\u00dfe und Am Kreuztor in beiden Richtungen \u00fcber Weseler Stra\u00dfe, Stadtgraben, Schlossplatz und M\u00fcnzstra\u00dfe.\u00a0Die Linien stoppen unter anderem nicht an den Haltestellen Ludgeriplatz, Hauptbahnhof, und B\u00fclt. N\u00e4chster Ein- und Ausstieg zur Innenstadt: Am Kreuztor.<\/p>\n<p><strong>Linie 17:<\/strong> Zwischen der Haltestelle H\u00f6rstertor und Endhaltestelle MCC Halle M\u00fcnsterland (statt Hauptbahnhof) in beiden Richtungen \u00fcber Warendorfer Stra\u00dfe, Hohenzollernring, Hansaring und Albersloher Weg. Die Linie stoppt unter anderem nicht an der Haltestelle Hauptbahnhof. N\u00e4chster Ein- und Ausstieg zur Innenstadt: Zumsandestra\u00dfe, H\u00f6rstertor und Hansaring.<\/p>\n<p><strong>Linie 33:<\/strong> Ab Haltestelle MCC Halle M\u00fcnsterland \u00fcber Albersloher Weg zum Hansaring, weiter bis Haltestelle Geiststra\u00dfe, ab dort \u00fcber Geiststra\u00dfe, Hammer Stra\u00dfe und Umgehungsstra\u00dfe zur MCC Halle M\u00fcnsterland. Die Linie stoppt unter anderem nicht an der Haltestelle Ludgeriplatz.<\/p>\n<p><strong>Linie 34:<\/strong> Ab Haltestelle MCC Halle M\u00fcnsterland \u00fcber Albersloher Weg, Umgehungsstra\u00dfe, Hammer Stra\u00dfe und Geiststra\u00dfe zur Haltestelle Geiststra\u00dfe, von dort weiter \u00fcber den Ring bis Hansaring und weiter zur Haltestelle MCC Halle M\u00fcnsterland. Die Linie stoppt unter anderem nicht an der Haltestelle Ludgeriplatz.<\/p>\n<p>Die Regionalbusse fahren ebenfalls Umleitungen:<\/p>\n<p>Die <strong>Linien R11 und R13<\/strong> fahren \u00fcber den Ring zum MCC Halle M\u00fcnsterland. Die <strong>Linien R51 und S50<\/strong> fahren die Haltestelle B\u00fclt an. Die <strong>Linien R63\/R64, R72\/R73 und S70<\/strong> fahren \u00fcber Schlossplatz zum Frie-Vendt-Platz. Die <strong>Linien S60, S75, S90 und X90<\/strong> starten und enden am Frie-Vendt-Platz.\u00a0<\/p>\n<p>Alkohol, Glas und Waffen verboten<\/p>\n<p>F\u00fcr das Wochenende hat die Bundespolizei f\u00fcr den Hauptbahnhof M\u00fcnster eine Allgemeinverf\u00fcgung erlassen, die das Mitf\u00fchren von gef\u00e4hrlichen Gegenst\u00e4nden, Glasflaschen und von alkoholischen Getr\u00e4nken untersagt. Die Allgemeinverf\u00fcgung gilt zudem f\u00fcr die Bahnstrecken<\/p>\n<ul>\n<li>Lengerich &#8211; M\u00fcnster Hbf &#8211; D\u00fclmen<\/li>\n<li>Rheine &#8211; M\u00fcnster Hbf &#8211; Hamm<\/li>\n<li>M\u00fcnster Hbf &#8211; Capelle<\/li>\n<\/ul>\n<p>sowie alle dort verkehrenden Z\u00fcge in beide Richtungen.<\/p>\n<p>Die Allgemeinverf\u00fcgung gilt vom Freitag (30.05.), 00:00 Uhr bis Sonntag (01.06.), 23:59 Uhr. Sie dient der Erh\u00f6hung der Sicherheit im Bahnverkehr sowie als Gefahrenfilter f\u00fcr die innerst\u00e4dtischen Versammlungen und Veranstaltungen.<\/p>\n<p>Die Verf\u00fcgung umfasst ein Mitf\u00fchrverbot von gef\u00e4hrlichen Gegenst\u00e4nden wie Schuss-, Hieb-, Sto\u00df- und Stichwaffen sowie Messern aller Art, Glasflaschen und von alkoholischen Getr\u00e4nken. Nachbildungen von Schusswaffen fallen ebenso unter die Verf\u00fcgung wie Schlagst\u00f6cke oder Reizstoffspr\u00fchger\u00e4te. Die Bundespolizei hat kein Verkaufsverbot f\u00fcr die im Hauptbahnhof M\u00fcnster ans\u00e4ssigen Gesch\u00e4fte erlassen. Dort angebotene alkoholische Getr\u00e4nke k\u00f6nnen erworben werden.<\/p>\n<p>Allerdings ist der Hauptbahnhof anschlie\u00dfend auf dem direkten Weg zu verlassen.<\/p>\n<p>Die Bundespolizei wird im Geltungszeitraum der Allgemeinverf\u00fcgung verst\u00e4rkt Kontrollen durchf\u00fchren. Verst\u00f6\u00dfe gegen das Mitf\u00fchrverbot k\u00f6nnen ein Zwangsgeld, Bu\u00dfgeld oder Strafverfahren nach sich ziehen.<\/p>\n<p>Bestimmungen und Ausnahmen k\u00f6nnen der Allgemeinverf\u00fcgung eingesehen werden. <a href=\"https:\/\/t1p.de\/wr61v\" rel=\"noopener noreferrer\" target=\"_blank\">Sie ist hier abrufbar.<\/a> Zudem h\u00e4ngen im Hauptbahnhof M\u00fcnster Plakate aus, die auf die bestehende Verbotszone hinweisen.<\/p>\n<p><strong>Hintergrund<\/strong><\/p>\n<p>In M\u00fcnster wurden von Januar 2025 bis 23. Mai 2025 insgesamt 58 Vorf\u00e4lle in und am Hauptbahnhof festgestellt, bei denen die Tatverd\u00e4chtigen bzw. Beschuldigten eine Waffe oder andere gef\u00e4hrliche Gegenst\u00e4nde zumindest mitf\u00fchrten oder bei Gewaltdelikten unter Alkoholeinfluss standen. Erst am Dienstagmorgen (27.05.) bedrohte ein 26-j\u00e4hriger Ladendieb zwei Mitarbeiter eines Gesch\u00e4fts im Hauptbahnhof M\u00fcnster mit einem spitzen Gegenstand bevor er aus dem Hauptbahnhof fl\u00fcchtete.<\/p>\n<p>Die Demonstrationen<\/p>\n<p>Am Samstag (31.05.) findet in M\u00fcnster eine <strong>Demonstration des Querdenker-B\u00fcndnisses &#8222;Gemeinsam f\u00fcr Deutschland&#8220;<\/strong> statt. Sie soll um 14:00 Uhr am Servatiiplatz starten. Als Reaktion auf diese Versammlung wurden vom B\u00fcndnis &#8222;Keinen Meter den Nazis&#8220; <strong>f\u00fcnf Gegendemonstrationen<\/strong> entlang der Marschroute angemeldet: am Servatiiplatz, dem Ludgeriplatz, am Bahnhofsvorplatz, an der Engelstra\u00dfe und an der Hafenstra\u00dfe.<\/p>\n<p>Docklands<\/p>\n<p><a href=\"https:\/\/www.antennemuenster.de\/artikel\/fette-beats-beim-docklands-2326255.html\" rel=\"noopener noreferrer\" target=\"_blank\">Zeitgleich findet am Hafen das <strong>&#8222;Docklands-Festival&#8220;<\/strong> mit bis zu 16.000 Besucher:innen statt.<\/a> Die An- und Abreise der Versammlungs- und Festivalteilnehmer erfolgt zu gro\u00dfen Teilen \u00fcber den Hauptbahnhof M\u00fcnster.<\/p>\n<p><strong>Die Polizei r\u00e4t, die Innenstadt am Samstag mit Fahrzeugen weitr\u00e4umig zu umfahren.<\/strong><\/p>\n","protected":false},"excerpt":{"rendered":"Am Samstag werden voraussichtlich zwischen 12 und 20 Uhr Umleitungen aller Buslinien im Innenstadtbereich notwendig. Grund daf\u00fcr sind&hellip;\n","protected":false},"author":2,"featured_media":151075,"comment_status":"","ping_status":"","sticky":false,"template":"","format":"standard","meta":{"footnotes":""},"categories":[1843],"tags":[5677,53741,53740,53742,3364,710,29,30,8970,1209,3395],"class_list":{"0":"post-151074","1":"post","2":"type-post","3":"status-publish","4":"format-standard","5":"has-post-thumbnail","7":"category-muenster","8":"tag-munster","9":"tag-bndnis-keinen-meter-den-nazis","10":"tag-keinen-meter-den-nazis","11":"tag-protestaktionen","12":"tag-de","13":"tag-demonstrationen","14":"tag-deutschland","15":"tag-germany","16":"tag-muenster","17":"tag-nordrhein-westfalen","18":"tag-querdenker"},"share_on_mastodon":{"url":"https:\/\/pubeurope.com\/@de\/114595910667224775","error":""},"_links":{"self":[{"href":"https:\/\/www.europesays.com\/de\/wp-json\/wp\/v2\/posts\/151074","targetHints":{"allow":["GET"]}}],"collection":[{"href":"https:\/\/www.europesays.com\/de\/wp-json\/wp\/v2\/posts"}],"about":[{"href":"https:\/\/www.europesays.com\/de\/wp-json\/wp\/v2\/types\/post"}],"author":[{"embeddable":true,"href":"https:\/\/www.europesays.com\/de\/wp-json\/wp\/v2\/users\/2"}],"replies":[{"embeddable":true,"href":"https:\/\/www.europesays.com\/de\/wp-json\/wp\/v2\/comments?post=151074"}],"version-history":[{"count":0,"href":"https:\/\/www.europesays.com\/de\/wp-json\/wp\/v2\/posts\/151074\/revisions"}],"wp:featuredmedia":[{"embeddable":true,"href":"https:\/\/www.europesays.com\/de\/wp-json\/wp\/v2\/media\/151075"}],"wp:attachment":[{"href":"https:\/\/www.europesays.com\/de\/wp-json\/wp\/v2\/media?parent=151074"}],"wp:term":[{"taxonomy":"category","embeddable":true,"href":"https:\/\/www.europesays.com\/de\/wp-json\/wp\/v2\/categories?post=151074"},{"taxonomy":"post_tag","embeddable":true,"href":"https:\/\/www.europesays.com\/de\/wp-json\/wp\/v2\/tags?post=151074"}],"curies":[{"name":"wp","href":"https:\/\/api.w.org\/{rel}","templated":true}]}}