{"id":151086,"date":"2025-05-30T08:51:13","date_gmt":"2025-05-30T08:51:13","guid":{"rendered":"https:\/\/www.europesays.com\/de\/151086\/"},"modified":"2025-05-30T08:51:13","modified_gmt":"2025-05-30T08:51:13","slug":"bochum-hamme-brand-in-disko-rouge","status":"publish","type":"post","link":"https:\/\/www.europesays.com\/de\/151086\/","title":{"rendered":"Bochum-Hamme: Brand in Disko \u201eRouge\u201c"},"content":{"rendered":"<p>\t\tBrand in Bochumer Disko \u201eRouge\u201c<br \/>\n\t\t\t\t\tFeuerwehr im n\u00e4chtlichen Gro\u00dfeinsatz<\/p>\n<p>\t30.05.2025 09:07 Uhr<\/p>\n<p>\t\tTeilen<\/p>\n<p>\n\tIn Merkliste \u00fcbernehmen\n<\/p>\n<p>    <a href=\"https:\/\/www.ruhrnachrichten.de\/wp-content\/uploads\/2025\/05\/30\/04\/630_0900_4752144_20250530_Brand_Bochum_JustinBrosch_6-1648x824.jpg\" target=\"_blank\" rel=\"noopener\"><\/p>\n<p>            <img decoding=\"async\" fetchpriority=\"high\" src=\"https:\/\/www.europesays.com\/de\/wp-content\/uploads\/2025\/05\/630_0900_4752143_20250530_Brand_Bochum_JustinBrosch_6-640x428.jpg\" width=\"640\" height=\"428\"  alt=\"Feuer in der Bochumer Disko \u201eRouge\u201c an der A40. Die Feuerwehr ist im Gro\u00dfeinsatz.\"\/><\/p>\n<p>    <\/a><br \/>\n    In der Bochumer Disko \u201eRouge\u201c an der A40 ist ein Feuer ausgebrochen. Die Feuerwehr war im Gro\u00dfeinsatz. \u00a9 Justin Brosch<\/p>\n<p class=\"article__teaser-text\">In der Bochumer Disko \u201eRouge\u201c an der A40 ist ein Feuer ausgebrochen. Die Feuerwehr war im Gro\u00dfeinsatz.<\/p>\n<p>1 Min Lesezeit<\/p>\n<p>Brand in Bochumer Disko \u201eRouge\u201c: Konzert f\u00e4llt aus<\/p>\n<p>\n\t<a href=\"https:\/\/www.ruhrnachrichten.de\" class=\"button button--brand button--link home-button\" target=\"_blank\" rel=\"noopener\">Zur Startseite<\/a><\/p>\n","protected":false},"excerpt":{"rendered":"Brand in Bochumer Disko \u201eRouge\u201c Feuerwehr im n\u00e4chtlichen Gro\u00dfeinsatz 30.05.2025 09:07 Uhr Teilen In Merkliste \u00fcbernehmen In der&hellip;\n","protected":false},"author":2,"featured_media":151087,"comment_status":"","ping_status":"","sticky":false,"template":"","format":"standard","meta":{"footnotes":""},"categories":[1839],"tags":[1950,7507,3364,29,30,1209],"class_list":{"0":"post-151086","1":"post","2":"type-post","3":"status-publish","4":"format-standard","5":"has-post-thumbnail","7":"category-bochum","8":"tag-blaulicht","9":"tag-bochum","10":"tag-de","11":"tag-deutschland","12":"tag-germany","13":"tag-nordrhein-westfalen"},"share_on_mastodon":{"url":"https:\/\/pubeurope.com\/@de\/114595933990802062","error":""},"_links":{"self":[{"href":"https:\/\/www.europesays.com\/de\/wp-json\/wp\/v2\/posts\/151086","targetHints":{"allow":["GET"]}}],"collection":[{"href":"https:\/\/www.europesays.com\/de\/wp-json\/wp\/v2\/posts"}],"about":[{"href":"https:\/\/www.europesays.com\/de\/wp-json\/wp\/v2\/types\/post"}],"author":[{"embeddable":true,"href":"https:\/\/www.europesays.com\/de\/wp-json\/wp\/v2\/users\/2"}],"replies":[{"embeddable":true,"href":"https:\/\/www.europesays.com\/de\/wp-json\/wp\/v2\/comments?post=151086"}],"version-history":[{"count":0,"href":"https:\/\/www.europesays.com\/de\/wp-json\/wp\/v2\/posts\/151086\/revisions"}],"wp:featuredmedia":[{"embeddable":true,"href":"https:\/\/www.europesays.com\/de\/wp-json\/wp\/v2\/media\/151087"}],"wp:attachment":[{"href":"https:\/\/www.europesays.com\/de\/wp-json\/wp\/v2\/media?parent=151086"}],"wp:term":[{"taxonomy":"category","embeddable":true,"href":"https:\/\/www.europesays.com\/de\/wp-json\/wp\/v2\/categories?post=151086"},{"taxonomy":"post_tag","embeddable":true,"href":"https:\/\/www.europesays.com\/de\/wp-json\/wp\/v2\/tags?post=151086"}],"curies":[{"name":"wp","href":"https:\/\/api.w.org\/{rel}","templated":true}]}}