{"id":151092,"date":"2025-05-30T08:54:26","date_gmt":"2025-05-30T08:54:26","guid":{"rendered":"https:\/\/www.europesays.com\/de\/151092\/"},"modified":"2025-05-30T08:54:26","modified_gmt":"2025-05-30T08:54:26","slug":"solarhersteller-meyer-burger-stoppt-produktion-in-den-usa","status":"publish","type":"post","link":"https:\/\/www.europesays.com\/de\/151092\/","title":{"rendered":"Solarhersteller Meyer Burger stoppt Produktion in den USA"},"content":{"rendered":"<p>&#13;<br \/>\n            Thun. Der auch in Sachsen und Sachsen-Anhalt t\u00e4tige Solarhersteller Meyer Burger stellt seine Solarmodulproduktion in den USA ein. Das Unternehmen sehe sich aufgrund fehlender finanzieller Mittel gezwungen, seine noch im Hochlauf befindliche Solarmodulproduktion in den USA zu stoppen, teilte es in Thun in der Schweiz mit. Den 282 Mitarbeiterinnen und Mitarbeiter sei gek\u00fcndigt worden. \u201eDie Zukunft des Standorts ist offen\u201c, hie\u00df es weiter. <\/p>\n<p>Gerade erst wurde die Fertigung im US-Bundesstaat Arizona mit in Deutschland hergestellten Solarzellen aufgebaut. Meyer Burger befindet sich nach eigenen Angaben in Gespr\u00e4chen zur Restrukturierung mit Anleihegl\u00e4ubigern. Betroffen seien zwei Wandelanleihen, die 2027 und 2029 f\u00e4llig sind. <\/p>\n<p>Das Unternehmen ist seit einigen Jahren in Schwierigkeiten, unter anderem wegen billiger Konkurrenz aus China. Im Herbst hatte Meyer Burger bereits einen Abbau von rund 20 Prozent seiner damals gut 1000 Stellen angek\u00fcndigt, wom\u00f6glich auch in Deutschland. Zu dem Zeitpunkt ging es aber noch davon aus, dass der Standort USA aufgebaut wird. Im Dezember teilte das Unternehmen mit, Gl\u00e4ubiger h\u00e4tten eine \u00dcberbr\u00fcckungsfinanzierung von fast 40 Millionen Dollar zugesichert. <\/p>\n","protected":false},"excerpt":{"rendered":"&#13; Thun. Der auch in Sachsen und Sachsen-Anhalt t\u00e4tige Solarhersteller Meyer Burger stellt seine Solarmodulproduktion in den USA&hellip;\n","protected":false},"author":2,"featured_media":151093,"comment_status":"","ping_status":"","sticky":false,"template":"","format":"standard","meta":{"footnotes":""},"categories":[3977],"tags":[331,332,1140,29,1149,13,54,14,15,859,860,12,293,4017,4018,4016,64,4019,4020],"class_list":{"0":"post-151092","1":"post","2":"type-post","3":"status-publish","4":"format-standard","5":"has-post-thumbnail","7":"category-usa","8":"tag-aktuelle-nachrichten","9":"tag-aktuelle-news","10":"tag-arbeit","11":"tag-deutschland","12":"tag-energie","13":"tag-headlines","14":"tag-industrie","15":"tag-nachrichten","16":"tag-news","17":"tag-sachsen","18":"tag-sachsen-anhalt","19":"tag-schlagzeilen","20":"tag-schweiz","21":"tag-united-states","22":"tag-united-states-of-america","23":"tag-us","24":"tag-usa","25":"tag-vereinigte-staaten","26":"tag-vereinigte-staaten-von-amerika"},"share_on_mastodon":{"url":"https:\/\/pubeurope.com\/@de\/114595945786226415","error":""},"_links":{"self":[{"href":"https:\/\/www.europesays.com\/de\/wp-json\/wp\/v2\/posts\/151092","targetHints":{"allow":["GET"]}}],"collection":[{"href":"https:\/\/www.europesays.com\/de\/wp-json\/wp\/v2\/posts"}],"about":[{"href":"https:\/\/www.europesays.com\/de\/wp-json\/wp\/v2\/types\/post"}],"author":[{"embeddable":true,"href":"https:\/\/www.europesays.com\/de\/wp-json\/wp\/v2\/users\/2"}],"replies":[{"embeddable":true,"href":"https:\/\/www.europesays.com\/de\/wp-json\/wp\/v2\/comments?post=151092"}],"version-history":[{"count":0,"href":"https:\/\/www.europesays.com\/de\/wp-json\/wp\/v2\/posts\/151092\/revisions"}],"wp:featuredmedia":[{"embeddable":true,"href":"https:\/\/www.europesays.com\/de\/wp-json\/wp\/v2\/media\/151093"}],"wp:attachment":[{"href":"https:\/\/www.europesays.com\/de\/wp-json\/wp\/v2\/media?parent=151092"}],"wp:term":[{"taxonomy":"category","embeddable":true,"href":"https:\/\/www.europesays.com\/de\/wp-json\/wp\/v2\/categories?post=151092"},{"taxonomy":"post_tag","embeddable":true,"href":"https:\/\/www.europesays.com\/de\/wp-json\/wp\/v2\/tags?post=151092"}],"curies":[{"name":"wp","href":"https:\/\/api.w.org\/{rel}","templated":true}]}}