{"id":151100,"date":"2025-05-30T08:58:19","date_gmt":"2025-05-30T08:58:19","guid":{"rendered":"https:\/\/www.europesays.com\/de\/151100\/"},"modified":"2025-05-30T08:58:19","modified_gmt":"2025-05-30T08:58:19","slug":"shawn-mendes-ist-on-the-road-again-und-kuendigt-tourdaten-in-europa-und-nordamerika-an","status":"publish","type":"post","link":"https:\/\/www.europesays.com\/de\/151100\/","title":{"rendered":"Shawn Mendes ist On The Road Again und k\u00fcndigt Tourdaten in Europa und Nordamerika an"},"content":{"rendered":"<p class=\"date\">30.05.2025 \u2013 10:33<\/p>\n<p class=\"customer\">\n                        <a class=\"story-customer\" title=\"weiter zum newsroom von MCT Agentur GmbH\" href=\"https:\/\/www.presseportal.de\/nr\/59720\" target=\"_blank\" rel=\"noopener\">MCT Agentur GmbH<\/a>\n                    <\/p>\n<p><a class=\"glightbox event-trigger\" href=\"https:\/\/cache.pressmailing.net\/thumbnail\/story_hires\/7da81c75-d336-4540-ae1b-164e15e830bb\/sm25live-%20press%20raw.jpg.jpg\" data-description=\"Shawn Mendes, press \/ Weiterer Text \u00fcber ots und www.presseportal.de\/nr\/59720 \/ Die Verwendung dieses Bildes f\u00fcr redaktionelle Zwecke ist unter Beachtung aller mitgeteilten Nutzungsbedingungen zul\u00e4ssig und dann auch honorarfrei. Ver\u00f6ffentlichung ausschlie\u00dflich mit Bildrechte-Hinweis.\" data-category=\"medialightbox\" data-action=\"click\" data-label=\"single\" data-value=\"68396974270000fd2c961efa\" target=\"_blank\" rel=\"noopener\"><img decoding=\"async\" height=\"540\" with=\"720\" src=\"https:\/\/www.europesays.com\/de\/wp-content\/uploads\/2025\/05\/shawn-mendes-ist-on-the-road-again-und-k-ndigt-tourdaten-in-europa-und-nordamerika-an.jpeg\"   alt=\"Shawn Mendes ist On The Road Again und k\u00fcndigt Tourdaten in Europa und Nordamerika an\" class=\"single\"\/><\/a><\/p>\n<p><a data-category=\"citylink-story-view\" data-action=\"click\" data-label=\"Citylink in Meldungsansicht\" class=\"story-city event-trigger\" href=\"https:\/\/www.presseportal.de\/regional\/New%20York%2C%20USA\" title=\"News aus New York, USA \" target=\"_blank\" rel=\"noopener\">New York, USA<\/a> (ots)<\/p>\n<p> Nach seiner erfolgreichen Headliner-Tournee durch Lateinamerika im Fr\u00fchjahr 2025 gab der mehrfach mit Platin ausgezeichnete und f\u00fcr einen Grammy nominierte S\u00e4nger und Songwriter Shawn Mendes bekannt, dass er dieses Jahr wieder On The Road Again sein wird, mit zus\u00e4tzlichen Headliner-Terminen in Europa und Nordamerika. <\/p>\n<p> Die kommenden Shows werden ein spektakul\u00e4res Set mit den gr\u00f6\u00dften Hits der letzten zehn Jahre aus seiner gesamten Karriere feiern. Die neue Headliner-Tournee macht am<b> 12. August in K\u00f6ln Station<\/b>. Die Fans werden auf eine Reise von seinem ersten Album bis zu seinem neuesten Release &#8222;Shawn&#8220; mitgenommen. Einen Trailer zur Tour gibt es  <a target=\"_blank\" class=\"uri-ext outbound\" rel=\"noopener\" href=\"https:\/\/bit.ly\/4mBgpcM\">hier<\/a>. <\/p>\n<p> Die neu angek\u00fcndigten Termine beginnen am 5. August und erstrecken sich \u00fcber den Herbst hinweg quer durch Europa und Nordamerika. Sie folgen auf seine bereits angek\u00fcndigten Headliner-Auftritte bei verschiedenen Festivals in Europa im August. Nach seinem rekordverd\u00e4chtigen Auftritt bei Rock in Rio im letzten Herbst hat Shawn 2025 die B\u00fchnen im Sturm erobert und war Headliner beim Lollapalooza in Indien, Argentinien, Chile und Brasilien. Die Europa-Tournee beginnt in Krakau und f\u00fchrt unter anderem nach London, Amsterdam und Madrid. Ende September geht die Tournee nach Nordamerika, wo unter anderem Toronto, New York und Chicago auf dem Programm stehen, bevor sie im legend\u00e4ren Hollywood Bowl in Los Angeles endet. Shawn wird in Europa von MARO und Lubiana und in Nordamerika von Eddie Benjamin supportet. <\/p>\n<p> Tickets sind im Pre-Sale ab<b> Mittwoch, 4. Juni, um 10 Uhr Ortszeit<\/b> erh\u00e4ltlich und gehen am<b> Freitag, 6. Juni, um 10 Uhr Ortszeit<\/b> in den \u00f6ffentlichen Verkauf. Der Vorverkauf f\u00fcr K\u00fcnstler \u00fcber Seated (+O2-Vorverkauf in London) beginnt am <b>Mittwoch, 4. Juni, um 10 Uhr <\/b>Ortszeit. Der Vorverkauf f\u00fcr Spotify-Fans und lokale Veranstaltungsorte beginnt am <b>Donnerstag, 5. Juni, um 10 Uhr<\/b> Ortszeit. Der K\u00fcnstler Pre-Sale endet am <b>5. Juni um 22 Uhr Ortszeit f\u00fcr Nordamerika<\/b> und am <b>Freitag, 6. Juni, um 9:59 Uhr Ortszeit f\u00fcr Europa<\/b>. Der \u00f6ffentliche Verkauf beginnt am <b>Freitag, 6. Juni, um 10 Uhr Ortszeit <\/b>unter  <a target=\"_blank\" class=\"uri-ext outbound\" rel=\"noopener\" href=\"http:\/\/www.shawnmendesofficial.com\/live\">http:\/\/www.shawnmendesofficial.com\/live<\/a>. <\/p>\n<p class=\"contact-headline\">Pressekontakt:<\/p>\n<p class=\"contact-text\">MCT Agentur GmbH, Strausberger Platz 2, 10243 Berlin<br \/>Tel: +49 (0)30 53 63 82 00, Fax: +49 (0)30 53 63 2 22<br \/>E-Mail: <a href=\"https:\/\/www.presseportal.de\/pm\/59720\/mailto: presse@mct-agentur.com\" class=\"uri-mailto\" target=\"_blank\" rel=\"noopener\"> presse@mct-agentur.com<\/a><br \/>Web: <a target=\"_blank\" class=\"uri-ext outbound\" rel=\"noopener\" href=\"https:\/\/www.mct-agentur.com\">www.mct-agentur.com<\/a><\/p>\n<p class=\"originator\">Original-Content von: MCT Agentur GmbH, \u00fcbermittelt durch news aktuell<\/p>\n","protected":false},"excerpt":{"rendered":"30.05.2025 \u2013 10:33 MCT Agentur GmbH New York, USA (ots) Nach seiner erfolgreichen Headliner-Tournee durch Lateinamerika im Fr\u00fchjahr&hellip;\n","protected":false},"author":2,"featured_media":151101,"comment_status":"","ping_status":"","sticky":false,"template":"","format":"standard","meta":{"footnotes":""},"categories":[3933],"tags":[331,332,3477,548,663,158,3934,3935,13,810,14,15,178,180,179,181,12,18867,215,3699],"class_list":{"0":"post-151100","1":"post","2":"type-post","3":"status-publish","4":"format-standard","5":"has-post-thumbnail","7":"category-eu","8":"tag-aktuelle-nachrichten","9":"tag-aktuelle-news","10":"tag-bild","11":"tag-eu","12":"tag-europa","13":"tag-europaeische-union","14":"tag-europe","15":"tag-european-union","16":"tag-headlines","17":"tag-musik","18":"tag-nachrichten","19":"tag-news","20":"tag-presse","21":"tag-pressemeldung","22":"tag-pressemitteilung","23":"tag-pressemitteilungen","24":"tag-schlagzeilen","25":"tag-terminvorschau","26":"tag-unterhaltung","27":"tag-veranstaltung"},"share_on_mastodon":{"url":"https:\/\/pubeurope.com\/@de\/114595961554122626","error":""},"_links":{"self":[{"href":"https:\/\/www.europesays.com\/de\/wp-json\/wp\/v2\/posts\/151100","targetHints":{"allow":["GET"]}}],"collection":[{"href":"https:\/\/www.europesays.com\/de\/wp-json\/wp\/v2\/posts"}],"about":[{"href":"https:\/\/www.europesays.com\/de\/wp-json\/wp\/v2\/types\/post"}],"author":[{"embeddable":true,"href":"https:\/\/www.europesays.com\/de\/wp-json\/wp\/v2\/users\/2"}],"replies":[{"embeddable":true,"href":"https:\/\/www.europesays.com\/de\/wp-json\/wp\/v2\/comments?post=151100"}],"version-history":[{"count":0,"href":"https:\/\/www.europesays.com\/de\/wp-json\/wp\/v2\/posts\/151100\/revisions"}],"wp:featuredmedia":[{"embeddable":true,"href":"https:\/\/www.europesays.com\/de\/wp-json\/wp\/v2\/media\/151101"}],"wp:attachment":[{"href":"https:\/\/www.europesays.com\/de\/wp-json\/wp\/v2\/media?parent=151100"}],"wp:term":[{"taxonomy":"category","embeddable":true,"href":"https:\/\/www.europesays.com\/de\/wp-json\/wp\/v2\/categories?post=151100"},{"taxonomy":"post_tag","embeddable":true,"href":"https:\/\/www.europesays.com\/de\/wp-json\/wp\/v2\/tags?post=151100"}],"curies":[{"name":"wp","href":"https:\/\/api.w.org\/{rel}","templated":true}]}}