{"id":151107,"date":"2025-05-30T09:02:12","date_gmt":"2025-05-30T09:02:12","guid":{"rendered":"https:\/\/www.europesays.com\/de\/151107\/"},"modified":"2025-05-30T09:02:12","modified_gmt":"2025-05-30T09:02:12","slug":"cold-case-festnahme-nach-32-jahren-in-bonn-bad-godesberg-regional","status":"publish","type":"post","link":"https:\/\/www.europesays.com\/de\/151107\/","title":{"rendered":"Cold Case: Festnahme nach 32 Jahren in Bonn-Bad Godesberg | Regional"},"content":{"rendered":"<p>Bonn \u2013 <b>Nach \u00fcber 32 Jahren hat die Polizei einen Verd\u00e4chtigen wegen eines Mordes in Bonn-Bad Godesberg festgenommen.<\/b><\/p>\n<p>Am 18.10.1992 wurde eine 29-j\u00e4hrige Frau tot in ihrer Wohnung in der R\u00f6ntgenstra\u00dfe gefunden. Die Polizei wurde wegen eines Feuers alarmiert, das in der Wohnung ausgebrochen war. Eine rechtsmedizinische Untersuchung ergab Hinweise auf Gewaltanwendung.<\/p>\n<p>Auch interessant<\/p>\n<p>Anzeige<\/p>\n<p>Auch interessant<\/p>\n<p>Anzeige<\/p>\n<p>Die damaligen Ermittlungen f\u00fchrten zun\u00e4chst zu keinem Ergebnis. Doch die Cold Case Ermittler des Kriminalkommissariats 11 nahmen den Fall erneut auf. Dank neuer wissenschaftlicher Methoden wurden Spuren am Tatort untersucht, die den heute 59-j\u00e4hrigen Verd\u00e4chtigen in den Fokus r\u00fcckten.<\/p>\n<p>Am 28.05.2025 wurde der Mann in Bad Breisig festgenommen und dem Haftrichter vorgef\u00fchrt. Dieser erlie\u00df einen Untersuchungshaftbefehl wegen Mordes. Die Ermittlungen, die in enger Zusammenarbeit mit der Bonner Staatsanwaltschaft gef\u00fchrt werden, dauern an.<\/p>\n<p>NRW-Innenminister Herbert Reul kommentierte: Der erfolgreiche Abschluss dieses Falls ist ein herausragender Ermittlungserfolg. Er zeigt: Unsere Polizei gibt nicht auf. Sie ermittelt mit Ausdauer, Pr\u00e4zision und einem klaren Ziel: Gerechtigkeit. Verbrecher sollten sich nicht zu sicher f\u00fchlen. Auch nach Jahrzehnten ist es m\u00f6glich, F\u00e4lle noch zu l\u00f6sen und T\u00e4ter zur Rechenschaft zu ziehen. Dieser Cold Case sendet ein starkes Signal: Der Rechtsstaat bleibt wachsam. Wer Unrecht begeht, muss wissen, dass wir nicht locker lassen.<\/p>\n<p>Leitender Kriminaldirektor Klaus Zimmermann f\u00fcgte hinzu: Unsere Cold-Case-Ermittlungsgruppe ist seit mehreren Jahren im Einsatz. Die Ermittler befassen sich intensiv mit zur\u00fcckliegenden, ungel\u00f6sten Mord- und T\u00f6tungsdelikten und arbeiten diese unter Ber\u00fccksichtigung der immer fortschrittlicheren kriminalwissenschaftlichen und technischen Untersuchungsmethoden neu auf. Unser Ziel ist es, dar\u00fcber weitere Ermittlungsans\u00e4tze zu gewinnen und alte F\u00e4lle zur Aufkl\u00e4rung zu bringen.<\/p>\n<p>Dieser Text basiert auf einer offiziellen Beh\u00f6rden-Information und wurde mit Hilfe von KI erstellt.<\/p>\n","protected":false},"excerpt":{"rendered":"Bonn \u2013 Nach \u00fcber 32 Jahren hat die Polizei einen Verd\u00e4chtigen wegen eines Mordes in Bonn-Bad Godesberg festgenommen.&hellip;\n","protected":false},"author":2,"featured_media":78008,"comment_status":"","ping_status":"","sticky":false,"template":"","format":"standard","meta":{"footnotes":""},"categories":[1842],"tags":[1741,3364,29,30,2509,2183,1209,121,45,1995],"class_list":{"0":"post-151107","1":"post","2":"type-post","3":"status-publish","4":"format-standard","5":"has-post-thumbnail","7":"category-bonn","8":"tag-bonn","9":"tag-de","10":"tag-deutschland","11":"tag-germany","12":"tag-ki-ots","13":"tag-mord","14":"tag-nordrhein-westfalen","15":"tag-polizei","16":"tag-texttospeech","17":"tag-verbrechen"},"share_on_mastodon":{"url":"https:\/\/pubeurope.com\/@de\/114595977271373214","error":""},"_links":{"self":[{"href":"https:\/\/www.europesays.com\/de\/wp-json\/wp\/v2\/posts\/151107","targetHints":{"allow":["GET"]}}],"collection":[{"href":"https:\/\/www.europesays.com\/de\/wp-json\/wp\/v2\/posts"}],"about":[{"href":"https:\/\/www.europesays.com\/de\/wp-json\/wp\/v2\/types\/post"}],"author":[{"embeddable":true,"href":"https:\/\/www.europesays.com\/de\/wp-json\/wp\/v2\/users\/2"}],"replies":[{"embeddable":true,"href":"https:\/\/www.europesays.com\/de\/wp-json\/wp\/v2\/comments?post=151107"}],"version-history":[{"count":0,"href":"https:\/\/www.europesays.com\/de\/wp-json\/wp\/v2\/posts\/151107\/revisions"}],"wp:featuredmedia":[{"embeddable":true,"href":"https:\/\/www.europesays.com\/de\/wp-json\/wp\/v2\/media\/78008"}],"wp:attachment":[{"href":"https:\/\/www.europesays.com\/de\/wp-json\/wp\/v2\/media?parent=151107"}],"wp:term":[{"taxonomy":"category","embeddable":true,"href":"https:\/\/www.europesays.com\/de\/wp-json\/wp\/v2\/categories?post=151107"},{"taxonomy":"post_tag","embeddable":true,"href":"https:\/\/www.europesays.com\/de\/wp-json\/wp\/v2\/tags?post=151107"}],"curies":[{"name":"wp","href":"https:\/\/api.w.org\/{rel}","templated":true}]}}