{"id":151146,"date":"2025-05-30T09:23:13","date_gmt":"2025-05-30T09:23:13","guid":{"rendered":"https:\/\/www.europesays.com\/de\/151146\/"},"modified":"2025-05-30T09:23:13","modified_gmt":"2025-05-30T09:23:13","slug":"zeugen-in-stuttgart-mitte-gesucht-19-jaehriger-nachts-in-parkhaus-mit-messer-bedroht-und-ausgeraubt","status":"publish","type":"post","link":"https:\/\/www.europesays.com\/de\/151146\/","title":{"rendered":"Zeugen in Stuttgart-Mitte gesucht: 19-J\u00e4hriger nachts in Parkhaus mit Messer bedroht und ausgeraubt"},"content":{"rendered":"<p>\t\t\t\t\t\t\t\t\t\t\t\t\t\t\t\t\t\t\t\t\t\t\t\t\t\t\t\t      \t\t            \t\t             \t\t\t\t   \t\t\t\t\t   <img decoding=\"async\" id=\"article-image\" fetchpriority=\"high\" alt=\"Zeugen in Stuttgart-Mitte gesucht: 19-J\u00e4hriger nachts in Parkhaus mit Messer bedroht und ausgeraubt\" title=\"Zeugen in Stuttgart-Mitte gesucht: 19-J\u00e4hriger nachts in Parkhaus mit Messer bedroht und ausgeraubt\" src=\"https:\/\/www.europesays.com\/de\/wp-content\/uploads\/2025\/05\/media.media.e9b73d61-4a6c-4fee-9a60-5d99832e9067.16x9_700.jpg\" data-linkto=\"https:\/\/www.stuttgarter-nachrichten.de\/javascript:void(0);\"\/>\t\t\t\t\t\t\t\t\t\t\t\t\t\t\t\t\t\t\t\t\t\t\t\tDer Unbekannte soll den 19-J\u00e4hrigen mit einem Messer bedroht und seine Halskette gefordert haben. (Symbolfoto)\u00a0Foto: imago\/Agentur 54 Grad\t\t\t<\/p>\n<p>Ein 19-J\u00e4hriger ist nachts in einem Parkhaus an der Lazarettstra\u00dfe, als ihn ein unbekannter Mann in Begleitung einer Frau anspricht. Dann zieht der Unbekannte ein Messer.<\/p>\n<p>Unbekannte haben am Mittwoch einen 19-J\u00e4hrigen in einem Parkhaus an der Lazarettstra\u00dfe in <a href=\"https:\/\/www.stuttgarter-nachrichten.de\/thema\/Stuttgart-Mitte\" title=\"Stuttgart-Mitte\" class=\"art_thema\" target=\"_blank\" rel=\"noopener\">Stuttgart-Mitte<\/a> mit einem <a href=\"https:\/\/www.stuttgarter-nachrichten.de\/thema\/Messer\" title=\"Messer\" class=\"art_thema\" target=\"_blank\" rel=\"noopener\">Messer<\/a> bedroht und ausgeraubt.<\/p>\n<p>Laut Mitteilung der <a href=\"https:\/\/www.stuttgarter-nachrichten.de\/thema\/Polizei\" title=\"Polizei\" class=\"art_thema\" target=\"_blank\" rel=\"noopener\">Polizei<\/a> war der 19-J\u00e4hrige gegen 23 Uhr im Treppenhaus des Parkhauses, als ihn ein unbekannter Mann in Begleitung einer Frau ansprach. Der Mann soll den 19-J\u00e4hrigen mit einem Messer bedroht und seine Halskette gefordert haben.<\/p>\n<p>Der 19-J\u00e4hrige kam dem laut Mitteilung nicht nach, der Mann habe ihm daraufhin die Kette vom Hals gerissen. Die beiden Unbekannten seien daraufhin in Richtung Leonhardstra\u00dfe gefl\u00fcchtet. Alarmierte Polizeibeamte fahndeten nach ihnen, konnten sie aber nicht finden, so die Polizei weiter.<\/p>\n<p>Die Polizei hat eine T\u00e4terbeschreibung ver\u00f6ffentlicht. Der T\u00e4ter sei demnach etwa 25 bis 30 Jahre alt, etwa 1,80 Meter gro\u00df und habe schwarze Haare. Er habe eine schwarze Jeans, eine schwarze Jacke und eine schwarze Schildm\u00fctze getragen. <\/p>\n<p>Seine Begleiterin soll ebenfalls zwischen 25 und 30 Jahre alt sein, auch sie habe schwarze Kleidung getragen. Die Polizei bittet Zeugen, sich telefonisch unter 0711\/89905-778 beim Raubdezernat zu melden.<\/p>\n","protected":false},"excerpt":{"rendered":"Der Unbekannte soll den 19-J\u00e4hrigen mit einem Messer bedroht und seine Halskette gefordert haben. (Symbolfoto)\u00a0Foto: imago\/Agentur 54 Grad&hellip;\n","protected":false},"author":2,"featured_media":151147,"comment_status":"","ping_status":"","sticky":false,"template":"","format":"standard","meta":{"footnotes":""},"categories":[1830],"tags":[1634,3364,29,30,1981,121,8248,1441,18960,4996],"class_list":{"0":"post-151146","1":"post","2":"type-post","3":"status-publish","4":"format-standard","5":"has-post-thumbnail","7":"category-stuttgart","8":"tag-baden-wuerttemberg","9":"tag-de","10":"tag-deutschland","11":"tag-germany","12":"tag-messer","13":"tag-polizei","14":"tag-polizeibericht-stuttgart","15":"tag-stuttgart","16":"tag-stuttgart-mitte","17":"tag-zeugen"},"share_on_mastodon":{"url":"https:\/\/pubeurope.com\/@de\/114596059989471327","error":""},"_links":{"self":[{"href":"https:\/\/www.europesays.com\/de\/wp-json\/wp\/v2\/posts\/151146","targetHints":{"allow":["GET"]}}],"collection":[{"href":"https:\/\/www.europesays.com\/de\/wp-json\/wp\/v2\/posts"}],"about":[{"href":"https:\/\/www.europesays.com\/de\/wp-json\/wp\/v2\/types\/post"}],"author":[{"embeddable":true,"href":"https:\/\/www.europesays.com\/de\/wp-json\/wp\/v2\/users\/2"}],"replies":[{"embeddable":true,"href":"https:\/\/www.europesays.com\/de\/wp-json\/wp\/v2\/comments?post=151146"}],"version-history":[{"count":0,"href":"https:\/\/www.europesays.com\/de\/wp-json\/wp\/v2\/posts\/151146\/revisions"}],"wp:featuredmedia":[{"embeddable":true,"href":"https:\/\/www.europesays.com\/de\/wp-json\/wp\/v2\/media\/151147"}],"wp:attachment":[{"href":"https:\/\/www.europesays.com\/de\/wp-json\/wp\/v2\/media?parent=151146"}],"wp:term":[{"taxonomy":"category","embeddable":true,"href":"https:\/\/www.europesays.com\/de\/wp-json\/wp\/v2\/categories?post=151146"},{"taxonomy":"post_tag","embeddable":true,"href":"https:\/\/www.europesays.com\/de\/wp-json\/wp\/v2\/tags?post=151146"}],"curies":[{"name":"wp","href":"https:\/\/api.w.org\/{rel}","templated":true}]}}