{"id":151160,"date":"2025-05-30T09:31:13","date_gmt":"2025-05-30T09:31:13","guid":{"rendered":"https:\/\/www.europesays.com\/de\/151160\/"},"modified":"2025-05-30T09:31:13","modified_gmt":"2025-05-30T09:31:13","slug":"museum-kiekeberg-zeigt-bewegende-ns-ausstellung","status":"publish","type":"post","link":"https:\/\/www.europesays.com\/de\/151160\/","title":{"rendered":"Museum Kiekeberg zeigt bewegende NS-Ausstellung"},"content":{"rendered":"<p>Ausflug ab Hamburg <\/p>\n<p>Holzh\u00fctte am Kiekeberg macht die Not der Nazi-Zeit greifbar<\/p>\n<p>30.05.2025 &#8211; 11:17 UhrLesedauer: 2 Min.<\/p>\n<p><a href=\"#focus-0\" class=\"transition-colors duration-200 focus-within:text-magenta block text-current relative\" data-sctrack=\"FocusGalleryImage.Reference\"><img fetchpriority=\"high\" data-testid=\"Opener.Image\" style=\"--lqipURL:url('https:\/\/images.t-online.de\/2025\/05\/w4RGX6FhuS4r\/1x0:2046x1151\/fit-in\/150x0\/filters:blur(25)\/rosengarten-die-ley-bude-auf-dem-gelaende-vom-freilichtmuseum-am-kiekeberg-am-wochenende-koennen-sich-besucher-ueber-die-lebensbedingungen-von-ausgebombten-informieren.jpg')\"   loading=\"eager\" src=\"https:\/\/www.europesays.com\/de\/wp-content\/uploads\/2025\/05\/rosengarten-die-ley-bude-auf-dem-gelaende-vom-freilichtmuseum-am-kiekeberg-am-wochenende-koennen-sic.jpeg\" alt=\"urn:newsml:dpa.com:20090101:250530-935-619696\" title=\"urn:newsml:dpa.com:20090101:250530-935-619696\" width=\"2046\" height=\"1151\" class=\"bg-[url:var(--lqipURL)] bg-cover bg-center flex w-full max-w-full h-full\" decoding=\"async\"\/><img style=\"--width:32;--height:32\" loading=\"lazy\" src=\"https:\/\/www.europesays.com\/de\/wp-content\/uploads\/2025\/04\/1743617728_477_zoom-in.f7dae02f.svg.svg+xml\" alt=\"Vergr\u00f6\u00dfern des Bildes\" title=\"Vergr\u00f6\u00dfern des Bildes\" class=\"&#10;        block&#10;        h-[calc(var(--height)_\/_16_*_1rem)]&#10;        w-[calc(var(--width)_\/_16_*_1rem)]&#10;        max-w-none&#10;        absolute bottom-8 right-8 rounded-4 bg-snow p-8\" decoding=\"async\"\/><\/a><\/p>\n<p>Rosengarten: Die &#8222;Ley-Bude&#8220; im Freilichtmuseum am Kiekeberg: Am Wochenende k\u00f6nnen sich Besucher \u00fcber die Lebensbedingungen von Ausgebombten informieren. (Quelle: Philipp Schulze)<\/p>\n<p class=\"font-bold text-18 leading-17\"><strong class=\"font-bold\">Eine original &#8222;Ley-Bude&#8220; im Freilichtmuseum Kiekeberg bei Hamburg erinnert an eine harte Zeit \u2013 und macht Geschichte erlebbar. Was es mit der Bude auf sich hat, k\u00f6nnen Besucher am Wochenende live erleben.<\/strong><\/p>\n<p class=\"text-18 leading-17\">Was nach einem ruhigen Spaziergang durch ein charmantes Freilichtmuseum klingt, wird beim genaueren Hinsehen zu einer Zeitreise in eine d\u00fcstere Epoche: Im Freilichtmuseum am Kiekeberg bei Hamburg steht seit Kurzem ein seltenes Originalgeb\u00e4ude aus der Endphase des Zweiten Weltkriegs \u2013 eine sogenannte &#8222;Ley-Bude&#8220;. Einst Zuflucht f\u00fcr ausgebombte Hamburger Familien, jetzt ein eindrucksvolles Ausstellungsst\u00fcck mit bewegender Geschichte.<\/p>\n<p class=\"text-18 leading-17\">Das kleine, schlichte Holzhaus ohne Strom und Wasseranschluss stand jahrzehntelang versteckt in der Lindhorster Heide und wurde zuletzt als Wochenendh\u00fctte genutzt. Heute erz\u00e4hlt es im Museum in Rosengarten von Entwurzelung, \u00dcberlebenswillen und Improvisation. Die Behelfsunterkunft \u2013 sp\u00f6ttisch nach dem NS-Wohnungskommissar Robert Ley Ein Landkreis von 1933 bis 1945 \u2013 gibt auf gerade einmal 20 Quadratmetern einen Einblick in den Alltag Gefl\u00fcchteter am Ende des Krieges. Ohne Komfort, mit Erdloch als K\u00fchlschrank und einem Gem\u00fcsegarten zur Selbstversorgung, war die Bude f\u00fcr viele Menschen die letzte Hoffnung.<\/p>\n<p class=\"text-18 leading-17\">Begleitet von Zeitzeugeninterviews und wissenschaftlicher Recherche, wurde die H\u00fctte originalgetreu auf dem Museumsgel\u00e4nde aufgebaut. In zwei kleinen R\u00e4umen zeigt die Ausstellung, wie eng das pers\u00f6nliche Schicksal mit den politischen Entwicklungen jener Zeit verkn\u00fcpft war \u2013 von der NS-Macht\u00fcbernahme \u00fcber die Bombenn\u00e4chte bis hin zur Ankunft der britischen Besatzung.<\/p>\n<p class=\"text-18 leading-17\">Aufgrund der l\u00fcckenhaften Dokumentation in der letzten Kriegsphase war es schwierig, die Anzahl der Behelfsheime im Gro\u00dfraum Hamburg zu beziffern. &#8222;Oft gibt es in den Familien auch keine Erinnerungen und Erz\u00e4hlungen zu dieser schwierigen Lebensphase&#8220;, sagt Stefan Zimmermann, Direktor des Freilichtmuseums am Kiekeberg. Vermutlich habe es viele dieser Mini-Buden gegeben.<\/p>\n<p class=\"text-18 leading-17\">Wer am Wochenende kommt, kann im Rahmen der neuen Dauerausstellung &#8222;Harburg unterm Hakenkreuz. Ein Landkreis von 1933 bis 1945&#8220; nicht nur die &#8222;Ley-Bude&#8220; besuchen, sondern auch miterleben, wie rund 60 Darstellerinnen und Darsteller das Chaos und den Neuanfang nach dem Kriegsende nachstellen. Ein Ausflug also, der Geschichte nicht nur erkl\u00e4rt \u2013 sondern erlebbar macht.<\/p>\n","protected":false},"excerpt":{"rendered":"Ausflug ab Hamburg Holzh\u00fctte am Kiekeberg macht die Not der Nazi-Zeit greifbar 30.05.2025 &#8211; 11:17 UhrLesedauer: 2 Min.&hellip;\n","protected":false},"author":2,"featured_media":151161,"comment_status":"","ping_status":"","sticky":false,"template":"","format":"standard","meta":{"footnotes":""},"categories":[1826],"tags":[722,2201,38894,29,23286,30,692,53747,53746,7091,2657],"class_list":{"0":"post-151160","1":"post","2":"type-post","3":"status-publish","4":"format-standard","5":"has-post-thumbnail","7":"category-hamburg","8":"tag-722","9":"tag-2201","10":"tag-ausflugstipp-hamburg","11":"tag-deutschland","12":"tag-freilichtmuseum","13":"tag-germany","14":"tag-hamburg","15":"tag-holzhuette","16":"tag-robert-ley","17":"tag-rosengarten","18":"tag-zweiter-weltkrieg"},"share_on_mastodon":{"url":"https:\/\/pubeurope.com\/@de\/114596091412729762","error":""},"_links":{"self":[{"href":"https:\/\/www.europesays.com\/de\/wp-json\/wp\/v2\/posts\/151160","targetHints":{"allow":["GET"]}}],"collection":[{"href":"https:\/\/www.europesays.com\/de\/wp-json\/wp\/v2\/posts"}],"about":[{"href":"https:\/\/www.europesays.com\/de\/wp-json\/wp\/v2\/types\/post"}],"author":[{"embeddable":true,"href":"https:\/\/www.europesays.com\/de\/wp-json\/wp\/v2\/users\/2"}],"replies":[{"embeddable":true,"href":"https:\/\/www.europesays.com\/de\/wp-json\/wp\/v2\/comments?post=151160"}],"version-history":[{"count":0,"href":"https:\/\/www.europesays.com\/de\/wp-json\/wp\/v2\/posts\/151160\/revisions"}],"wp:featuredmedia":[{"embeddable":true,"href":"https:\/\/www.europesays.com\/de\/wp-json\/wp\/v2\/media\/151161"}],"wp:attachment":[{"href":"https:\/\/www.europesays.com\/de\/wp-json\/wp\/v2\/media?parent=151160"}],"wp:term":[{"taxonomy":"category","embeddable":true,"href":"https:\/\/www.europesays.com\/de\/wp-json\/wp\/v2\/categories?post=151160"},{"taxonomy":"post_tag","embeddable":true,"href":"https:\/\/www.europesays.com\/de\/wp-json\/wp\/v2\/tags?post=151160"}],"curies":[{"name":"wp","href":"https:\/\/api.w.org\/{rel}","templated":true}]}}