{"id":151164,"date":"2025-05-30T09:33:10","date_gmt":"2025-05-30T09:33:10","guid":{"rendered":"https:\/\/www.europesays.com\/de\/151164\/"},"modified":"2025-05-30T09:33:10","modified_gmt":"2025-05-30T09:33:10","slug":"illegale-strukturen-beim-taxiaehnlichen-gewerbe-landkreise-fordern-strategie","status":"publish","type":"post","link":"https:\/\/www.europesays.com\/de\/151164\/","title":{"rendered":"Illegale Strukturen beim taxi\u00e4hnlichen Gewerbe &#8211; Landkreise fordern Strategie"},"content":{"rendered":"<p>\tMehr Anmeldungen im Berliner Umland<br \/>\n\t &#8211; <\/p>\n<p>\t\tIllegale Strukturen beim taxi\u00e4hnlichen Gewerbe &#8211; Landkreise fordern Strategie<\/p>\n<p>\n        Fr. 30.05.25 | 10:20 Uhr  | Von Sascha Adamek, Jana G\u00f6bel\n    <\/p>\n<p>    <a href=\"#top-of-comments\"\/><\/p>\n<p><img decoding=\"async\" src=\"https:\/\/www.europesays.com\/de\/wp-content\/uploads\/2025\/05\/1748597590_408_size=708x398.jpg\" alt=\"Archivbild: Ein Auto des Mietwagen-Anbieters Uber f\u00e4hrt in Berlin Mitte an einem Plakat mit der Aufschrift \u00abUber = Illegal\u00bb vorbei. (Quelle: dpa\/Hofmann)\" title=\"Archivbild: Ein Auto des Mietwagen-Anbieters Uber f\u00e4hrt in Berlin Mitte an einem Plakat mit der Aufschrift \u00abUber = Illegal\u00bb vorbei. (Quelle: dpa\/Hofmann)\" id=\"1775983955\"\/><\/p>\n<p>dpa\/Hofmann<\/p>\n<p>Audio: Antenne Brandenburg | 30.05.2025 | Sascha Adamek | Bild: dpa\/Hofmann <\/p>\n<p>In Brandenburg steigen die Autoanmeldungen f\u00fcr das taxi\u00e4hnliche Gewerbe. Die Landkreise fordern von der Landesregierung ein Ma\u00dfnahmen gegen diese &#8222;Schattenwirtschaft&#8220;. Von Sascha Adamek und Jana G\u00f6bel<\/p>\n<p>\t\t\t\t\t<a name=\"articlesContList\/text_0\"\/><\/p>\n<p>Der Landkreistag Brandenburg wirft dem Infrastrukturministerium vor, zu z\u00f6gerlich gegen die Ausbreitung von &#8222;illegalen Strukturen&#8220; im Mietwagenbereich vorzugehen. Das geht aus einem Brief vom 22. Mai hervor, der rbb24 Recherche vorliegt.<\/p>\n<p>Johannes Wagner, Gesch\u00e4ftsf\u00fchrer des Landkreistages, schreibt an Staatssekret\u00e4rin Ina Bartmann, das Vorgehen ihres Ministeriums sei &#8222;unzureichend.&#8220; Weiter hei\u00dft es: &#8222;Die Lage vor Ort ist ernst und hat sich in den letzten Wochen zusehends versch\u00e4rft.&#8220;<\/p>\n<p>Hintergrund sind rasant steigende Anmeldezahlen von sogenannten Mietwagenfirmen, deren Fahrzeuge \u00fcber digitale Plattformen wie Uber oder Bolt gebucht werden k\u00f6nnen. <a href=\"https:\/\/www.rbb24.de\/wirtschaft\/beitrag\/2024\/10\/mietwagen-berlin-kriminelle-firmen-scheinfirmen-fahrer-bolt-uber.html\" rel=\"nofollow noopener\" target=\"_blank\">Aufgrund von Recherchen des rbb<\/a> hatte das Berliner &#8222;Landesamt f\u00fcr B\u00fcrger- und Ordnungsangelegenheiten&#8220; (LABO) <a href=\"https:\/\/www.rbb24.de\/wirtschaft\/beitrag\/2024\/05\/berlin-mietwagen-illegale-autos-bolt-uber-freenow.html\" rel=\"nofollow noopener\" target=\"_blank\">rund 2.000 Fahrzeuge, die illegal unterwegs waren, gesperrt.<\/a><\/p>\n<p>Wenn Plattformbetreiber wie Uber oder Bolt von den Sperrungen in Kenntnis gesetzt werden, endet in der Regel auch die Vermittlung der betroffenen Fahrzeuge. Doch w\u00e4hrend der Berliner Markt bereinigt wurde, stieg die Anzahl der neu konzessionierten Fahrzeuge in Brandenburg um 800 auf \u00fcber 2.600 an, <a href=\"https:\/\/www.rbb24.de\/wirtschaft\/beitrag\/2025\/05\/berlin-brandenburg-mietwagen-recherche-schattenwirtschaft.html\" rel=\"nofollow noopener\" target=\"_blank\">der rbb berichtete.<\/a><\/p>\n<p>\t\t\t\t\t<a name=\"articlesContList\/text_178561869\"\/><br \/>\n\t\t\t\t\tBeh\u00f6rden der Landkreise personell nicht gewappnet<\/p>\n<p>\u00dcberdies seien, so hei\u00dft es in dem Schreiben, in einem Landkreis elf weitere Antr\u00e4ge auf Zulassung von etwa 300 Jahrzeuge gestellt worden. Ein anderer Landkreis habe &#8222;w\u00f6chentlich steigende Antragszahlen mit bis zu 85 Fahrzeugen&#8220; gemeldet.<\/p>\n<p>Die Bef\u00fcrchtung des Landkreistages ist, dass sich unter den Neuanmeldungen auch Firmen befinden, die &#8211; wie zuvor in Berlin &#8211; ein illegales Gesch\u00e4ftsmodell betreiben k\u00f6nnten. Gleichzeitig schreibe das Personenbef\u00f6rderungsgesetz aber eine sehr z\u00fcgige Bearbeitung von Genehmigungen vor, schreibt Wagner: &#8222;Diesen Spagat zwischen erheblich steigendem Arbeitsaufkommen und dem Erfordernis, durch z\u00fcgige und akribische Pr\u00fcfung und intensive Kontrollen gegen illegale Personenbef\u00f6rderungen vorzugehen&#8220;, k\u00f6nnten die Beh\u00f6rden der Landkreise &#8222;allein nicht bew\u00e4ltigen.&#8220;<\/p>\n<p>\t\t\t\t\t<a name=\"articlesContList\/teaserbox\"\/><\/p>\n<p>\t\t\t\t\t<a name=\"articlesContList\/text_1718778390\"\/><br \/>\n\t\t\t\t\tLandkreistag f\u00fcr gemeinsame Arbeitsgruppe von Beh\u00f6rden<\/p>\n<p>Der Landkreistag hatte sich bereits im M\u00e4rz hilfesuchend an das zust\u00e4ndige Infrastrukturministerium gewandt. Dieses hatte daraufhin ohne einen konkreten Termin &#8222;f\u00fcr dieses Jahr&#8220; lediglich eine Beratung mit den Genehmigungsbeh\u00f6rden angek\u00fcndigt, bei der auch Berliner Beh\u00f6rdenvertreter von ihren Erfahrungen berichten sollten. Das Schreiben vom April liegt dem rbb ebenfalls vor.<\/p>\n<p>Dem Landkreistag gen\u00fcgt das bei weitem nicht. Es stehe zu bef\u00fcrchten, dass bei einem solchen Treffen &#8222;statt der Entwicklung einer konkreten Strategie und eines entsprechenden Ma\u00dfnahmenkatalogs&#8220; nur die &#8222;hinl\u00e4nglich bekannte Situation bei den Landkreisen&#8220; abgefragt werde, schreibt Wagner.<\/p>\n<p>Der Landkreistag fordert eine &#8222;kurzfristige Strategie&#8220;, um der &#8222;Ausweitung der Schattenwirtschaft im Mietwagengewerbe&#8220; zu begegnen. So m\u00fcsse es in Brandenburg &#8211; wie auch in Berlin &#8211; eine gemeinsame Arbeitsgruppe von Genehmigungsbeh\u00f6rden, Polizei, Zoll und Finanz\u00e4mtern geben. Auch m\u00fcssten die L\u00e4nder Berlin und Brandenburg eine gemeinsame Datenbank f\u00fchren, um Personen oder Unternehmen zu erfassen, denen die Konzession schon einmal entzogen wurde.<\/p>\n<p>\t\t\t\t\t<a name=\"articlesContList\/text\"\/><\/p>\n<p>Der Berliner Verkehrspolitiker Tino Schopf (SPD) sieht sich durch das Schreiben in seiner Sorge best\u00e4tigt, dass es dem Infrastrukturministerium in Brandenburg an Problembewusstsein mangele. Gegen\u00fcber rbb24 Recherche sagte Schopf, Brandenburg d\u00fcrfe nicht denselben Fehler wie zuvor Berlin begehen. Es gehe darum, zu verhindern, dass ein System der Ausbeutung sowie des Sozialleistungs- und Steuerbetrugs \u00fcberhaupt Fu\u00df fassen k\u00f6nne.<\/p>\n<p>Auch Schopf pl\u00e4diert f\u00fcr eine gemeinsame Datenbank von Berlin und Brandenburg. Damit k\u00f6nnten Mietwagenfirmen identifiziert werden, die durch illegale Machenschaften aufgefallen sind.<\/p>\n<p>\t\t\t\t\t<a name=\"articlesContList\/text_1\"\/><\/p>\n<p>Sendung: Antenne Brandenburg, 30.05.2025, 7:00 Uhr<\/p>\n<p class=\"textblock\">Beitrag von Sascha Adamek, Jana G\u00f6bel <\/p>\n<p><a class=\"ico ico_arrow_wide_up\" title=\"An den Anfang\" href=\"#top\">  <\/a><\/p>\n","protected":false},"excerpt":{"rendered":"Mehr Anmeldungen im Berliner Umland &#8211; Illegale Strukturen beim taxi\u00e4hnlichen Gewerbe &#8211; Landkreise fordern Strategie Fr. 30.05.25 |&hellip;\n","protected":false},"author":2,"featured_media":151165,"comment_status":"","ping_status":"","sticky":false,"template":"","format":"standard","meta":{"footnotes":""},"categories":[1825],"tags":[1941,1939,296,1937,29,30,1940,1938],"class_list":{"0":"post-151164","1":"post","2":"type-post","3":"status-publish","4":"format-standard","5":"has-post-thumbnail","7":"category-berlin","8":"tag-aktuelle-nachrichten-aus-berlin","9":"tag-aktuelle-news-aus-berlin","10":"tag-berlin","11":"tag-berlin-news","12":"tag-deutschland","13":"tag-germany","14":"tag-nachrichten-aus-berlin","15":"tag-news-aus-berlin"},"share_on_mastodon":{"url":"https:\/\/pubeurope.com\/@de\/114596099199207403","error":""},"_links":{"self":[{"href":"https:\/\/www.europesays.com\/de\/wp-json\/wp\/v2\/posts\/151164","targetHints":{"allow":["GET"]}}],"collection":[{"href":"https:\/\/www.europesays.com\/de\/wp-json\/wp\/v2\/posts"}],"about":[{"href":"https:\/\/www.europesays.com\/de\/wp-json\/wp\/v2\/types\/post"}],"author":[{"embeddable":true,"href":"https:\/\/www.europesays.com\/de\/wp-json\/wp\/v2\/users\/2"}],"replies":[{"embeddable":true,"href":"https:\/\/www.europesays.com\/de\/wp-json\/wp\/v2\/comments?post=151164"}],"version-history":[{"count":0,"href":"https:\/\/www.europesays.com\/de\/wp-json\/wp\/v2\/posts\/151164\/revisions"}],"wp:featuredmedia":[{"embeddable":true,"href":"https:\/\/www.europesays.com\/de\/wp-json\/wp\/v2\/media\/151165"}],"wp:attachment":[{"href":"https:\/\/www.europesays.com\/de\/wp-json\/wp\/v2\/media?parent=151164"}],"wp:term":[{"taxonomy":"category","embeddable":true,"href":"https:\/\/www.europesays.com\/de\/wp-json\/wp\/v2\/categories?post=151164"},{"taxonomy":"post_tag","embeddable":true,"href":"https:\/\/www.europesays.com\/de\/wp-json\/wp\/v2\/tags?post=151164"}],"curies":[{"name":"wp","href":"https:\/\/api.w.org\/{rel}","templated":true}]}}