{"id":151166,"date":"2025-05-30T09:34:11","date_gmt":"2025-05-30T09:34:11","guid":{"rendered":"https:\/\/www.europesays.com\/de\/151166\/"},"modified":"2025-05-30T09:34:11","modified_gmt":"2025-05-30T09:34:11","slug":"23-jaehriger-bei-messerattacke-in-hellersdorf-verletzt","status":"publish","type":"post","link":"https:\/\/www.europesays.com\/de\/151166\/","title":{"rendered":"23-j\u00e4hriger bei Messerattacke in Hellersdorf verletzt"},"content":{"rendered":"<p class=\"fp-paragraph\"><strong>Berlin<\/strong> &#8211; Ein Mann in Hellersdorf ist von Unbekannten durch mehrere Messerstiche verletzt worden. Das teilte die Berliner Polizei mit. Nach bisherigem Kenntnisstand geriet der 23-J\u00e4hrige in der Nacht auf Freitag in einem Bus der Linie N5 in einen Streit mit einer Gruppe aus sechs Personen.\u00a0<\/p>\n<p class=\"fp-paragraph\">Am U-Bahnhof Hellersdorf sollen die M\u00e4nner zusammen aus dem Bus gestiegen und in Richtung Alice-Salomon-Platz gelaufen sein. Dort griffen die sechs M\u00e4nner den 23-J\u00e4hrigen an. Einer der Tatverd\u00e4chtigen soll ein Messer gezogen und mehrfach ihn eingestochen haben.<\/p>\n<p class=\"fp-paragraph\">Das Opfer des Angriffs kam mit Stichverletzungen in Rumpf und Gesicht in ein Krankenhaus, wo der 23-J\u00e4hrige station\u00e4r aufgenommen und behandelt wurde. Die Kriminalpolizei ermittelt wegen gef\u00e4hrlicher K\u00f6rperverletzung.<\/p>\n","protected":false},"excerpt":{"rendered":"Berlin &#8211; Ein Mann in Hellersdorf ist von Unbekannten durch mehrere Messerstiche verletzt worden. Das teilte die Berliner&hellip;\n","protected":false},"author":2,"featured_media":151167,"comment_status":"","ping_status":"","sticky":false,"template":"","format":"standard","meta":{"footnotes":""},"categories":[1825],"tags":[296,29,30,5423],"class_list":{"0":"post-151166","1":"post","2":"type-post","3":"status-publish","4":"format-standard","5":"has-post-thumbnail","7":"category-berlin","8":"tag-berlin","9":"tag-deutschland","10":"tag-germany","11":"tag-n-a"},"share_on_mastodon":{"url":"https:\/\/pubeurope.com\/@de\/114596103419874410","error":""},"_links":{"self":[{"href":"https:\/\/www.europesays.com\/de\/wp-json\/wp\/v2\/posts\/151166","targetHints":{"allow":["GET"]}}],"collection":[{"href":"https:\/\/www.europesays.com\/de\/wp-json\/wp\/v2\/posts"}],"about":[{"href":"https:\/\/www.europesays.com\/de\/wp-json\/wp\/v2\/types\/post"}],"author":[{"embeddable":true,"href":"https:\/\/www.europesays.com\/de\/wp-json\/wp\/v2\/users\/2"}],"replies":[{"embeddable":true,"href":"https:\/\/www.europesays.com\/de\/wp-json\/wp\/v2\/comments?post=151166"}],"version-history":[{"count":0,"href":"https:\/\/www.europesays.com\/de\/wp-json\/wp\/v2\/posts\/151166\/revisions"}],"wp:featuredmedia":[{"embeddable":true,"href":"https:\/\/www.europesays.com\/de\/wp-json\/wp\/v2\/media\/151167"}],"wp:attachment":[{"href":"https:\/\/www.europesays.com\/de\/wp-json\/wp\/v2\/media?parent=151166"}],"wp:term":[{"taxonomy":"category","embeddable":true,"href":"https:\/\/www.europesays.com\/de\/wp-json\/wp\/v2\/categories?post=151166"},{"taxonomy":"post_tag","embeddable":true,"href":"https:\/\/www.europesays.com\/de\/wp-json\/wp\/v2\/tags?post=151166"}],"curies":[{"name":"wp","href":"https:\/\/api.w.org\/{rel}","templated":true}]}}