{"id":151168,"date":"2025-05-30T09:35:12","date_gmt":"2025-05-30T09:35:12","guid":{"rendered":"https:\/\/www.europesays.com\/de\/151168\/"},"modified":"2025-05-30T09:35:12","modified_gmt":"2025-05-30T09:35:12","slug":"berlin-berlin-und-brandenburg-elternvertreter-mahnt-mobbing-an-schulen-ernstzunehmen","status":"publish","type":"post","link":"https:\/\/www.europesays.com\/de\/151168\/","title":{"rendered":"Berlin: Berlin und Brandenburg: Elternvertreter mahnt, Mobbing an Schulen ernstzunehmen"},"content":{"rendered":"<p class=\"metatextline\">Stand: 30.05.2025 10:51 Uhr<\/p>\n<p class=\"textabsatz columns twelve  m-ten  m-offset-one l-eight l-offset-two\">\n        <strong>Mobbingvorf\u00e4lle an Schulen sind nicht selten &#8211; und machen oft nicht solche Schlagzeilen wie der Fall eines homosexuellen Lehrers. Ein Fachmann warnt davor, das Thema zu untersch\u00e4tzen.<\/strong>\n    <\/p>\n<p class=\"textabsatz m-ten m-offset-one l-eight l-offset-two columns twelve\">\nDer Vorsitzende des Landeselternausschusses, Norman Heise, hat an <a href=\"https:\/\/www.rbb24.de\/panorama\/beitrag\/2025\/04\/interview-schuldistanz-schulabsentismus-imke-dunkake.html\" title=\"Berliner Schulen\" class=\"textlink--extern\" target=\"_blank\" rel=\"noopener nofollow\">Berliner Schulen<\/a> appelliert, offensiv mit dem Thema Mobbing umzugehen. &#8222;Das gibt es in jeder Schule, man muss nur genau hinschauen&#8220;, sagte er Deutschen Presse-Agentur. &#8222;Es gibt vielerlei M\u00f6glichkeiten, zielgerichtet Pr\u00e4vention zu betreiben. Das setzt aber voraus, dass Schulen das Thema ernst nehmen und nicht nach dem Motto verfahren: &#8218;Mobbing gibt es bei uns nicht&#8216;.&#8220;<\/p>\n<p>            <img loading=\"lazy\" decoding=\"async\" class=\"ts-image\" src=\"https:\/\/www.europesays.com\/de\/wp-content\/uploads\/2025\/05\/rbb-audio-rbb24-inforadio-16-01-2025-peter-klinke-102.jpg\" alt=\"Ein Einsatzfahrzeug der Polizei steht am 16.01.2025 vor der Friedrich-Bergius-Schule in Berlin-Friedenau. (Quelle: dpa-Bildfunk\/Fabian Sommer)\" title=\"Video: rbb24 Abendschau | 16.01.2025 | Nachrichten | dpa-Bildfunk\/Fabian Sommer\"\/><\/p>\n<p>Sch\u00fcler &#8222;gejagt&#8220;: Bergius-Schule wird jetzt durch Polizei gesch\u00fctzt<\/p>\n<p>            In einem Brandbrief hatten Lehrer der Friedrich-Bergius-Schule im Herbst auf gewaltbereite Sch\u00fcler aufmerksam gemacht. Am Mittwoch kam es zu einem erneuten Vorfall. Pr\u00e4ventiv war nun die Polizei vor Ort.<a href=\"https:\/\/www.rbb24.de\/panorama\/beitrag\/2025\/01\/friedrich-bergius-schule-friedenau-gewalt-drohbrief-polizeischutz.html\" title=\"mehr\" class=\"textlink--extern\" target=\"_blank\" rel=\"noopener nofollow\">mehr<\/a><\/p>\n<p class=\"textabsatz m-ten m-offset-one l-eight l-offset-two columns twelve\">\nDiejenigen Schulen, die offen mit dem Problem umgingen, bestehende Unterst\u00fctzungsstrukturen nutzten und sich bei Bedarf Hilfe von au\u00dfen suchten, h\u00e4tten weniger Probleme mit Mobbingvorf\u00e4llen bei Sch\u00fclern oder Lehrkr\u00e4ften als solche Einrichtungen, die hier weniger aktiv seien. &#8222;Es h\u00e4ngt hier viel von den Schulleitungen ab.&#8220;<\/p>\n<p>            <img loading=\"lazy\" decoding=\"async\" class=\"ts-image\" src=\"https:\/\/www.europesays.com\/de\/wp-content\/uploads\/2025\/05\/1748597710_208_rbb-audio-antenne-brandenburg-20-05-2025-carmen-graef-100.jpg\" alt=\"Symbolbild:Jugendliche sitzen in den letzten Sonnenstrahlen im Tiergarten in Berlin.(Quelle:picture alliance\/dpa\/F.Gaertner)\" title=\"Video: rbb24 Brandenburg Aktuell | 20.05.2025 | Carsten Krippahl) | picture alliance\/dpa\/F.Gaertner\"\/><\/p>\n<p>Die junge Generation ist im Krisenmodus \u2013 glaubt aber an bessere Zukunft <\/p>\n<p>            Am Dienstag wurde die Trendstudie &#8222;Jugend in Deutschland&#8220; vorgestellt. In der Umfrage wird aufgef\u00fchrt, was den jungen Menschen am meisten Sorgen macht und wie sie in die Zukunft blicken.<a href=\"https:\/\/www.rbb24.de\/panorama\/beitrag\/2025\/05\/berlin-brandenburg-studie-jugend-jugendstudie-jugendliche-jungegeneration.html\" title=\"mehr\" class=\"textlink--extern\" target=\"_blank\" rel=\"noopener nofollow\">mehr<\/a><\/p>\n<p>    Heise: Auch Eltern bei Mobbing in der Verantwortung<\/p>\n<p class=\"textabsatz m-ten m-offset-one l-eight l-offset-two columns twelve\">\nHeise verwies auch auf die Verantwortung der Eltern. &#8222;Das ist nicht ausschlie\u00dflich Sache der Schule. Auch Eltern m\u00fcssen genauer hinschauen, was ihre Kinder tun&#8220;, sagte er.<\/p>\n<p>&#8222;Stichwort Cybermobbing via Smartphone: Eltern sollten daf\u00fcr sorgen, ihren Kindern hier Medienkompetenz beizubringen.&#8220; Hilfestellung b\u00f6ten etwa Medienkompetenzzentren in den Bezirken. &#8222;Ein Smartphone-Verbot an Schulen l\u00f6st das Problem jedenfalls nicht&#8220;, f\u00fcgte Heise hinzu.<\/p>\n<p>            <img loading=\"lazy\" decoding=\"async\" class=\"ts-image\" src=\"https:\/\/www.europesays.com\/de\/wp-content\/uploads\/2025\/05\/rbb-schulflur-kinder-13458451-100.jpg\" alt=\"Symbolbild: Sch\u00fcler auf dem Flur einer Schule. (Quelle: picture alliance\/dpa\/Armin Weigel)\" title=\"Schulflur Kinder 13458451 | picture alliance\/dpa\/Armin Weigel\"\/><\/p>\n<p>Wenn Sch\u00fcler aussteigen<\/p>\n<p>            Viele Sch\u00fcler kommen nicht oder nur selten in den Unterricht. Andere sind zwar da, haben sich aber innerlich &#8222;ausgeklinkt&#8220;. Die Soziologin Imke Dunkake erkl\u00e4rt, warum Schuldistanz kein Randph\u00e4nomen ist &#8211; und was Schule, Politik und Eltern tun m\u00fcssten.<br \/>\n<a href=\"https:\/\/www.rbb24.de\/panorama\/beitrag\/2025\/04\/interview-schuldistanz-schulabsentismus-imke-dunkake.html\" title=\"mehr\" class=\"textlink--extern\" target=\"_blank\" rel=\"noopener nofollow\">mehr<\/a><\/p>\n<p>    Unterschiedliche Hilfsangebote bei Mobbing in der Schule<\/p>\n<p class=\"textabsatz m-ten m-offset-one l-eight l-offset-two columns twelve\">\nVon Mobbing betroffene oder damit konfrontierte Lehrkr\u00e4fte, Sch\u00fcler oder Eltern k\u00f6nnen sich jederzeit an verschiedene Ansprechpartner wenden, wie Heise erl\u00e4uterte. Innerhalb der Schulen seien das etwa die Leitung oder Vertreter der Schulsozialarbeit.<\/p>\n<p>Als Beispiel f\u00fcr externe Angebote nannte er sogenannte Schulpsychologische und Inklusionsp\u00e4dagogische Beratungs- und Unterst\u00fctzungszentren (Sibuz), die es in jedem Bezirk gibt. Dort stehen Fachkr\u00e4fte der Schulpsychologie und der P\u00e4dagogik zur Verf\u00fcgung, die kostenfrei, vertraulich und neutral beraten und nach <a href=\"https:\/\/www.rbb24.de\/panorama\/beitrag\/2025\/05\/berlin-brandenburg-studie-jugend-jugendstudie-jugendliche-jungegeneration.html\" title=\"L\u00f6sungsm\u00f6glichkeiten bei Konflikten\" class=\"textlink--extern\" target=\"_blank\" rel=\"noopener nofollow\">L\u00f6sungsm\u00f6glichkeiten bei Konflikten<\/a> suchen.<\/p>\n<p class=\"textabsatz m-ten m-offset-one l-eight l-offset-two columns twelve\">\nEine andere M\u00f6glichkeit seien die beiden Beauftragten der Senatsbildungsverwaltung gegen Mobbing und gegen Diskriminierung an Schulen, so Heise. Auch diese seien direkt ansprechbar, ebenso wie der Landeselternausschuss. &#8222;In jedem Fall ist es wichtig, bei Mobbing-Vorf\u00e4llen nicht lange zu warten und rasch Unterst\u00fctzung zu suchen.&#8220;<\/p>\n<p>    Berliner Lehrer von Sch\u00fclern wegen Homosexualit\u00e4t gemobbt<\/p>\n<p class=\"textabsatz m-ten m-offset-one l-eight l-offset-two columns twelve\">\nZuletzt hatte der Fall eines Berliner Lehrers f\u00fcr Schlagzeilen gesorgt. Er wurde an einer Grundschule nach eigenen Angaben von Sch\u00fclern aus muslimischen Familien monatelang beschimpft, beleidigt und gemobbt &#8211; weil er schwul ist. Er beklagt auch Mobbing und falsche Vorw\u00fcrfe durch eine Kollegin, die sogar in eine Anzeige gegen ihn m\u00fcndeten. Schulleitung und Schulaufsicht h\u00e4tten ihn nicht gesch\u00fctzt, obwohl er dort wiederholt um Hilfe gebeten habe.<\/p>\n<p class=\"textabsatz m-ten m-offset-one l-eight l-offset-two columns twelve\">\nSendung:Fritz, 30.05.2025, 9:25 Uhr<\/p>\n<p>                                        <a class=\"backlink__link\" href=\"https:\/\/www.rbb24.de\/panorama\/beitrag\/2025\/05\/berlin-mobbing-schule-lehrer-queer-landeselternausschuss-norman-heise-schueler.html\" rel=\"nofollow noopener\" target=\"_blank\"><\/p>\n<p>                                                <img decoding=\"async\" src=\"https:\/\/www.europesays.com\/de\/wp-content\/uploads\/2025\/04\/1745108282_195_lra-rbb-logo-100.svg.svg+xml\" alt=\"Rundfunk Berlin-Brandenburg\"\/><\/p>\n<p>                                        <\/a><\/p>\n","protected":false},"excerpt":{"rendered":"Stand: 30.05.2025 10:51 Uhr Mobbingvorf\u00e4lle an Schulen sind nicht selten &#8211; und machen oft nicht solche Schlagzeilen wie&hellip;\n","protected":false},"author":2,"featured_media":151169,"comment_status":"","ping_status":"","sticky":false,"template":"","format":"standard","meta":{"footnotes":""},"categories":[1825],"tags":[296,29,30,2239],"class_list":{"0":"post-151168","1":"post","2":"type-post","3":"status-publish","4":"format-standard","5":"has-post-thumbnail","7":"category-berlin","8":"tag-berlin","9":"tag-deutschland","10":"tag-germany","11":"tag-rbb"},"share_on_mastodon":{"url":"https:\/\/pubeurope.com\/@de\/114596107204359592","error":""},"_links":{"self":[{"href":"https:\/\/www.europesays.com\/de\/wp-json\/wp\/v2\/posts\/151168","targetHints":{"allow":["GET"]}}],"collection":[{"href":"https:\/\/www.europesays.com\/de\/wp-json\/wp\/v2\/posts"}],"about":[{"href":"https:\/\/www.europesays.com\/de\/wp-json\/wp\/v2\/types\/post"}],"author":[{"embeddable":true,"href":"https:\/\/www.europesays.com\/de\/wp-json\/wp\/v2\/users\/2"}],"replies":[{"embeddable":true,"href":"https:\/\/www.europesays.com\/de\/wp-json\/wp\/v2\/comments?post=151168"}],"version-history":[{"count":0,"href":"https:\/\/www.europesays.com\/de\/wp-json\/wp\/v2\/posts\/151168\/revisions"}],"wp:featuredmedia":[{"embeddable":true,"href":"https:\/\/www.europesays.com\/de\/wp-json\/wp\/v2\/media\/151169"}],"wp:attachment":[{"href":"https:\/\/www.europesays.com\/de\/wp-json\/wp\/v2\/media?parent=151168"}],"wp:term":[{"taxonomy":"category","embeddable":true,"href":"https:\/\/www.europesays.com\/de\/wp-json\/wp\/v2\/categories?post=151168"},{"taxonomy":"post_tag","embeddable":true,"href":"https:\/\/www.europesays.com\/de\/wp-json\/wp\/v2\/tags?post=151168"}],"curies":[{"name":"wp","href":"https:\/\/api.w.org\/{rel}","templated":true}]}}