{"id":151172,"date":"2025-05-30T09:37:09","date_gmt":"2025-05-30T09:37:09","guid":{"rendered":"https:\/\/www.europesays.com\/de\/151172\/"},"modified":"2025-05-30T09:37:09","modified_gmt":"2025-05-30T09:37:09","slug":"fuechse-berlin-deklassieren-melsungen-und-sind-klar-auf-titelkurs","status":"publish","type":"post","link":"https:\/\/www.europesays.com\/de\/151172\/","title":{"rendered":"F\u00fcchse Berlin deklassieren Melsungen \u2013 und sind klar auf Titelkurs"},"content":{"rendered":"<p class=\"tspBYlv tspBYlw\">Die Worte von Timo Kastening sagten alles an diesem Abend: \u201eIch habe in den letzten Monaten gef\u00fchlt keine Mannschaft gesehen, die den F\u00fcchsen gewachsen war\u201c, erkl\u00e4rte der Rechtsau\u00dfen der MT Melsungen nach dem Schlusspfiff. Mit 37:29 deklassierten die Berliner <a href=\"https:\/\/www.tagesspiegel.de\/sport\/dramatische-tabellenkonstellation-fuchse-bekommen-kleine-pause-vor-spitzenspiel-gegen-melsungen-13721707.html?icid=in-text-link_13777654\" class=\"link link--internal\" data-gtm-class=\"article-text-link\" data-gtm-val=\"internal\" target=\"_blank\" rel=\"noopener\">den punktgleichen Tabellenzweiten<\/a> \u2013 ein Statement im Titelrennen. <\/p>\n<p class=\"tspBYlv\">Aus ganz Handballdeutschland kommen derzeit Superlative und Anerkennung f\u00fcr das Team von Jaron Siewert. Die Frage, die sich stellt: Wer kann die F\u00fcchse noch stoppen auf dem Weg zur ersten Deutschen Meisterschaft?<\/p>\n<p><a href=\"https:\/\/abo.tagesspiegel.de\/tagesspiegel-app?icid=single-topic_13777654___\" data-gtm-class=\"article-mzt-link\" class=\"tspB5mf\" target=\"_blank\" rel=\"noopener\">Die Tagesspiegel-App Aktuelle Nachrichten, Hintergr\u00fcnde und Analysen direkt auf Ihr Smartphone. Dazu die digitale Zeitung. Hier gratis herunterladen.  <\/a><\/p>\n<p class=\"tspBYlv\">Wie hoch die eigenen Anspr\u00fcche inzwischen sind, wird sp\u00e4testens klar, wenn Kapit\u00e4n Max Darj erkl\u00e4rt, dass er die erste Halbzeit seiner Mannschaft \u201enicht so \u00fcberragend\u201c fand. <\/p>\n<p> 6:0-Lauf der F\u00fcchse als Gamechanger <\/p>\n<p class=\"tspBYlv\">Tats\u00e4chlich kamen die Berliner nicht durchweg souver\u00e4n in die Partie. Aber einer ganz sicher: Torh\u00fcter Dejan Milosavljev. Neun seiner am Ende zehn Paraden hatte er bereits vor dem Pausenpfiff gesammelt. \u201eEr hat uns im Spiel gehalten\u201c, sagte Trainer Siewert. Bis zum 7:7 in der 15. Minute sahen die 9000 Fans in der ausverkauften Max-Schmeling-Halle einen offenen Schlagabtausch. <\/p>\n<p class=\"tspSdi\">Empfohlener redaktioneller Inhalt<\/p>\n<p> An dieser Stelle finden Sie einen von unseren Redakteuren ausgew\u00e4hlten, externen Inhalt, der den Artikel f\u00fcr Sie mit zus\u00e4tzlichen Informationen anreichert. Sie k\u00f6nnen sich hier den externen Inhalt mit einem Klick anzeigen lassen oder wieder ausblenden. <\/p>\n<p> Externen Inhalt anzeigen <\/p>\n<p class=\"tspSdo\"> Ich bin damit einverstanden, dass mir der externe Inhalt angezeigt wird. Damit k\u00f6nnen personenbezogene Daten an Drittplattformen \u00fcbermittelt werden.  Mehr Informationen dazu erhalten Sie in den Datenschutz-Einstellungen. Diese finden Sie ganz unten auf unserer Seite im Footer, sodass Sie Ihre Einstellungen jederzeit verwalten oder widerrufen k\u00f6nnen. <\/p>\n<p class=\"tspBYlv\">Doch dann z\u00fcndete auch der Berliner Angriff \u2013 und von dem, was folgte, erholten sich die G\u00e4ste nicht mehr. Innerhalb von f\u00fcnf Minuten legten die F\u00fcchse einen 6:0-Lauf hin \u2013 zogen auf 13:7 davon. \u201eWir waren extrem hei\u00df in dieser Phase\u201c, sagte Fabian Wiede hinterher. \u201eIn so einer Halle, gegen eine Mannschaft wie uns \u2013 das war f\u00fcr Melsungen t\u00f6dlich.\u201c Angef\u00fchrt wurde dieses Offensiv-Feuerwerk von Welthandballer Mathias Gidsel. Drei der sechs Treffer in dieser Phase gingen auf sein Konto. <\/p>\n<p class=\"tspBYlv\">Die F\u00fcchse hatten damit den Grundstein f\u00fcr den deutlichen Heimsieg gelegt \u2013 und taten das, <a href=\"https:\/\/www.tagesspiegel.de\/sport\/nach-der-nachsten-tore-gala-fuchse-berlin-setzen-im-titelrennen-auf-ihre-offensivkraft-13638754.html?icid=in-text-link_13777654\" class=\"link link--internal\" data-gtm-class=\"article-text-link\" data-gtm-val=\"internal\" target=\"_blank\" rel=\"noopener\">was sie in dieser Saison immer wieder eindrucksvoll bewiesen haben<\/a>: Sie lie\u00dfen nicht locker. Auch nach der 18:12-Pausenf\u00fchrung blieb das Team konzentriert, kontrollierte das Spiel \u00fcber 60 Minuten und hielt den Vorsprung konstant bei acht bis zehn Toren. <\/p>\n<p class=\"tspBYlv\">\u201eWir waren einfach die bessere Mannschaft heute\u201c, sagte Kapit\u00e4n Darj. \u201eWenn man sich so ein Polster aufbaut, kann man auch ruhig bleiben.\u201c Vorne war es einmal mehr Gidsel, der dem Spiel seinen Stempel aufdr\u00fcckte \u2013 mit 15 Treffern. \u201eNa, endlich hat er mal ein gutes Spiel gemacht\u201c, scherzte Darj hinterher. Fabian Wiede sprach von \u201eWeltklasse\u201c, Sportvorstand Stefan Kretzschmar von einem \u201eGeschenk f\u00fcr uns\u201c.<\/p>\n<p><img decoding=\"async\" src=\"https:\/\/www.europesays.com\/de\/wp-content\/uploads\/2025\/05\/fuchse-berlin-mt-melsungen.jpeg\"   alt=\"\" aria-labelledby=\"caption-13777741\" width=\"440\" height=\"330\" loading=\"lazy\" class=\"tspAThr\"\/> Mathias Gidsels Name war nach dem Spiel in aller Munde. <\/p>\n<p class=\"tspADfz\"> \u00a9 imago\/Contrast\/IMAGO\/O.Behrendt <\/p>\n<p class=\"tspBYlv\">Gidsel selbst zeigte sich fast \u00fcberrascht: \u201eKeine Ahnung, was mit mir heute passiert ist. Es bedeutet mir viel \u2013 f\u00fcr mich und den Verein.\u201c Stolz sei er vor allem darauf, \u201edass wir dem Druck standgehalten haben\u201c. Und: \u201eWenn wir weiter so spielen wie heute, werden wir Deutscher Meister.\u201c <\/p>\n<p class=\"tspBYlv\">Aber das gro\u00dfe Ziel ist nicht erreicht, drei Spiele stehen den Berlinern jetzt noch bevor: Am Sonntag geht es ausw\u00e4rts nach Stuttgart, danach kommt Gummersbach zum letzten Heimspiel in die Max-Schmeling-Halle. Das Saisonfinale steigt dann bei den Rhein-Neckar L\u00f6wen. \u201eWir d\u00fcrfen uns keinen Ausrutscher erlauben\u201c, so Darj. \u201eAber wir haben eine gro\u00dfe Chance.\u201c<\/p>\n<p> Mehr zu den F\u00fcchsen Berlin <a href=\"https:\/\/www.tagesspiegel.de\/sport\/torwart-silvio-heinevetter-vor-dem-topspiel-zwischen-seinen-ex-klubs-die-fuchse-sind-der-klare-favorit-auf-den-meistertitel-13763581.html?icid=topic-list_13777654___\" data-gtm-class=\"article-mzt-link\" class=\"tspB5mf\" target=\"_blank\" rel=\"noopener\">Torwart Silvio Heinevetter vor dem Topspiel zwischen seinen Ex-Klubs \u201eDie F\u00fcchse sind der klare Favorit auf den Meistertitel\u201c <\/a><a href=\"https:\/\/www.tagesspiegel.de\/sport\/nach-der-nachsten-tore-gala-fuchse-berlin-setzen-im-titelrennen-auf-ihre-offensivkraft-13638754.html?icid=topic-list_13777654___\" data-gtm-class=\"article-mzt-link\" class=\"tspB5mf\" target=\"_blank\" rel=\"noopener\">Nach der n\u00e4chsten Tore-Gala F\u00fcchse Berlin setzen im Titelrennen auf ihre Offensivkraft <\/a><a href=\"https:\/\/www.tagesspiegel.de\/sport\/sprachlosigkeit-bei-den-fuchsen-die-berliner-werden-endlich-ihren-titelansagen-gerecht-13622089.html?icid=topic-list_13777654___\" data-gtm-class=\"article-mzt-link\" class=\"tspB5mf\" target=\"_blank\" rel=\"noopener\">Sprachlosigkeit bei den F\u00fcchsen Die Berliner werden endlich ihren Titelansagen gerecht <\/a><\/p>\n<p class=\"tspBYlv\">Dass die Champions-League-Teilnahme f\u00fcr die kommende Saison quasi gesichert ist, erw\u00e4hnte Gesch\u00e4ftsf\u00fchrer Bob Hanning eher am Rande: \u201eDas war heute ein elementar wichtiger Schritt \u2013 aber es w\u00e4re vermessen, jetzt in Euphorie auszubrechen.\u201c F\u00fcr die MT Melsungen hingegen d\u00fcrfte der Traum von der K\u00f6nigsklasse geplatzt sein.<\/p>\n<p class=\"tspBYlv\">Im Mittelpunkt aber steht die Deutsche Meisterschaft \u2013 und das historische Ziel. \u201eWir haben dieses Jahr einen riesigen Schritt gemacht. Ich bin stolz, Teil dieser Mannschaft zu sein\u201c, sagte Gidsel. Und Siewert brachte es auf den Punkt: \u201eWir sind in der Pole-Position. Jetzt liegt der Druck bei uns. Aber den nehmen wir gern an.\u201c<\/p>\n","protected":false},"excerpt":{"rendered":"Die Worte von Timo Kastening sagten alles an diesem Abend: \u201eIch habe in den letzten Monaten gef\u00fchlt keine&hellip;\n","protected":false},"author":2,"featured_media":151173,"comment_status":"","ping_status":"","sticky":false,"template":"","format":"standard","meta":{"footnotes":""},"categories":[1825],"tags":[296,29,1933,30],"class_list":{"0":"post-151172","1":"post","2":"type-post","3":"status-publish","4":"format-standard","5":"has-post-thumbnail","7":"category-berlin","8":"tag-berlin","9":"tag-deutschland","10":"tag-fuechse-berlin","11":"tag-germany"},"share_on_mastodon":{"url":"https:\/\/pubeurope.com\/@de\/114596115108933459","error":""},"_links":{"self":[{"href":"https:\/\/www.europesays.com\/de\/wp-json\/wp\/v2\/posts\/151172","targetHints":{"allow":["GET"]}}],"collection":[{"href":"https:\/\/www.europesays.com\/de\/wp-json\/wp\/v2\/posts"}],"about":[{"href":"https:\/\/www.europesays.com\/de\/wp-json\/wp\/v2\/types\/post"}],"author":[{"embeddable":true,"href":"https:\/\/www.europesays.com\/de\/wp-json\/wp\/v2\/users\/2"}],"replies":[{"embeddable":true,"href":"https:\/\/www.europesays.com\/de\/wp-json\/wp\/v2\/comments?post=151172"}],"version-history":[{"count":0,"href":"https:\/\/www.europesays.com\/de\/wp-json\/wp\/v2\/posts\/151172\/revisions"}],"wp:featuredmedia":[{"embeddable":true,"href":"https:\/\/www.europesays.com\/de\/wp-json\/wp\/v2\/media\/151173"}],"wp:attachment":[{"href":"https:\/\/www.europesays.com\/de\/wp-json\/wp\/v2\/media?parent=151172"}],"wp:term":[{"taxonomy":"category","embeddable":true,"href":"https:\/\/www.europesays.com\/de\/wp-json\/wp\/v2\/categories?post=151172"},{"taxonomy":"post_tag","embeddable":true,"href":"https:\/\/www.europesays.com\/de\/wp-json\/wp\/v2\/tags?post=151172"}],"curies":[{"name":"wp","href":"https:\/\/api.w.org\/{rel}","templated":true}]}}