{"id":151174,"date":"2025-05-30T09:38:17","date_gmt":"2025-05-30T09:38:17","guid":{"rendered":"https:\/\/www.europesays.com\/de\/151174\/"},"modified":"2025-05-30T09:38:17","modified_gmt":"2025-05-30T09:38:17","slug":"gigi-bella-hadid-sie-haben-noch-eine-weitere-geheime-halbschwester","status":"publish","type":"post","link":"https:\/\/www.europesays.com\/de\/151174\/","title":{"rendered":"Gigi + Bella Hadid: Sie haben noch eine weitere geheime Halbschwester"},"content":{"rendered":"<p>Gigi + Bella Hadid<br \/>\nUnerwarteter Familienzuwachs: Weitere geheime Halbschwester enth\u00fcllt<\/p>\n<p><img class=\"image image-element__image\"   src=\"https:\/\/www.europesays.com\/de\/wp-content\/uploads\/2025\/05\/gigi-hadid-bella-hadid.jpg\" alt=\"Gigi und Bella Hadid\" decoding=\"async\" fetchpriority=\"high\" loading=\"eager\"\/><br \/>\n<a href=\"https:\/\/image.gala.de\/24385452\/t\/Dx\/v4\/w2048\/r1.5\/-\/gigi-hadid-bella-hadid.jpg#Kevin%20Mazur%2FMG22%20%2F%20Getty%20Images\" class=\"image__magnifier\" aria-label=\"Vergr\u00f6\u00dfern\" rel=\"nofollow noopener\" target=\"_blank\"><\/p>\n<p>\u00a9 Kevin Mazur\/MG22 \/ Getty Images<\/p>\n<p>\nGigi und Bella Hadid l\u00fcften ein gut geh\u00fctetes Familiengeheimnis: Es existiert noch eine weitere Hadid-Tochter \u2013 fernab von Catwalks und Kameras, verborgen im Schatten des Rampenlichts.\n<\/p>\n<p class=\"text-element u-richtext u-typo u-typo--article-text article__text-element text-element--context-article\"> Seitdem <a data-target-type=\"article\" href=\"https:\/\/www.gala.de\/stars\/starportraets\/bella-hadid-20572366.html\" rel=\"nofollow noopener\" target=\"_blank\">Bella Hadid<\/a>, 28, im Alter von 16 Jahren ihrer gro\u00dfen Schwester <a data-target-type=\"article\" href=\"https:\/\/www.gala.de\/stars\/starportraets\/gigi-hadid-20554166.html\" rel=\"nofollow noopener\" target=\"_blank\">Gigi Hadid<\/a>, 30, in die Modewelt gefolgt ist, gelten die beiden als unzertrennliches Duo, das zusammen die Laufstege der Welt erobert. Nun l\u00e4sst das Schwesternpaar v\u00f6llig \u00fcberraschend verlauten, dass es noch eine weitere Halbschwester gibt, die sich bislang nur von Handykameras ablichten lie\u00df.<\/p>\n<p>Ein Gentest ver\u00e4nderte das ganze Leben von Gigi Hadid und Bella Hadid<\/p>\n<p class=\"text-element u-richtext u-typo u-typo--article-text article__text-element text-element--context-article\"> In einem gemeinsamen Statement geben die Hadid-Schwestern am Donnerstag, 29. Mai 2025, gegen\u00fcber &#8222;Daily Mail&#8220; preis, dass ihre geheime Halbschwester Aydan Nix, 23, inzwischen ein fester Bestandteil ihres engsten Kreises geworden ist \u2013 und das, obwohl sie sich erst vor weniger als zwei Jahren zum ersten Mal begegnet sind.<\/p>\n<p class=\"text-element u-richtext u-typo u-typo--article-text article__text-element text-element--context-article\"> &#8222;Vor \u00fcber 20 Jahren hatte unser Vater, als er noch Single war, eine kurze Beziehung, die zu einer Schwangerschaft f\u00fchrte&#8220;, hei\u00dft es in dem Schreiben der Familie. Bella und Gigi Hadid haben noch einen leiblichen Bruder namens <a data-target-type=\"article\" href=\"https:\/\/www.gala.de\/stars\/starportraets\/themen\/anwar-hadid-21026722.html\" target=\"_self\" rel=\"nofollow noopener\">Anwar<\/a>, 25, sowie die zwei Halbschwestern Marielle, 44, und Alana, 39, die aus der ersten Ehe ihres Vaters <a data-target-type=\"article\" href=\"https:\/\/www.gala.de\/stars\/starportraets\/themen\/mohamed-hadid-21028110.html\" target=\"_self\" rel=\"nofollow noopener\">Mohamed Hadid<\/a>, 76, stammen. Mit Aydan Nix vergr\u00f6\u00dfert sich ihre Familie um eine weitere Schwester.<\/p>\n<p class=\"text-element u-richtext u-typo u-typo--article-text article__text-element text-element--context-article\"> Die in Florida aufgewachsene Modedesignerin lernte ihre ber\u00fchmten Geschwister w\u00e4hrend eines Auslandssemesters in Paris kennen, berichtet die Publikation. Gro\u00dfgezogen wurde sie von ihrer Mutter Terri Hatfield Dull und ihrem Stiefvater, der jedoch &#8222;pl\u00f6tzlich verstarb&#8220;, als Nix erst 19 Jahre jung war. &#8222;Nach seinem Tod beschloss sie, aus Neugier einen Gentest zu machen, und so entdeckte sie eine biologische Verbindung zu uns&#8220;, verraten Gigi und Bella Hadid.<\/p>\n<p>&#8222;Wir sch\u00e4tzen diesen unerwarteten Neuzugang in unserer Familie sehr&#8220;<\/p>\n<p class=\"text-element u-richtext u-typo u-typo--article-text article__text-element text-element--context-article\"> Auf ihrem Instagram-Profil ver\u00f6ffentlicht die 23-J\u00e4hrige regelm\u00e4\u00dfig private Fotos von sich. Ihre \u00c4hnlichkeit zu Bella und Gigi ist dabei kaum zu \u00fcbersehen \u2013 insbesondere ihre markanten Wangenknochen lassen die gemeinsame Herkunft deutlich erkennen. Nach ihrem Schulabschluss zog Aydan Nix nach Manhattan, um eine Karriere in der Modebranche zu verfolgen. Daf\u00fcr absolvierte sie Praktika bei Fotograf:innen sowie Stylist:innen und arbeitete als Verk\u00e4uferin in einem Vintage-Bekleidungsgesch\u00e4ft.<\/p>\n<p><img class=\"image image-element__image\"   src=\"https:\/\/www.europesays.com\/de\/wp-content\/uploads\/2025\/05\/aydan-nix.jpg\" alt=\"Diesen in Paris aufgenommenen Schnappschuss teilte Aydan Nix im Juni 2024 auf ihrem Instagram-Profil.\" decoding=\"async\" fetchpriority=\"auto\" loading=\"lazy\"\/><br \/>\n<a href=\"https:\/\/image.gala.de\/24385496\/t\/mG\/v4\/w2048\/r1.5\/-\/aydan-nix.jpg#instagram.com%2Ftoospoiled\" class=\"image__magnifier\" aria-label=\"Vergr\u00f6\u00dfern\" rel=\"nofollow noopener\" target=\"_blank\"><\/p>\n<p> Diesen in Paris aufgenommenen Schnappschuss teilte Aydan Nix im Juni 2024 auf ihrem Instagram-Profil. <\/p>\n<p>\u00a9 instagram.com\/toospoiled<\/p>\n<p class=\"text-element u-richtext u-typo u-typo--article-text article__text-element text-element--context-article\"> Ihre namhaften Halbschwestern enth\u00fcllen nun: &#8222;Wir haben uns Ende 2023 kennengelernt, und seitdem haben wir Aydan mit offenen Armen aufgenommen. Sie hat Zeit mit uns allen verbracht, auch mit unserem Vater, und wir sch\u00e4tzen diesen unerwarteten und sch\u00f6nen Neuzugang in unserer Familie sehr.&#8220;\u00a0<\/p>\n<p><img class=\"image image-element__image\"   src=\"https:\/\/www.europesays.com\/de\/wp-content\/uploads\/2025\/05\/gigi-hadid-mohamed-hadid-bella-hadid.jpg\" alt=\"Gigi, Mohamed und Bella Hadid bei der &quot;Victoria's Secret&quot;-After-Party im November 2016 in Paris.\" decoding=\"async\" fetchpriority=\"auto\" loading=\"lazy\"\/><br \/>\n<a href=\"https:\/\/image.gala.de\/24385528\/t\/yO\/v4\/w2048\/r1.5\/-\/gigi-hadid-mohamed-hadid-bella-hadid.jpg#Dimitrios%20Kambouris%20%2F%20Getty%20Images\" class=\"image__magnifier\" aria-label=\"Vergr\u00f6\u00dfern\" rel=\"nofollow noopener\" target=\"_blank\"><\/p>\n<p> Gigi, Mohamed und <a href=\"https:\/\/www.gala.de\/stars\/starportraets\/bella-hadid-20572366.html\" data-article-type=\"star-portrait\" rel=\"nofollow noopener\" target=\"_blank\">Bella Hadid<\/a> bei der &#8222;Victoria&#8217;s Secret&#8220;-After-Party im November 2016 in Paris. <\/p>\n<p>\u00a9 Dimitrios Kambouris \/ Getty Images<\/p>\n<p class=\"text-element u-richtext u-typo u-typo--article-text article__text-element text-element--context-article\"> Viel mehr wollen sie jedoch nicht \u00fcber die 23-J\u00e4hrige preisgeben, denn: &#8222;Aydan und ihre Familie legen Wert auf ihre Privatsph\u00e4re, und wir respektieren das voll und ganz. Wir bitten andere, dies ebenfalls zu tun und ihren Wunsch und ihr Recht auf Anonymit\u00e4t zu respektieren, w\u00e4hrend sie ihr Leben als junge Frau in New York fortsetzt.&#8220; Sie mag das Rampenlicht meiden, doch in der Hadid-Familie hat Aydan Nix ihren Platz l\u00e4ngst gefunden.<\/p>\n<p class=\"text-element u-richtext u-typo u-typo--article-text article__text-element text-element--context-article\"> Verwendete Quellen: dailymail.co.uk, instagram.com<\/p>\n<p>\nlgi<br \/>\nGala\n<\/p>\n<p>#Themen<\/p>\n<p><script async src=\"\/\/www.instagram.com\/embed.js\"><\/script><\/p>\n","protected":false},"excerpt":{"rendered":"Gigi + Bella Hadid Unerwarteter Familienzuwachs: Weitere geheime Halbschwester enth\u00fcllt \u00a9 Kevin Mazur\/MG22 \/ Getty Images Gigi und&hellip;\n","protected":false},"author":2,"featured_media":151175,"comment_status":"","ping_status":"","sticky":false,"template":"","format":"standard","meta":{"footnotes":""},"categories":[1776],"tags":[1801,29,214,30,1802,215],"class_list":{"0":"post-151174","1":"post","2":"type-post","3":"status-publish","4":"format-standard","5":"has-post-thumbnail","7":"category-prominente","8":"tag-celebrities","9":"tag-deutschland","10":"tag-entertainment","11":"tag-germany","12":"tag-prominente","13":"tag-unterhaltung"},"share_on_mastodon":{"url":"https:\/\/pubeurope.com\/@de\/114596119263261887","error":""},"_links":{"self":[{"href":"https:\/\/www.europesays.com\/de\/wp-json\/wp\/v2\/posts\/151174","targetHints":{"allow":["GET"]}}],"collection":[{"href":"https:\/\/www.europesays.com\/de\/wp-json\/wp\/v2\/posts"}],"about":[{"href":"https:\/\/www.europesays.com\/de\/wp-json\/wp\/v2\/types\/post"}],"author":[{"embeddable":true,"href":"https:\/\/www.europesays.com\/de\/wp-json\/wp\/v2\/users\/2"}],"replies":[{"embeddable":true,"href":"https:\/\/www.europesays.com\/de\/wp-json\/wp\/v2\/comments?post=151174"}],"version-history":[{"count":0,"href":"https:\/\/www.europesays.com\/de\/wp-json\/wp\/v2\/posts\/151174\/revisions"}],"wp:featuredmedia":[{"embeddable":true,"href":"https:\/\/www.europesays.com\/de\/wp-json\/wp\/v2\/media\/151175"}],"wp:attachment":[{"href":"https:\/\/www.europesays.com\/de\/wp-json\/wp\/v2\/media?parent=151174"}],"wp:term":[{"taxonomy":"category","embeddable":true,"href":"https:\/\/www.europesays.com\/de\/wp-json\/wp\/v2\/categories?post=151174"},{"taxonomy":"post_tag","embeddable":true,"href":"https:\/\/www.europesays.com\/de\/wp-json\/wp\/v2\/tags?post=151174"}],"curies":[{"name":"wp","href":"https:\/\/api.w.org\/{rel}","templated":true}]}}