{"id":151178,"date":"2025-05-30T09:40:14","date_gmt":"2025-05-30T09:40:14","guid":{"rendered":"https:\/\/www.europesays.com\/de\/151178\/"},"modified":"2025-05-30T09:40:14","modified_gmt":"2025-05-30T09:40:14","slug":"stephan-woltings-erzaehlband-nur-noch-weg-mit-fragen-zu-schwierigen-zeiten","status":"publish","type":"post","link":"https:\/\/www.europesays.com\/de\/151178\/","title":{"rendered":"Stephan Woltings Erz\u00e4hlband \u201eNur noch weg\u201c mit Fragen zu schwierigen Zeiten"},"content":{"rendered":"<p>Von <a href=\"https:\/\/literaturkritik.de\/public\/mitarbeiterinfo.php?rez_id=1003\" rel=\"nofollow noopener\" target=\"_blank\">Redaktion literaturkritik.de<\/a><a href=\"https:\/\/literaturkritik.de\/rss\/ma\/1003\" rel=\"nofollow noopener\" target=\"_blank\"><img decoding=\"async\" height=\"16\" border=\"0\" alt=\"RSS-Newsfeed neuer Artikel von Redaktion literaturkritik.de\" src=\"https:\/\/www.europesays.com\/de\/wp-content\/uploads\/2025\/04\/rss.gif\" style=\"vertical-align:bottom;margin-left:5px;\"\/><\/a><br \/>\n <img loading=\"lazy\" decoding=\"async\" class=\"vgw-img\" src=\"https:\/\/www.europesays.com\/de\/wp-content\/uploads\/2025\/05\/bfb860a171f049c987ecc9188f741c94.gif\" width=\"1\" height=\"1\" alt=\"\"\/><br \/>\n<a class=\"icon\" href=\"#biblio\">Besprochene B\u00fccher \/ Literaturhinweise<\/a><\/p>\n<p class=\"rez\">In Stephan Woltings Erz\u00e4hlband Nur noch weg. Zwischen Wendezeit und Zeitenwende\u00a0werden zw\u00f6lf Geschichten miteinander verbunden, die um die zentrale Frage kreisen: Wohin kann man sich in schwieriger Zeit wenden? Die Protagonisten \u2013 der kamerunische Germanistikprofessor, die ukrainische Anhalterin, der norwegische Arzt, die polnische Schauspielerin, die taiwanesische Gesangsp\u00e4dagogin, der deutsche Auslandsdozent \u2013 suchen alle nach\u00a0Schlupfwinkel, die sich jedoch bald als tr\u00fcgerisch erweisen: im nur einmal j\u00e4hrlich auftauchenden Wasserwald, auf einer Wiese im Schlosspark Belvedere, entlang einer Fahrrinne an der Nordsee, in einer Wohnung am Stadtrand einer niederrheinischen Kleinstadt oder im Moor am Wildgehege. An diesen Orten entfaltet sich ein fortw\u00e4hrendes Wechselspiel zwischen Innen- und Au\u00dfenwelt, zwischen subjektiver Wahrnehmung und \u00e4u\u00dferer Realit\u00e4t. Dabei zeigt sich, dass den Figuren oft nur eine \u201egute Szene pro Spiel\u201c gegeben ist. Paradoxerweise erweist sich dabei das gerade Vergangene als das Fremdeste und am weitesten Zur\u00fcckliegende \u2013 so erscheint die Wendezeit angesichts der gegenw\u00e4rtigen Zeitenwende wie eine ferne, entlegene Zeit.&#13;<\/p>\n<p class=\"rez\">\u00a0&#13;<\/p>\n<p class=\"rez\">Anmerkung der Redaktion: literaturkritik.de rezensiert nicht die B\u00fccher von Mitarbeiter*innen der Zeitschrift, Angeh\u00f6rigen der eigenen Universit\u00e4t oder aus dem Verlag LiteraturWissenschaft.de. Diese B\u00fccher k\u00f6nnen hier jedoch gesondert vorgestellt werden.<\/p>\n<p><a name=\"biblio\"\/><\/p>\n<tr>\n<td height=\"1\" bgcolor=\"#FF9900\"><img loading=\"lazy\" decoding=\"async\" src=\"https:\/\/www.europesays.com\/de\/wp-content\/uploads\/2025\/04\/spacer.gif\" width=\"1\" height=\"1\" border=\"0\" alt=\"\"\/><\/td>\n<\/tr>\n<tr>\n<td valign=\"top\">\n<\/td>\n<\/tr>\n<tr>\n<td height=\"1\" bgcolor=\"#FF9900\"><img loading=\"lazy\" decoding=\"async\" src=\"https:\/\/www.europesays.com\/de\/wp-content\/uploads\/2025\/04\/spacer.gif\" width=\"1\" height=\"1\" border=\"0\" alt=\"\"\/><\/td>\n<\/tr>\n","protected":false},"excerpt":{"rendered":"Von Redaktion literaturkritik.de Besprochene B\u00fccher \/ Literaturhinweise In Stephan Woltings Erz\u00e4hlband Nur noch weg. Zwischen Wendezeit und Zeitenwende\u00a0werden&hellip;\n","protected":false},"author":2,"featured_media":151179,"comment_status":"","ping_status":"","sticky":false,"template":"","format":"standard","meta":{"footnotes":""},"categories":[1774],"tags":[1784,1785,29,214,30,215],"class_list":{"0":"post-151178","1":"post","2":"type-post","3":"status-publish","4":"format-standard","5":"has-post-thumbnail","7":"category-buecher","8":"tag-books","9":"tag-buecher","10":"tag-deutschland","11":"tag-entertainment","12":"tag-germany","13":"tag-unterhaltung"},"share_on_mastodon":{"url":"https:\/\/pubeurope.com\/@de\/114596126839826873","error":""},"_links":{"self":[{"href":"https:\/\/www.europesays.com\/de\/wp-json\/wp\/v2\/posts\/151178","targetHints":{"allow":["GET"]}}],"collection":[{"href":"https:\/\/www.europesays.com\/de\/wp-json\/wp\/v2\/posts"}],"about":[{"href":"https:\/\/www.europesays.com\/de\/wp-json\/wp\/v2\/types\/post"}],"author":[{"embeddable":true,"href":"https:\/\/www.europesays.com\/de\/wp-json\/wp\/v2\/users\/2"}],"replies":[{"embeddable":true,"href":"https:\/\/www.europesays.com\/de\/wp-json\/wp\/v2\/comments?post=151178"}],"version-history":[{"count":0,"href":"https:\/\/www.europesays.com\/de\/wp-json\/wp\/v2\/posts\/151178\/revisions"}],"wp:featuredmedia":[{"embeddable":true,"href":"https:\/\/www.europesays.com\/de\/wp-json\/wp\/v2\/media\/151179"}],"wp:attachment":[{"href":"https:\/\/www.europesays.com\/de\/wp-json\/wp\/v2\/media?parent=151178"}],"wp:term":[{"taxonomy":"category","embeddable":true,"href":"https:\/\/www.europesays.com\/de\/wp-json\/wp\/v2\/categories?post=151178"},{"taxonomy":"post_tag","embeddable":true,"href":"https:\/\/www.europesays.com\/de\/wp-json\/wp\/v2\/tags?post=151178"}],"curies":[{"name":"wp","href":"https:\/\/api.w.org\/{rel}","templated":true}]}}