{"id":151188,"date":"2025-05-30T09:46:15","date_gmt":"2025-05-30T09:46:15","guid":{"rendered":"https:\/\/www.europesays.com\/de\/151188\/"},"modified":"2025-05-30T09:46:15","modified_gmt":"2025-05-30T09:46:15","slug":"rock-am-ring-karten-alle-weg-doch-bild-zeigt-das-mega-festival-live-im-stream-unterhaltung","status":"publish","type":"post","link":"https:\/\/www.europesays.com\/de\/151188\/","title":{"rendered":"Rock am Ring: Karten alle weg! Doch BILD zeigt das Mega-Festival live im Stream | Unterhaltung"},"content":{"rendered":"<p><b>Der Festival-Sommer geht los: Campen, feiern und gro\u00dfartige Musik-Acts auf der B\u00fchne erleben \u2013 die Fans sind schon voller Vorfreude. Und die Saison startet nun mit Rock am Ring. Das gr\u00f6\u00dfte Rock-Festival Deutschlands l\u00e4uft vom 6. bis 8. Juni und findet zum 40. Mal statt. Das Event ist l\u00e4ngst ausverkauft, doch mit BILD k\u00f6nnen alle Fans live dabei sein. <\/b><\/p>\n<p>BILD zeigt auf BILD.de einen Live-Stream von Rock am Ring \u2013 mit Auftritten von der Utopia Stage, der Hauptb\u00fchne des Festivals. Mit dabei: Rapper <a href=\"https:\/\/www.bild.de\/unterhaltung\/stars-und-leute\/kontra-k-er-rappte-jetzt-beim-dfb-team-trotz-drogenverdachts-66803ff2c4d0965752f98e43\" class=\"text-link\" target=\"_blank\" rel=\"noopener\">Kontra K<\/a> und internationale Top-Acts wie <a href=\"https:\/\/www.bild.de\/unterhaltung\/musik\/musik\/slipknot-wird-verklagt-haben-sie-sich-am-tod-von-ex-drummer-bereichert-86609802.bild.html\" class=\"text-link\" target=\"_blank\" rel=\"noopener\">Slipknot<\/a>, The Warning, Skillet und viele mehr. Auf der B\u00fchne treten au\u00dferdem <a href=\"https:\/\/www.bild.de\/bild-plus\/unterhaltung\/musik\/musik\/korn-saenger-jonathan-davis-ich-weine-oft-auf-der-buehne-64657790.bild.html\" class=\"text-link\" target=\"_blank\" rel=\"noopener\">KoRn<\/a> und <a href=\"https:\/\/www.bild.de\/unterhaltung\/musik\/musik-bands\/bring-me-the-horizon-im-bild-interview-42542272.bild.html\" class=\"text-link\" target=\"_blank\" rel=\"noopener\">Bring Me The Horizon<\/a> auf.<\/p>\n<p><img decoding=\"async\" width=\"992\" height=\"618\" alt=\"Feuerwerk und Party bei Rock am Ring: 90.000 Musik-Fans werden f\u00fcr das Wochenende am N\u00fcrburgring erwartet\" src=\"https:\/\/www.europesays.com\/de\/wp-content\/uploads\/2025\/05\/0413f40563152d66e55ea6edf3ab068d,6fb3e9ec\"   class=\"dynamic\" loading=\"lazy\"\/><\/p>\n<p class=\"fig__caption__text\">Feuerwerk und Party bei Rock am Ring: 90.000 Musik-Fans werden f\u00fcr das Wochenende am N\u00fcrburgring erwartet<\/p>\n<p>Foto: Redferns<\/p>\n<p>BILD berichtet als Medienpartner von Rock am Ring und in Kooperation mit Eventim, Europas gr\u00f6\u00dftem Ticketing-Anbieter und Live Entertainment Veranstalter, w\u00e4hrend des gesamten Festivals aus einem eigenen Studio live vom N\u00fcrburgring. <\/p>\n<p>Moderiert wird der BILD-Livestream von C\u00e9line Behringer und Theresa M\u00fcller.<\/p>\n<p><img decoding=\"async\" width=\"992\" height=\"655\" alt=\"BILD-Reporterin (34) wird den Livestream moderieren\" src=\"https:\/\/www.europesays.com\/de\/wp-content\/uploads\/2025\/05\/f0f48ab299bd8c06ec3af396ccd312d1,1016498a\"   class=\"dynamic\" loading=\"lazy\"\/><\/p>\n<p class=\"fig__caption__text\">BILD-Reporterin C\u00e9line Behringer (34) f\u00fchrt durch den BILD-Livestream <\/p>\n<p>Foto: Fredrik von Erichsen<\/p>\n<p>Tanja May (52), BILD-Showchefin: \u201eRock am Ring ist eine besondere Institution in der deutschen Musikszene. Als Medienpartner erm\u00f6glichen wir mit unserem Livestream auf BILD.de sowie Reportagen, Interviews, Backstage-Einblicken allen Fans auch zu Hause ein unvergleichliches musikalisches Festival-Erlebnis.\u201c<\/p>\n<p><img decoding=\"async\" width=\"992\" height=\"558\" alt=\"KoRn-S\u00e4nger Jonathan Davis (54). Die Nu-Metal-Band wi4d am 8. Juni um 23.30 Uhr auf der Utopia Stage stehen\" src=\"https:\/\/www.europesays.com\/de\/wp-content\/uploads\/2025\/05\/d1453ad7cc3f4b1e7d7c9316a5174aa5,aeffc151\"   class=\"landscape\" loading=\"lazy\"\/><\/p>\n<p class=\"fig__caption__text\">KoRn-S\u00e4nger Jonathan Davis (54). Die Nu-Metal-Band wird am 8. Juni um 23.30 Uhr auf der Utopia Stage stehen<\/p>\n<p>Foto: picture alliance \/ Photoshot<\/p>\n<p>Rock am Ring \u2013\u00a0DAS Kult-Festival! Was 1985 als einmaliges Event geplant war, hat sich zu einem der gr\u00f6\u00dften und bekanntesten Festivals Europas entwickelt. Bereits beim ersten Mal kamen mehr als 75.000 Fans zum <a href=\"https:\/\/www.bild.de\/themen\/ereignisse\/gp-nuerburgring\/sport-formel-1-nachrichten-news-fotos-videos-15885498.bild.html\" class=\"text-link\" target=\"_blank\" rel=\"noopener\">N\u00fcrburgring<\/a>. <\/p>\n<p><img decoding=\"async\" width=\"992\" height=\"656\" alt=\"Die drei Schwestern Alejandra Villarreal (20, v.l.), Daniela Villarreal (25) und Paulina Villarreal V\u00e9lez (23) sind mit ihrer Band The Warning am 8. Juni um 16.20 Uhr auf der Utopia Stage zu sehen\" src=\"https:\/\/www.europesays.com\/de\/wp-content\/uploads\/2025\/05\/933e93c7fa82d1780b921fa0a7d3189f,2140f713\"   class=\"dynamic\" loading=\"lazy\"\/><\/p>\n<p class=\"fig__caption__text\">Die Schwestern Alejandra (20), Daniela (25) und Paulina Villarreal V\u00e9lez (23, v.l.) sind mit ihrer Band The Warning am 8. Juni um 16.20 Uhr auf der Utopia Stage zu sehen<\/p>\n<p>Foto: Getty Images<\/p>\n<p>1987 wurde erstmals eine zweite B\u00fchne eingef\u00fchrt \u2013 unter anderem f\u00fcr gro\u00dfe Solo-Acts wie David Bowie (\u202069). Ab 1991 wurde das Festival auf 3 Tage erweitert, 1998 kam dann eine dritte B\u00fchne hinzu. <\/p>\n<p><b>Mit dem 40. Jubil\u00e4um wird es 2025 eine B\u00fchne mehr geben, um den runden Geburtstag geb\u00fchrend zu feiern.  Mehr Informationen zu Rock am Ring finden Sie <\/b><a href=\"https:\/\/www.rock-am-ring.com\" target=\"_blank\" rel=\"noopener\" class=\"text-link--external text-link\"><b>hier<\/b><\/a><b>. <\/b><\/p>\n","protected":false},"excerpt":{"rendered":"Der Festival-Sommer geht los: Campen, feiern und gro\u00dfartige Musik-Acts auf der B\u00fchne erleben \u2013 die Fans sind schon&hellip;\n","protected":false},"author":2,"featured_media":151189,"comment_status":"","ping_status":"","sticky":false,"template":"","format":"standard","meta":{"footnotes":""},"categories":[155],"tags":[53756,29,214,3448,30,18664,53755,9150,10820,546,3972,14683,45,215,53757],"class_list":{"0":"post-151188","1":"post","2":"type-post","3":"status-publish","4":"format-standard","5":"has-post-thumbnail","7":"category-unterhaltung","8":"tag-beatsteaks","9":"tag-deutschland","10":"tag-entertainment","11":"tag-festivals","12":"tag-germany","13":"tag-heavy-metal","14":"tag-korn","15":"tag-livestream","16":"tag-nuerburgring","17":"tag-rock","18":"tag-rock-am-ring","19":"tag-rockmusik","20":"tag-texttospeech","21":"tag-unterhaltung","22":"tag-weezer"},"share_on_mastodon":{"url":"https:\/\/pubeurope.com\/@de\/114596150323371610","error":""},"_links":{"self":[{"href":"https:\/\/www.europesays.com\/de\/wp-json\/wp\/v2\/posts\/151188","targetHints":{"allow":["GET"]}}],"collection":[{"href":"https:\/\/www.europesays.com\/de\/wp-json\/wp\/v2\/posts"}],"about":[{"href":"https:\/\/www.europesays.com\/de\/wp-json\/wp\/v2\/types\/post"}],"author":[{"embeddable":true,"href":"https:\/\/www.europesays.com\/de\/wp-json\/wp\/v2\/users\/2"}],"replies":[{"embeddable":true,"href":"https:\/\/www.europesays.com\/de\/wp-json\/wp\/v2\/comments?post=151188"}],"version-history":[{"count":0,"href":"https:\/\/www.europesays.com\/de\/wp-json\/wp\/v2\/posts\/151188\/revisions"}],"wp:featuredmedia":[{"embeddable":true,"href":"https:\/\/www.europesays.com\/de\/wp-json\/wp\/v2\/media\/151189"}],"wp:attachment":[{"href":"https:\/\/www.europesays.com\/de\/wp-json\/wp\/v2\/media?parent=151188"}],"wp:term":[{"taxonomy":"category","embeddable":true,"href":"https:\/\/www.europesays.com\/de\/wp-json\/wp\/v2\/categories?post=151188"},{"taxonomy":"post_tag","embeddable":true,"href":"https:\/\/www.europesays.com\/de\/wp-json\/wp\/v2\/tags?post=151188"}],"curies":[{"name":"wp","href":"https:\/\/api.w.org\/{rel}","templated":true}]}}