{"id":151195,"date":"2025-05-30T09:50:10","date_gmt":"2025-05-30T09:50:10","guid":{"rendered":"https:\/\/www.europesays.com\/de\/151195\/"},"modified":"2025-05-30T09:50:10","modified_gmt":"2025-05-30T09:50:10","slug":"grosser-asyl-report-nicht-mal-jeder-5-asylbewerber-ist-schutzbeduerftig-politik","status":"publish","type":"post","link":"https:\/\/www.europesays.com\/de\/151195\/","title":{"rendered":"Gro\u00dfer Asyl-Report: Nicht mal jeder 5. Asylbewerber ist schutzbed\u00fcrftig! | Politik"},"content":{"rendered":"<p>Berlin \u2013 <b>Diese Zahlen sind beunruhigend: Immer weniger Asylbewerber in Deutschland sind tats\u00e4chlich schutzbed\u00fcrftig. Trotzdem d\u00fcrfen sie oft bleiben.<\/b><\/p>\n<p><b>\u25b6\ufe0e Fakt ist: <\/b>In den ersten vier Monaten (Januar bis April 2025) hat das \u201eBundesamt f\u00fcr Migration und Fl\u00fcchtlinge\u201c (BAMF) \u00fcber insgesamt 110.077 Asylantr\u00e4ge (das meint \u201eErst- und Folgeantr\u00e4ge\u201c) entschieden. Davon wurden 90.018 Antr\u00e4ge abgelehnt.<\/p>\n<p>Bedeutet: Nur 20.059 Asylantr\u00e4ge wurden positiv beschieden und bewilligt. Damit liegt die \u201eGesamtschutzquote\u201c der Asylantr\u00e4ge f\u00fcr alle Staatsangeh\u00f6rigen bei 18,22\u00a0Prozent.<\/p>\n<p>Lesen Sie auchWeniger als ein F\u00fcnftel der Asylsuchenden bekommt Schutz<\/p>\n<p><b>Von den 110.077 BAMF-Entscheidungen zu den Erst- und Folgeantr\u00e4gen fielen die meisten zur:<\/b><\/p>\n<p>\u25b6\ufe0e T\u00fcrkei mit <b>23.924 Entscheidungen<\/b> (Gesamtschutzquote: 8,3 Prozent),<\/p>\n<p>\u25b6\ufe0e Afghanistan mit <b>18.635 Entscheidungen<\/b> (Gesamtschutzquote: 51,8 Prozent),<\/p>\n<p>\u25b6\ufe0e Syrien mit <b>9731 Entscheidungen<\/b> (Gesamtschutzquote: 0,2 Prozent).<\/p>\n<p><b>Der Sonderfall Syrien<\/b><\/p>\n<p>Das BAMF verweist in seinem Report \u201eAktuelle Zahlen \u2013 April 2025\u201c auf die unklare Lage in Syrien. Nach dem Sturz von Baschar al-Assad gibt es noch keine Entscheidung der Bundesregierung zum weiteren Schutz syrischer Fl\u00fcchtlinge. Seit dem 9. Dezember 2024 gilt ein vor\u00fcbergehender Verfahrensaufschub, der die Schutzquote senkt, da aktuell vor allem formelle Entscheidungen ohne Bewertung der Lage in Syrien getroffen werden.<\/p>\n<p><b>Trotzdem:<\/b> Die Gesamtschutzquote ist mit 18,22\u00a0Prozent sehr gering! Daf\u00fcr sorgen neben Syrien auch die BAMF-Entscheidungen zu <b>Kolumbien<\/b> (2499 Entscheidungen mit einer Schutzquote von 0,4 %) und zu <b>Russland<\/b> (5419 Entscheidungen mit einer Schutzquote von 4,3 %).<\/p>\n<p>Deutlicher R\u00fcckgang bei Asylantr\u00e4gen 2025<\/p>\n<p>Die Debatte \u00fcber die Versch\u00e4rfung der deutschen Grenzkontrollen in den vergangenen Monaten und die tats\u00e4chliche Versch\u00e4rfung seit Anfang Mai 2025 zeigen offenbar Wirkung.<\/p>\n<p>\u25b6\ufe0e <b>Im Jahr 2025 (Januar bis April) wurden 45.681 Asyl-Erstantr\u00e4ge vom BAMF registriert. Im Vergleichszeitraum 2024 waren es noch 84.984 Asyl-Erstantr\u00e4ge gestellt \u2013 minus 46,2\u00a0Prozent.<\/b><\/p>\n<p>\u25b6\ufe0e Die meisten Asylgesuche kamen 2025 bisher aus drei L\u00e4ndern: Syrien mit 11.644 Asyl-Erstantr\u00e4gen, Afghanistan mit 7873 Asyl-Erstantr\u00e4gen und der T\u00fcrkei mit 4749 Erstantr\u00e4gen.<\/p>\n<p><b>\u25b6\ufe0e 2025 (Januar bis April) waren 71,7\u00a0Prozent Asyl-Erstantragsteller j\u00fcnger als 30 Jahre, 41,3\u00a0Prozent waren minderj\u00e4hrig und 62,4\u00a0Prozent aller Asyl-Erstantragsteller waren laut BAMF \u201em\u00e4nnlich\u201c.<\/b><\/p>\n<p><b>Die Wirkung der versch\u00e4rften deutschen Grenzkontrollen<\/b><\/p>\n<p>Seit dem 16. September 2024 f\u00fchrt Deutschland intensive Grenzkontrollen zu allen EU-Nachbarstaaten durch, inklusive Schleierfahndung. Innenminister Alexander Dobrindt\u00a0(54, CSU) ordnete im Mai 2025 zus\u00e4tzlich strengere Ma\u00dfnahmen und Zur\u00fcckweisungen auch bei Asylantr\u00e4gen an. Zwischen dem 16. September und dem 30. April 2025 wurden 33.406 unerlaubte Einreisen registriert, davon 19.644 im Jahr 2025. Etwa 10.300 Personen wurden bis dahin direkt an der Grenze zur\u00fcckgewiesen.<\/p>\n<p>Lesen Sie auchDublin-Verfahren scheitern immer h\u00e4ufiger<\/p>\n<p><b>Ein riesiges Problem: Trotz der geringen Gesamtschutzquote von nur 18,22\u00a0Prozent und der Tatsache, dass die meisten Asylantragsteller wieder ausreisen m\u00fcssten, bleiben sie hier!<\/b><\/p>\n<p>Das liegt auch an den geringen Abschiebezahlen und den enormen Zahlen der \u201eabgebrochenen Abschiebungen\u201c, die BILD exklusiv vorliegen. <\/p>\n<p>Auch interessant<\/p>\n<p>Anzeige<\/p>\n<p>Auch interessant<\/p>\n<p>Anzeige<\/p>\n<p><b>Die Abschiebe-Bilanz:<\/b><\/p>\n<p><b>\u25b6\ufe0e 2024 wurden 20.084 abgelehnte Asylbewerber aus Deutschland in Ihre Heimat oder in einen EU-Staat abgeschoben. Aber: In 33.717 F\u00e4llen wurden geplante Abschiebungen im vergangenen Jahr abgebrochen (meistens wegen \u201eeiner Stornierung\u201c durch die L\u00e4nder).<\/b><\/p>\n<p>\u25b6\ufe0e <b>2025:<\/b> In den ersten vier Monaten des Jahres 2025 (Januar bis April) wurden bisher genau 8.163 Personen abgeschoben. Aber: In 11.753 F\u00e4llen wurden geplante Abschiebungen in den ersten vier Monaten 2025 abgebrochen (u.\u00a0a. wegen der \u201eStornierung\u201c durch die L\u00e4nder oder wegen der \u201enicht erfolgten Zuf\u00fchrung einschl. Absage am Tag der Ma\u00dfnahme\u201c).<\/p>\n<p><img decoding=\"async\" width=\"992\" height=\"558\" alt=\"Abschiebung: Polizeibeamte begleiten einen Afghanen auf dem Flughafen Leipzig-Halle in ein Charterflugzeug\" src=\"https:\/\/www.europesays.com\/de\/wp-content\/uploads\/2025\/05\/afd753cafbb081301ba079e78b8b037d,b684e84b\"   class=\"landscape\" loading=\"lazy\"\/><\/p>\n<p class=\"fig__caption__text\">Abschiebung: Polizeibeamte begleiten einen Afghanen auf dem Flughafen Leipzig-Halle in ein Charterflugzeug<\/p>\n<p>Foto: picture alliance\/dpa<\/p>\n<p><b>Gleichzeitig scheitern immer mehr Dublin-\u00dcberstellungen! Die R\u00fcckf\u00fchrungsbilanz:<\/b><\/p>\n<p>\u25b6\ufe0e <b>2024:<\/b> Von den 74.583 F\u00e4llen, in denen Deutschland im Jahr 2024 die \u00dcberstellung eines Asylbewerbers in das nach dem Dublin-Verfahren daf\u00fcr zust\u00e4ndige EU-Land (hier kam die Person an) beantragt hatte, fand die R\u00fcckf\u00fchrung in nur 5827 F\u00e4llen auch tats\u00e4chlich statt.<\/p>\n<p>\u25b6\ufe0e <b>2025:<\/b> In genau 15.279 F\u00e4llen hat Deutschland um zwischen Januar und April 2025 ein EU-Land um die R\u00fccknahme von Asyl-Bewerbern gebeten. 11.054-mal wurde hier zwar von den EU-L\u00e4ndern zugestimmt, ABER: Nur 2230-mal wurde dann auch wirklich \u00fcberstellt.<\/p>\n<p><b>In 11.907 F\u00e4llen kam es 2025 zum Abbruch des Dublin-Verfahrens.<\/b><\/p>\n<p><b>Gr\u00fcnde f\u00fcr das Scheitern u.\u00a0a.: Die EU-Partner erlauben \u00dcberstellungen nur zu bestimmten Zeiten, haben ganz enge \u201e<\/b><a href=\"https:\/\/www.bild.de\/politik\/inland\/dublin-abschiebungen-nur-streng-nach-stundenplan-67bee5f1db8ffd752029f961\" class=\"text-link\" target=\"_blank\" rel=\"noopener\"><b>Stundenpl\u00e4ne<\/b><\/a><b>\u201c (BILD berichtete). Und: Viele der Personen, die zur\u00fcckgef\u00fchrt werden sollten, waren zum Stichtag einfach untergetaucht.<\/b><\/p>\n<p>Politiker fordern jetzt Konsequenzen<\/p>\n<p><b>Die Politik in Berlin reagiert besorgt, fordert Konsequenzen (u.\u00a0a. dringende Reformen)!<\/b><\/p>\n<p>\u25b6\ufe0e Innenexperte Stephan Mayer (51, CSU) zu BILD: \u201eDie restriktivere Asylpolitik der EU und Deutschlands beginnt zu wirken. Aber: Das Dublin-System ist gescheitert, muss reformiert, der Druck auf die L\u00e4nder, die eine R\u00fccknahme von Asylbewerbern verweigern, muss deutlich erh\u00f6ht werden. Fakt ist: Kein einzelnes EU-Land kann das Thema \u201aAsyl\u2018 alleine stemmen.\u201c<\/p>\n<p>\u25b6\ufe0e Sahra Wagenknecht (55, BSW) zu BILD: \u201eDas Asylsystem hilft immer mehr den Falschen. Wenn \u00fcber 80 Prozent der Asylbewerber gar keinen Schutz ben\u00f6tigen, zeigt das den Kontrollverlust in der Migrationspolitik. Statt prim\u00e4r \u00fcber Grenzkontrollen zu diskutieren, die Staus verursachen, w\u00e4hrend die meisten Asylbewerber einfach \u00fcber die gr\u00fcne Grenze kommen, sollte die Bundesregierung die Anreize abstellen, die Menschen zu uns zu holen.\u201c<\/p>\n<p><b>Das Scheitern des Dublin-Systems<\/b><\/p>\n<p>Das europ\u00e4ische Asyl-System, vor allem die gemeinsamen europ\u00e4ischen Regeln zur Zusammenarbeit beim Thema Migration, versagt laut Kritikern an den entscheidenden Stellen. Gemeint ist hier vor allem das sogenannte Dublin-System.<\/p>\n<p>Das Dublin-Verfahren soll sicherstellen, dass jeder Asylantrag innerhalb der EU nur einmal gepr\u00fcft wird. Denn nach den geltenden EU-Regeln m\u00fcssen Fl\u00fcchtlinge in der Regel in dem Staat Asyl beantragen, in dem sie zuerst EU-Boden betreten.<\/p>\n<p><b>Das bedeutet: <\/b>Asylbewerber, die beispielsweise \u00fcber Italien, Griechenland oder Spanien in die EU einreisen und dort einen Asyl-Erstantrag stellen, m\u00fcssen dann auch in diesen L\u00e4ndern das Asylverfahren durchlaufen und dort Schutz erhalten.<\/p>\n","protected":false},"excerpt":{"rendered":"Berlin \u2013 Diese Zahlen sind beunruhigend: Immer weniger Asylbewerber in Deutschland sind tats\u00e4chlich schutzbed\u00fcrftig. Trotzdem d\u00fcrfen sie oft&hellip;\n","protected":false},"author":2,"featured_media":151196,"comment_status":"","ping_status":"","sticky":false,"template":"","format":"standard","meta":{"footnotes":""},"categories":[2],"tags":[533,1530,29,8036,3919,7883,30,13,14,15,12,45,10,8,9,11],"class_list":{"0":"post-151195","1":"post","2":"type-post","3":"status-publish","4":"format-standard","5":"has-post-thumbnail","7":"category-deutschland","8":"tag-asyl","9":"tag-bundesamt-fuer-migration-und-fluechtlinge","10":"tag-deutschland","11":"tag-flucht","12":"tag-fluechtling","13":"tag-fluechtlingskrise","14":"tag-germany","15":"tag-headlines","16":"tag-nachrichten","17":"tag-news","18":"tag-schlagzeilen","19":"tag-texttospeech","20":"tag-top-news","21":"tag-top-meldungen","22":"tag-topmeldungen","23":"tag-topnews"},"share_on_mastodon":{"url":"https:\/\/pubeurope.com\/@de\/114596165966319024","error":""},"_links":{"self":[{"href":"https:\/\/www.europesays.com\/de\/wp-json\/wp\/v2\/posts\/151195","targetHints":{"allow":["GET"]}}],"collection":[{"href":"https:\/\/www.europesays.com\/de\/wp-json\/wp\/v2\/posts"}],"about":[{"href":"https:\/\/www.europesays.com\/de\/wp-json\/wp\/v2\/types\/post"}],"author":[{"embeddable":true,"href":"https:\/\/www.europesays.com\/de\/wp-json\/wp\/v2\/users\/2"}],"replies":[{"embeddable":true,"href":"https:\/\/www.europesays.com\/de\/wp-json\/wp\/v2\/comments?post=151195"}],"version-history":[{"count":0,"href":"https:\/\/www.europesays.com\/de\/wp-json\/wp\/v2\/posts\/151195\/revisions"}],"wp:featuredmedia":[{"embeddable":true,"href":"https:\/\/www.europesays.com\/de\/wp-json\/wp\/v2\/media\/151196"}],"wp:attachment":[{"href":"https:\/\/www.europesays.com\/de\/wp-json\/wp\/v2\/media?parent=151195"}],"wp:term":[{"taxonomy":"category","embeddable":true,"href":"https:\/\/www.europesays.com\/de\/wp-json\/wp\/v2\/categories?post=151195"},{"taxonomy":"post_tag","embeddable":true,"href":"https:\/\/www.europesays.com\/de\/wp-json\/wp\/v2\/tags?post=151195"}],"curies":[{"name":"wp","href":"https:\/\/api.w.org\/{rel}","templated":true}]}}