{"id":151197,"date":"2025-05-30T09:51:10","date_gmt":"2025-05-30T09:51:10","guid":{"rendered":"https:\/\/www.europesays.com\/de\/151197\/"},"modified":"2025-05-30T09:51:10","modified_gmt":"2025-05-30T09:51:10","slug":"archaeologen-team-entdeckt-fast-3-000-jahre-alte-maya-staette","status":"publish","type":"post","link":"https:\/\/www.europesays.com\/de\/151197\/","title":{"rendered":"Arch\u00e4ologen-Team entdeckt fast 3.000 Jahre alte Maya-St\u00e4tte"},"content":{"rendered":"<p class=\"metatextline\">Stand: 30.05.2025 10:34 Uhr<\/p>\n<p class=\"textabsatz columns twelve  m-ten  m-offset-one l-eight l-offset-two\">\n        <strong>Ein internationales Arch\u00e4ologen-Team ist in Guatemala auf fast 3.000 Jahre alte \u00dcberreste der Maya-Kultur gesto\u00dfen. Zum Vorschein kamen nicht nur ein Observatorium und Pyramiden, sondern auch zwei &#8222;Gro\u00dfeltern&#8220;-Figuren.<\/strong>\n    <\/p>\n<p class=\"textabsatz m-ten m-offset-one l-eight l-offset-two columns twelve\">\nIm Norden von Guatemala haben Arch\u00e4ologen eine rund 2.900 Jahre alte Maya-St\u00e4tte entdeckt. Die Forscher gaben dem Ort den Namen &#8222;Los Abuelos&#8220; (Die Gro\u00dfeltern), da dort zwei anthropomorphe Steinskulpturen gefunden wurden, die vermutlich dem Kult der Vorfahren gewidmet waren, wie Teamleiter Milan Kov\u00e1\u010d mitteilte.<\/p>\n<p class=\"textabsatz m-ten m-offset-one l-eight l-offset-two columns twelve\">\nDie Figuren aus Stein, die einen Mann und eine Frau als Paar darstellen sollen, stammen demnach aus der Zeit von 600 bis 400 vor Christus. Die sitzenden Skulpturen sind rund anderthalb Meter hoch. Zu ihren F\u00fc\u00dfen wurden Keramiken gefunden, die offenkundig absichtlich zerbrochen worden waren.<\/p>\n<p class=\"textabsatz m-ten m-offset-one l-eight l-offset-two columns twelve\">\nDie Fundstelle, die von den Entdeckern als kleiner Tempel beschrieben wird, soll rund 1.000 Jahre lang f\u00fcr rituelle Zwecke genutzt und dann aufgegeben worden sein. Um 800 n. Chr. wurde der Tempel von sp\u00e4teren Bewohnern wieder in Benutzung genommen. Bei den Ausgrabungen kamen zudem ein Observatorium, Pyramiden, Alt\u00e4re, Stelen-Fragmente und Keramiken zum Vorschein.<\/p>\n<p>    Ort erstreckt sich \u00fcber 16 Quadratkilometer<\/p>\n<p class=\"textabsatz m-ten m-offset-one l-eight l-offset-two columns twelve\">\n&#8222;Los Abuelos&#8220; soll eines der wichtigsten rituellen Zentren der Region gewesen sein, wie Teamleiter Kov\u00e1\u010d in einer Pressekonferenz in Guatemala-Stadt sagte. Der im Regenwald entdeckte Ort erstreckt sich \u00fcber rund 16 Quadratkilometer in der N\u00e4he der St\u00e4tte Uaxact\u00fan in der Provinz Pet\u00e9n. Das Unesco-Weltkulturerbe Tikal, eines der bedeutendsten kulturellen Zentren der Maya-Zivilisation, liegt nur rund 40 Kilometer s\u00fcdlich von &#8222;Los Abuelos&#8220;.\u00a0<\/p>\n<p class=\"textabsatz m-ten m-offset-one l-eight l-offset-two columns twelve\">\nDas Team von Arch\u00e4ologen und Arch\u00e4ologinnen aus der Slowakei und Guatemala machte zudem Funde an zwei weiteren nahegelegenen Orten, Petnal und Cambrayal. In Petnal, das vermutlich ein ehemaliges politisches Zentrum der Maya war, wurde den Angaben zufolge eine 33 Meter hohe Pyramide gefunden &#8211; die bislang gr\u00f6\u00dfte in dem untersuchten Gebiet.<\/p>\n<p>    Verbreitung \u00fcber ganz Mittelamerika<\/p>\n<p class=\"textabsatz m-ten m-offset-one l-eight l-offset-two columns twelve\">\nDie Maya-Kultur war \u00fcber weite Teile Mittelamerikas verbreitet, von Mexiko \u00fcber Guatemala und Belize bis nach Honduras und El Salvador. Sie reicht bis mindestens ins Jahr 2000 vor Christus zur\u00fcck und erreichte ihren H\u00f6hepunkt zwischen 400 und 450 nach Christus. Ab dem Jahr 900 bis 1200 nach Christus begann der Abstieg.<\/p>\n","protected":false},"excerpt":{"rendered":"Stand: 30.05.2025 10:34 Uhr Ein internationales Arch\u00e4ologen-Team ist in Guatemala auf fast 3.000 Jahre alte \u00dcberreste der Maya-Kultur&hellip;\n","protected":false},"author":2,"featured_media":151198,"comment_status":"","ping_status":"","sticky":false,"template":"","format":"standard","meta":{"footnotes":""},"categories":[5],"tags":[15983,13,11005,14,15,12,10,8,9,11],"class_list":{"0":"post-151197","1":"post","2":"type-post","3":"status-publish","4":"format-standard","5":"has-post-thumbnail","7":"category-nachrichten","8":"tag-guatemala","9":"tag-headlines","10":"tag-maya","11":"tag-nachrichten","12":"tag-news","13":"tag-schlagzeilen","14":"tag-top-news","15":"tag-top-meldungen","16":"tag-topmeldungen","17":"tag-topnews"},"share_on_mastodon":{"url":"https:\/\/pubeurope.com\/@de\/114596169919595519","error":""},"_links":{"self":[{"href":"https:\/\/www.europesays.com\/de\/wp-json\/wp\/v2\/posts\/151197","targetHints":{"allow":["GET"]}}],"collection":[{"href":"https:\/\/www.europesays.com\/de\/wp-json\/wp\/v2\/posts"}],"about":[{"href":"https:\/\/www.europesays.com\/de\/wp-json\/wp\/v2\/types\/post"}],"author":[{"embeddable":true,"href":"https:\/\/www.europesays.com\/de\/wp-json\/wp\/v2\/users\/2"}],"replies":[{"embeddable":true,"href":"https:\/\/www.europesays.com\/de\/wp-json\/wp\/v2\/comments?post=151197"}],"version-history":[{"count":0,"href":"https:\/\/www.europesays.com\/de\/wp-json\/wp\/v2\/posts\/151197\/revisions"}],"wp:featuredmedia":[{"embeddable":true,"href":"https:\/\/www.europesays.com\/de\/wp-json\/wp\/v2\/media\/151198"}],"wp:attachment":[{"href":"https:\/\/www.europesays.com\/de\/wp-json\/wp\/v2\/media?parent=151197"}],"wp:term":[{"taxonomy":"category","embeddable":true,"href":"https:\/\/www.europesays.com\/de\/wp-json\/wp\/v2\/categories?post=151197"},{"taxonomy":"post_tag","embeddable":true,"href":"https:\/\/www.europesays.com\/de\/wp-json\/wp\/v2\/tags?post=151197"}],"curies":[{"name":"wp","href":"https:\/\/api.w.org\/{rel}","templated":true}]}}