{"id":151210,"date":"2025-05-30T09:58:09","date_gmt":"2025-05-30T09:58:09","guid":{"rendered":"https:\/\/www.europesays.com\/de\/151210\/"},"modified":"2025-05-30T09:58:09","modified_gmt":"2025-05-30T09:58:09","slug":"gelsenkirchen-sky-trainer-muslic-soll-heute-bei-schalke-unterschreiben","status":"publish","type":"post","link":"https:\/\/www.europesays.com\/de\/151210\/","title":{"rendered":"Gelsenkirchen | Sky: Trainer Muslic soll heute bei Schalke unterschreiben"},"content":{"rendered":"<p>2. Bundesliga<\/p>\n<p class=\"bodytext\">Gelsenkirchen (dpa) &#8211; Die Verpflichtung von Miron Muslic als Trainer des FC Schalke 04 steht einem Bericht zufolge kurz vor dem Abschluss. Der 42-J\u00e4hrige soll heute beim Fu\u00dfball-Zweitligisten unterschreiben, wie Sky-Reporter Florian Plettenberg auf X berichtete. Er kommt vom englischen Zweitliga-Absteiger Plymouth Argyle zum Revierclub. Auf Schalke soll er einen Vertrag bis 2027 erhalten, wie Sky und die \u00abWAZ\u00bb schreiben.<\/p>\n<p>Internationale Erfahrung mit Br\u00fcgge<\/p>\n<p>Muslic ist in Deutschland ein bisher eher unbekannter Coach. Er wurde 1982 im heutigen Bosnien-Herzegowina geboren. Als Kind kam er mit seiner Familie nach \u00d6sterreich. Dort spielte er und absolvierte auch seine ersten Trainerstationen. Seinen bisher gr\u00f6\u00dften Erfolg feierte er mit Cercle Br\u00fcgge. Im vergangenen Sommer zog er mit den Belgiern in die UEFA Conference League ein.<\/p>\n<p>Nun soll Muslic Schalke stabilisieren und mittelfristig wieder in die Bundesliga f\u00fchren. In die vergangene Saison waren die Gelsenkirchener mit Karel Geraerts gestartet. Der Belgier wurde von Kees van Wonderen abgel\u00f6st, doch auch mit dem Niederl\u00e4nder hatte Schalke nicht den gew\u00fcnschten Erfolg &#8211; im Gegenteil. Bis zum Ende der Spielzeit steckte der Traditionsclub im Abstiegskampf. Interimscoach Jakob Fimpel beendete die Saison mit Schalke auf Platz 14.<\/p>\n<p>Enormer Trainerverschlei\u00df auf Schalke<\/p>\n<p>Nach der Vize-Meisterschaft 2018 hatte sich der Club im Fr\u00fchjahr 2019 von Domenico Tedesco getrennt. Seitdem waren zw\u00f6lf verschiedene Trainer im Amt, drei von ihnen &#8211; Huub Stevens, Matthias Kreutzer und Fimpel &#8211; interimsweise sogar je zweimal. Der bis dato letzte Schalke-Coach, der mindestens zwei Jahre in dieser Funktion beim Verein arbeitete, war Mirko Slomka. Er trainierte die Gelsenkirchener von Januar 2006 bis April 2008. Kommt nun mit Muslic die gew\u00fcnschte Kontinuit\u00e4t?<\/p>\n<p>Unruhe gab es schon, bevor der Wechsel offiziell wurde. Plymouth Argyle ver\u00f6ffentlichte ein Statement, in dem der Club seinen Unmut \u00fcber Gespr\u00e4che von Muslic mit \u00abeinem Club aus der 2. Bundesliga\u00bb zum Ausdruck brachte. \u00abWir sind frustriert \u00fcber diese Entscheidung\u00bb, hie\u00df es in der Stellungnahme.\u00a0<\/p>\n<p>Muslic hatte seine Aufgabe in England erst im Januar begonnen. \u00abNach nur vier Monaten dieser langfristigen Verpflichtung verl\u00e4sst er Argyle\u00bb, schrieb der Verein.<\/p>\n","protected":false},"excerpt":{"rendered":"2. Bundesliga Gelsenkirchen (dpa) &#8211; Die Verpflichtung von Miron Muslic als Trainer des FC Schalke 04 steht einem&hellip;\n","protected":false},"author":2,"featured_media":151211,"comment_status":"","ping_status":"","sticky":false,"template":"","format":"standard","meta":{"footnotes":""},"categories":[1848],"tags":[621,3364,29,548,663,3934,3158,4323,3658,30,13,14,15,1209,12],"class_list":{"0":"post-151210","1":"post","2":"type-post","3":"status-publish","4":"format-standard","5":"has-post-thumbnail","7":"category-gelsenkirchen","8":"tag-2-bundesliga","9":"tag-de","10":"tag-deutschland","11":"tag-eu","12":"tag-europa","13":"tag-europe","14":"tag-fc-schalke-04","15":"tag-fuayball","16":"tag-gelsenkirchen","17":"tag-germany","18":"tag-headlines","19":"tag-nachrichten","20":"tag-news","21":"tag-nordrhein-westfalen","22":"tag-schlagzeilen"},"share_on_mastodon":{"url":"https:\/\/pubeurope.com\/@de\/114596197366974134","error":""},"_links":{"self":[{"href":"https:\/\/www.europesays.com\/de\/wp-json\/wp\/v2\/posts\/151210","targetHints":{"allow":["GET"]}}],"collection":[{"href":"https:\/\/www.europesays.com\/de\/wp-json\/wp\/v2\/posts"}],"about":[{"href":"https:\/\/www.europesays.com\/de\/wp-json\/wp\/v2\/types\/post"}],"author":[{"embeddable":true,"href":"https:\/\/www.europesays.com\/de\/wp-json\/wp\/v2\/users\/2"}],"replies":[{"embeddable":true,"href":"https:\/\/www.europesays.com\/de\/wp-json\/wp\/v2\/comments?post=151210"}],"version-history":[{"count":0,"href":"https:\/\/www.europesays.com\/de\/wp-json\/wp\/v2\/posts\/151210\/revisions"}],"wp:featuredmedia":[{"embeddable":true,"href":"https:\/\/www.europesays.com\/de\/wp-json\/wp\/v2\/media\/151211"}],"wp:attachment":[{"href":"https:\/\/www.europesays.com\/de\/wp-json\/wp\/v2\/media?parent=151210"}],"wp:term":[{"taxonomy":"category","embeddable":true,"href":"https:\/\/www.europesays.com\/de\/wp-json\/wp\/v2\/categories?post=151210"},{"taxonomy":"post_tag","embeddable":true,"href":"https:\/\/www.europesays.com\/de\/wp-json\/wp\/v2\/tags?post=151210"}],"curies":[{"name":"wp","href":"https:\/\/api.w.org\/{rel}","templated":true}]}}