{"id":151212,"date":"2025-05-30T09:59:48","date_gmt":"2025-05-30T09:59:48","guid":{"rendered":"https:\/\/www.europesays.com\/de\/151212\/"},"modified":"2025-05-30T09:59:48","modified_gmt":"2025-05-30T09:59:48","slug":"waldbrandwarnstufe-gesenkt","status":"publish","type":"post","link":"https:\/\/www.europesays.com\/de\/151212\/","title":{"rendered":"Waldbrandwarnstufe gesenkt"},"content":{"rendered":"<p class=\"paragraph --regular --color\" data-v-a4a747d8=\"\" data-v-0c32301e=\"\">Stadt Wiesbaden. Die Stadt hat die Waldbrandwarnstufe f\u00fcr die kommende Woche von Stufe 3 auf Stufe 2 herabgestuft. Damit sind bis auf weiteres keine Grillverbote mehr n\u00f6tig. Dennoch fordert die Feuerwehr die Bev\u00f6lkerung zur Wachsamkeit auf. Bei Sichtung eines Feuers sollte man sofort die Notrufnummer 112 w\u00e4hlen und, wenn m\u00f6glich, die Einsatzkr\u00e4fte einweisen. Um den Zugang nicht zu behindern, m\u00fcssen alle Einfahrten in Feld- und Waldgebieten frei bleiben. Zudem bleibt das Rauchen im Wald das ganze Jahr \u00fcber verboten.<\/p>\n","protected":false},"excerpt":{"rendered":"Stadt Wiesbaden. Die Stadt hat die Waldbrandwarnstufe f\u00fcr die kommende Woche von Stufe 3 auf Stufe 2 herabgestuft.&hellip;\n","protected":false},"author":2,"featured_media":67933,"comment_status":"","ping_status":"","sticky":false,"template":"","format":"standard","meta":{"footnotes":""},"categories":[1847],"tags":[3364,29,548,663,3934,30,13,2052,11188,14,15,10236,11189,12,11190,4544],"class_list":{"0":"post-151212","1":"post","2":"type-post","3":"status-publish","4":"format-standard","5":"has-post-thumbnail","7":"category-wiesbaden","8":"tag-de","9":"tag-deutschland","10":"tag-eu","11":"tag-europa","12":"tag-europe","13":"tag-germany","14":"tag-headlines","15":"tag-hessen","16":"tag-main-taunus","17":"tag-nachrichten","18":"tag-news","19":"tag-rhein-main","20":"tag-rheingau","21":"tag-schlagzeilen","22":"tag-untertaunus","23":"tag-wiesbaden"},"share_on_mastodon":{"url":"https:\/\/pubeurope.com\/@de\/114596205252220743","error":""},"_links":{"self":[{"href":"https:\/\/www.europesays.com\/de\/wp-json\/wp\/v2\/posts\/151212","targetHints":{"allow":["GET"]}}],"collection":[{"href":"https:\/\/www.europesays.com\/de\/wp-json\/wp\/v2\/posts"}],"about":[{"href":"https:\/\/www.europesays.com\/de\/wp-json\/wp\/v2\/types\/post"}],"author":[{"embeddable":true,"href":"https:\/\/www.europesays.com\/de\/wp-json\/wp\/v2\/users\/2"}],"replies":[{"embeddable":true,"href":"https:\/\/www.europesays.com\/de\/wp-json\/wp\/v2\/comments?post=151212"}],"version-history":[{"count":0,"href":"https:\/\/www.europesays.com\/de\/wp-json\/wp\/v2\/posts\/151212\/revisions"}],"wp:featuredmedia":[{"embeddable":true,"href":"https:\/\/www.europesays.com\/de\/wp-json\/wp\/v2\/media\/67933"}],"wp:attachment":[{"href":"https:\/\/www.europesays.com\/de\/wp-json\/wp\/v2\/media?parent=151212"}],"wp:term":[{"taxonomy":"category","embeddable":true,"href":"https:\/\/www.europesays.com\/de\/wp-json\/wp\/v2\/categories?post=151212"},{"taxonomy":"post_tag","embeddable":true,"href":"https:\/\/www.europesays.com\/de\/wp-json\/wp\/v2\/tags?post=151212"}],"curies":[{"name":"wp","href":"https:\/\/api.w.org\/{rel}","templated":true}]}}