{"id":151215,"date":"2025-05-30T10:01:34","date_gmt":"2025-05-30T10:01:34","guid":{"rendered":"https:\/\/www.europesays.com\/de\/151215\/"},"modified":"2025-05-30T10:01:34","modified_gmt":"2025-05-30T10:01:34","slug":"strassenausbau-sanierung-kostet-rund-drei-millionen-euro-altrip","status":"publish","type":"post","link":"https:\/\/www.europesays.com\/de\/151215\/","title":{"rendered":"Stra\u00dfenausbau: Sanierung kostet rund drei Millionen Euro &#8211; Altrip"},"content":{"rendered":"<p class=\"rhp-dpa-teaser\"><b>Im Altriper S\u00fcden gibt es einige Stra\u00dfen, die saniert werden m\u00fcssen. Der Gemeinderat hat festgelegt, in welcher Reihenfolge. Billig wird es nicht.<\/b><\/p>\n<p>Risse im Stra\u00dfenbelag, Absenkungen, gebrochene Platten in der Rinne, besch\u00e4digte Gehwege und Pf\u00fctzen, die nach Regen zur\u00fcckbleiben. Der Zustand einiger Stra\u00dfen in <a class=\"rtr-entity\" data-rtr-entity=\"Altrip\" data-rtr-id=\"435368e0e6153f0699217175ba574d5615302c58\" data-rtr-score=\"66.73153846153846\" data-rtr-etype=\"location\" data-rtr-index=\"6\" href=\"https:\/\/www.rheinpfalz.de\/themen\/altrip?utm_source=rheinpfalz.de&amp;utm_medium=tms&amp;utm_campaign=intext\" rel=\"nofollow noopener\" target=\"_blank\">Altrip<\/a> l\u00e4sst zu W\u00fcnschen \u00fcbrig. Deshalb werden in den n\u00e4chsten f\u00fcnf Jahren sieben Stra\u00dfen im s\u00fcdlichen Teil von Altrip  ausgebaut. Das Ingenieurb\u00fcro Piske hat die Stra\u00dfen s\u00fcdlich der Speyerer Stra\u00dfe begutachtet, die M\u00e4ngel aufgelistet und bewertet. Anhand dieser Listen hat der Gemeinderat in seiner j\u00fcngsten Sitzung beschlossen, welche Stra\u00dfen zuerst dran sind und in den n\u00e4chsten f\u00fcnf Jahren ausgebaut werden sollen. Los geht es in diesem Jahr mit der Mozartstra\u00dfe. Im n\u00e4chsten Jahr ist die Stra\u00dfe Im Blashorst dran. Dann folgen die Johann-Sebastian-Bach-Stra\u00dfe (2027), Luitpoldstra\u00dfe (2028), Lessingstra\u00dfe (2029), Wilhelmstra\u00dfe (2030) und Bismarckstra\u00dfe (2030\/31). Der Gemeinderat wird nun ein Planungsb\u00fcro beauftragen, damit die Ausbauarbeiten im kommenden Jahr beginnen k\u00f6nnen. F\u00fcr alle Ma\u00dfnahmen zusammen sind etwa drei Millionen Euro veranschlagt. Die Kosten f\u00fcr den Ausbau muss die Gemeinde zu einem Teil auf die B\u00fcrger umlegen. Aufgrund der Einf\u00fchrung von Wiederkehrenden Beitr\u00e4gen f\u00fcr den Stra\u00dfenausbau werden daran alle Einwohner im Ort beteiligt, die direkten Anwohner werden nicht noch einmal extra zur Kasse gebeten.<\/p>\n","protected":false},"excerpt":{"rendered":"Im Altriper S\u00fcden gibt es einige Stra\u00dfen, die saniert werden m\u00fcssen. Der Gemeinderat hat festgelegt, in welcher Reihenfolge.&hellip;\n","protected":false},"author":2,"featured_media":151216,"comment_status":"","ping_status":"","sticky":false,"template":"","format":"standard","meta":{"footnotes":""},"categories":[1845],"tags":[45352,1634,3364,29,548,663,3934,30,13,4060,2096,14,15,12,26729],"class_list":{"0":"post-151215","1":"post","2":"type-post","3":"status-publish","4":"format-standard","5":"has-post-thumbnail","7":"category-mannheim","8":"tag-altrip","9":"tag-baden-wuerttemberg","10":"tag-de","11":"tag-deutschland","12":"tag-eu","13":"tag-europa","14":"tag-europe","15":"tag-germany","16":"tag-headlines","17":"tag-lokal","18":"tag-mannheim","19":"tag-nachrichten","20":"tag-news","21":"tag-schlagzeilen","22":"tag-speyerer-strasse"},"share_on_mastodon":{"url":"https:\/\/pubeurope.com\/@de\/114596209239966283","error":""},"_links":{"self":[{"href":"https:\/\/www.europesays.com\/de\/wp-json\/wp\/v2\/posts\/151215","targetHints":{"allow":["GET"]}}],"collection":[{"href":"https:\/\/www.europesays.com\/de\/wp-json\/wp\/v2\/posts"}],"about":[{"href":"https:\/\/www.europesays.com\/de\/wp-json\/wp\/v2\/types\/post"}],"author":[{"embeddable":true,"href":"https:\/\/www.europesays.com\/de\/wp-json\/wp\/v2\/users\/2"}],"replies":[{"embeddable":true,"href":"https:\/\/www.europesays.com\/de\/wp-json\/wp\/v2\/comments?post=151215"}],"version-history":[{"count":0,"href":"https:\/\/www.europesays.com\/de\/wp-json\/wp\/v2\/posts\/151215\/revisions"}],"wp:featuredmedia":[{"embeddable":true,"href":"https:\/\/www.europesays.com\/de\/wp-json\/wp\/v2\/media\/151216"}],"wp:attachment":[{"href":"https:\/\/www.europesays.com\/de\/wp-json\/wp\/v2\/media?parent=151215"}],"wp:term":[{"taxonomy":"category","embeddable":true,"href":"https:\/\/www.europesays.com\/de\/wp-json\/wp\/v2\/categories?post=151215"},{"taxonomy":"post_tag","embeddable":true,"href":"https:\/\/www.europesays.com\/de\/wp-json\/wp\/v2\/tags?post=151215"}],"curies":[{"name":"wp","href":"https:\/\/api.w.org\/{rel}","templated":true}]}}