{"id":151226,"date":"2025-05-30T10:07:10","date_gmt":"2025-05-30T10:07:10","guid":{"rendered":"https:\/\/www.europesays.com\/de\/151226\/"},"modified":"2025-05-30T10:07:10","modified_gmt":"2025-05-30T10:07:10","slug":"rennrad-fahrer-nach-unfall-gesucht-radio-bielefeld-2","status":"publish","type":"post","link":"https:\/\/www.europesays.com\/de\/151226\/","title":{"rendered":"Rennrad-Fahrer nach Unfall gesucht | Radio Bielefeld"},"content":{"rendered":"<p class=\"bodytext\">HC\/ Bielefeld- Babenhausen- Am Donnerstag, 29.05.2025, soll ein Rennrad-Fahrer eine Radfahrerin gestreift haben, so dass diese st\u00fcrzte und sich leicht verletzte. Die Polizei bittet den Rennrad-Fahrer sich zu melden.<\/p>\n<p>Gegen 11:45 Uhr fuhr eine 46-j\u00e4hrige Bielefelderin mit ihrem Fahrrad mit Anh\u00e4nger auf dem Radstreifen der Schr\u00f6ttinghauser Stra\u00dfe. Ein in die gleiche Richtung fahrender Rennradfahrer soll die Bielefelderin touchiert haben, so dass diese nahe der Stra\u00dfe Hageresch zu Fall kam und sich leicht verletzte. Der Ehemann schickte den Rennradfahrer anschlie\u00dfend weg, ohne sich die Personalien notiert zu haben, so dass der Mann seine Fahrt in Richtung H\u00e4ger fortsetzte.<\/p>\n<p>Der Gesuchte fuhr ein hellblaues Rennrad. Er trug eine Sonnenbrille, ein blaues T-Shirt mit einem schwarzen Langarmshirt darunter sowie eine schwarze kurze Radhose.<\/p>\n<p>Hinweise nimmt das Verkehrskommissariat 1 unter 0521-545-0 entgegen.<\/p>\n<p>R\u00fcckfragen von Journalisten bitte an:<\/p>\n<p>Polizeipr\u00e4sidium Bielefeld Leitungsstab\/ Presse- und \u00d6ffentlichkeitsarbeit Kurt-Schumacher-Stra\u00dfe 46 33615 Bielefeld<\/p>\n<p>Sonja Rehmert (SR), Tel. 0521\/545-3020 Katja K\u00fcster (KK), Tel. 0521\/545-3195 Sarah Siedschlag (SI), Tel. 0521\/545-3021 Michael K\u00f6tter (MK), Tel. 0521\/545-3022 Hella Christoph (HC), Tel. 0521\/545-3023 Fabian Rickel (FR), Tel. 0521\/545-3024 Caroline Steffen (CS), Tel. 0521\/545-3026 Lukas Reker (LR), Tel. 0521\/545-3222 Jan Grote (JG), Tel. 0521\/545-3235<\/p>\n<p>E-Mail: pressestelle.bielefeld@polizei.nrw.de <a href=\"https:\/\/bielefeld.polizei.nrw\/\" target=\"_blank\" rel=\"nofollow noopener\">bielefeld.polizei.nrw<\/a><\/p>\n<p>Au\u00dferhalb der B\u00fcrodienstzeit: Leitstelle, Tel. 0521\/545-0<\/p>\n<p> Original-Content von: Polizei Bielefeld, \u00fcbermittelt durch news aktuell<\/p>\n","protected":false},"excerpt":{"rendered":"HC\/ Bielefeld- Babenhausen- Am Donnerstag, 29.05.2025, soll ein Rennrad-Fahrer eine Radfahrerin gestreift haben, so dass diese st\u00fcrzte und&hellip;\n","protected":false},"author":2,"featured_media":29613,"comment_status":"","ping_status":"","sticky":false,"template":"","format":"standard","meta":{"footnotes":""},"categories":[1841],"tags":[1605,3364,29,30,1209,12925],"class_list":{"0":"post-151226","1":"post","2":"type-post","3":"status-publish","4":"format-standard","5":"has-post-thumbnail","7":"category-bielefeld","8":"tag-bielefeld","9":"tag-de","10":"tag-deutschland","11":"tag-germany","12":"tag-nordrhein-westfalen","13":"tag-polizeimeldungen"},"share_on_mastodon":{"url":"https:\/\/pubeurope.com\/@de\/114596232733619768","error":""},"_links":{"self":[{"href":"https:\/\/www.europesays.com\/de\/wp-json\/wp\/v2\/posts\/151226","targetHints":{"allow":["GET"]}}],"collection":[{"href":"https:\/\/www.europesays.com\/de\/wp-json\/wp\/v2\/posts"}],"about":[{"href":"https:\/\/www.europesays.com\/de\/wp-json\/wp\/v2\/types\/post"}],"author":[{"embeddable":true,"href":"https:\/\/www.europesays.com\/de\/wp-json\/wp\/v2\/users\/2"}],"replies":[{"embeddable":true,"href":"https:\/\/www.europesays.com\/de\/wp-json\/wp\/v2\/comments?post=151226"}],"version-history":[{"count":0,"href":"https:\/\/www.europesays.com\/de\/wp-json\/wp\/v2\/posts\/151226\/revisions"}],"wp:featuredmedia":[{"embeddable":true,"href":"https:\/\/www.europesays.com\/de\/wp-json\/wp\/v2\/media\/29613"}],"wp:attachment":[{"href":"https:\/\/www.europesays.com\/de\/wp-json\/wp\/v2\/media?parent=151226"}],"wp:term":[{"taxonomy":"category","embeddable":true,"href":"https:\/\/www.europesays.com\/de\/wp-json\/wp\/v2\/categories?post=151226"},{"taxonomy":"post_tag","embeddable":true,"href":"https:\/\/www.europesays.com\/de\/wp-json\/wp\/v2\/tags?post=151226"}],"curies":[{"name":"wp","href":"https:\/\/api.w.org\/{rel}","templated":true}]}}