{"id":151227,"date":"2025-05-30T10:08:09","date_gmt":"2025-05-30T10:08:09","guid":{"rendered":"https:\/\/www.europesays.com\/de\/151227\/"},"modified":"2025-05-30T10:08:09","modified_gmt":"2025-05-30T10:08:09","slug":"wuppertaler-schwebebahnmoebel-und-tuffi-leseecke-fuer-kinder","status":"publish","type":"post","link":"https:\/\/www.europesays.com\/de\/151227\/","title":{"rendered":"Wuppertaler Schwebebahnm\u00f6bel und Tuffi-Leseecke f\u00fcr Kinder"},"content":{"rendered":"<p class=\"richtext text-em-55 !leading-serif mx-6 desktop:mx-0\">An diesem Tag er\u00f6ffnete die frisch sanierte und modernisierte Stadtteilbibliothek am Rott ihre T\u00fcren und feiert seitdem einen ereignisreichen Er\u00f6ffnungsmonat f\u00fcr die Menschen im Quartier.<\/p>\n<p class=\"richtext text-em-55 !leading-serif mx-6 desktop:mx-0\">\u201eIhr seid top\u201c steht auf einem Flipchart am Eingang der Stadtbibliothek am Rott. Dort k\u00f6nnen Besucherinnen und Besucher festhalten, wie ihnen die frisch renovierte Einrichtung an der R\u00f6diger Stra\u00dfe gef\u00e4llt. \u201eAlle sind froh, dass wir wieder da sind\u201c, sagt Kirstin Hamann, die den Standort leitet und sich selbst mit ihrer Kollegin freut, wie hell, freundlich und ansprechend die R\u00e4ume nun sind. \u201eEs ist wirklich sch\u00f6n, zu sehen, wie begeistert unsere Kunden von der Umgestaltung sind\u201c, sagt Hamann. Besonders gut kommen die kindgerecht gestalteten M\u00f6bel im Bereich f\u00fcr die J\u00fcngsten an, von der Tuffi-Leseecke \u00fcber ein Schwebebahnm\u00f6bel bis hin zu St\u00fchlen und B\u00fcchertr\u00f6gen, die auf die K\u00f6rpergr\u00f6\u00dfe von Kindern ausgerichtet sind. Die neuen Toiletten, die nun barrierefrei erreichbar sind, der Fl\u00e4schchenw\u00e4rmer und Wickelkommode tragen ebenfalls zu einem komfortablen Aufenthalt, auch und gerade f\u00fcr Familien mit kleinen Kindern, bei.<\/p>\n<p class=\"richtext text-em-55 !leading-serif mx-6 desktop:mx-0\">Im vorderen Teil der Bibliothek bietet die gro\u00dfe Fensterfront zur Stra\u00dfe Ein- und Ausblicke und viel Tageslicht. Genau deshalb ist hier eine gem\u00fctliche Loungeecke mit dem Zeitschriftenangebot der Stadtteilbibliothek untergebracht. Im mittleren Teil wiederum werden eine Kaffee-Bar und eine gem\u00fctliche Sitzecke eingerahmt von halbrunden B\u00fccherregalen. Hier k\u00f6nnen die Menschen sich in Ruhe hinsetzen, lesen, sich inspirieren lassen oder auch einen Plausch halten. Endlich hat die Bibliothek auch einen abgetrennten Multifunktionsraum, in dem Jugendliche sich zum Gaming treffen, Lesungen stattfinden und an flexibel einsetzbaren Tischen gearbeitet werden kann.<\/p>\n<p class=\"richtext text-em-55 !leading-serif mx-6 desktop:mx-0\">Karin R\u00f6hrich, Direktorin der Stadtbibliothek, setzt darauf, dass die Menschen im Wohnquartier Rott sich einbringen: \u201eGerade in den Stadtteilen sind unsere Bibliotheken Treffpunkt und Ideenschmiede, eine Art Kontaktb\u00f6rse und vor allem auch R\u00e4ume zum Ausprobieren. So haben die Kolleginnen am Rott vergangene Woche zu einem Nachbarschaftstreff eingeladen, um zu schauen, was die Menschen gern in der Bibliothek machen m\u00f6chten.\u201c Die Bibliotheksr\u00e4ume sind an allen Standorten konsumfrei nutzbar \u2013 also ohne eine Verpflichtung zum Beispiel zum Verzehr oder Kauf von Speisen, Getr\u00e4nken oder Dienstleistungen. \u201eSolche Orte sind f\u00fcr das Zusammenleben extrem wichtig, denn sie st\u00e4rken das Miteinander und die Kommunikation untereinander. Gerade am Rott haben sich viele Menschen einen solchen Ort gew\u00fcnscht. Zum Beispiel f\u00fcr \u00e4ltere Menschen, die alleine leben, ist das ein wichtiges soziales Element, um am gesellschaftlichen Leben weiterhin teilnehmen zu k\u00f6nnen. Wir sind offen f\u00fcr weitere Ideen und Vorschl\u00e4ge. Ausschlaggebend ist der Bedarf der Menschen vor Ort\u201c, ordnet Karin R\u00f6hrich ein.<\/p>\n<p class=\"richtext text-em-55 !leading-serif mx-6 desktop:mx-0\">Immer Bedarf gibt es an Aktionen und Veranstaltungen f\u00fcr Kinder. Denn Lesef\u00f6rderung und Unterst\u00fctzung beim Spracherwerb sind zwei Kernaufgaben der Bibliothek. Rund 80 Grundschulkinder haben im Er\u00f6ffnungsmonat schon mit ihren Schulklassen die \u201eneue\u201c Stadtteilbibliothek besucht, und auch Kreativ-Workshops und Robotik-Nachmittag fanden gro\u00dfen Anklang bei den jungen Besucherinnen und Besuchern. Leiterin Kirstin Hamann wei\u00df von zwei Highlights zu berichten: \u201eAm Er\u00f6ffnungstag hat Clown-Zauberer Daniel f\u00fcr eine volle Bibliothek gesorgt, und in der vergangenen Woche haben hier nachts 62 Rotter Kuscheltiere das Regiment \u00fcbernommen \u2013 sie haben ihren jungen Besitzerinnen und Besitzern jetzt ganz viel zu erz\u00e4hlen \u00fcber ihre schlaflosen Stunden hier bei uns.\u201c<\/p>\n","protected":false},"excerpt":{"rendered":"An diesem Tag er\u00f6ffnete die frisch sanierte und modernisierte Stadtteilbibliothek am Rott ihre T\u00fcren und feiert seitdem einen&hellip;\n","protected":false},"author":2,"featured_media":151228,"comment_status":"","ping_status":"","sticky":false,"template":"","format":"standard","meta":{"footnotes":""},"categories":[1840],"tags":[26603,3894,53766,3364,29,53764,47552,30,53761,53762,13894,1209,53760,53763,4947,53765,4418],"class_list":{"0":"post-151227","1":"post","2":"type-post","3":"status-publish","4":"format-standard","5":"has-post-thumbnail","7":"category-wuppertal","8":"tag-stadtteilbibliothek","9":"tag-bibliothek","10":"tag-bibliotheksraeume","11":"tag-de","12":"tag-deutschland","13":"tag-eroeffnungsmonat","14":"tag-frisch","15":"tag-germany","16":"tag-hamann","17":"tag-kirstin","18":"tag-moebel","19":"tag-nordrhein-westfalen","20":"tag-rott","21":"tag-schwebebahnmoebel","22":"tag-stadtbibliothek","23":"tag-tuffi","24":"tag-wuppertal"},"share_on_mastodon":{"url":"https:\/\/pubeurope.com\/@de\/114596236687624533","error":""},"_links":{"self":[{"href":"https:\/\/www.europesays.com\/de\/wp-json\/wp\/v2\/posts\/151227","targetHints":{"allow":["GET"]}}],"collection":[{"href":"https:\/\/www.europesays.com\/de\/wp-json\/wp\/v2\/posts"}],"about":[{"href":"https:\/\/www.europesays.com\/de\/wp-json\/wp\/v2\/types\/post"}],"author":[{"embeddable":true,"href":"https:\/\/www.europesays.com\/de\/wp-json\/wp\/v2\/users\/2"}],"replies":[{"embeddable":true,"href":"https:\/\/www.europesays.com\/de\/wp-json\/wp\/v2\/comments?post=151227"}],"version-history":[{"count":0,"href":"https:\/\/www.europesays.com\/de\/wp-json\/wp\/v2\/posts\/151227\/revisions"}],"wp:featuredmedia":[{"embeddable":true,"href":"https:\/\/www.europesays.com\/de\/wp-json\/wp\/v2\/media\/151228"}],"wp:attachment":[{"href":"https:\/\/www.europesays.com\/de\/wp-json\/wp\/v2\/media?parent=151227"}],"wp:term":[{"taxonomy":"category","embeddable":true,"href":"https:\/\/www.europesays.com\/de\/wp-json\/wp\/v2\/categories?post=151227"},{"taxonomy":"post_tag","embeddable":true,"href":"https:\/\/www.europesays.com\/de\/wp-json\/wp\/v2\/tags?post=151227"}],"curies":[{"name":"wp","href":"https:\/\/api.w.org\/{rel}","templated":true}]}}