{"id":151229,"date":"2025-05-30T10:09:08","date_gmt":"2025-05-30T10:09:08","guid":{"rendered":"https:\/\/www.europesays.com\/de\/151229\/"},"modified":"2025-05-30T10:09:08","modified_gmt":"2025-05-30T10:09:08","slug":"in-der-aktuellen-phase-des-buergerbudgets-diskutierten-rund-200-wuppertaler-ueber-100-ideen","status":"publish","type":"post","link":"https:\/\/www.europesays.com\/de\/151229\/","title":{"rendered":"In der aktuellen Phase des B\u00fcrgerbudgets diskutierten rund 200 Wuppertaler \u00fcber 100 Ideen\u00a0"},"content":{"rendered":"<p class=\"richtext text-em-55 !leading-serif mx-6 desktop:mx-0\">Phase zwei des \u201eB\u00fcrger*innenbudgets\u201c fand statt, und die \u00f6ffentliche K\u00fcr der \u201eTop 30\u201c verstand sich dezidiert auch als ein St\u00fcck praktische Demokratie. Was n\u00fctzt dem Gemeinwohl? Rund 200 B\u00fcrger erprobten in Kleingruppen, wie diese Frage sich angehen l\u00e4sst.<\/p>\n<p class=\"richtext text-em-55 !leading-serif mx-6 desktop:mx-0\">Gut f\u00fcr die Stadt, zumindest f\u00fcr m\u00f6glichst viele Menschen: Das war (neben anderem) Bedingung f\u00fcr die Projektideen gewesen, die \u00fcber drei Wochen im M\u00e4rz hatten eingereicht werden k\u00f6nnen. Maximal 50\u2005000 Euro durfte jede kosten, wie viele am Ende Geld bekommen, wird davon abh\u00e4ngen, wie oft hohe Summen ausgesch\u00f6pft werden. Nach einer ersten Pr\u00fcfung durch die Verwaltung gelangten 100 davon in Phase zwei, um nun in den R\u00e4umen der Gesamtschule Barmen in den kritischen Blick des \u201eGemeinwohl-Checks\u201c zu kommen.<\/p>\n<p class=\"richtext text-em-55 !leading-serif mx-6 desktop:mx-0\">Nutzen f\u00fcr viele, Bezug auch zu Benachteiligten, verbindende Wirkung und Dauerhaftigkeit: Das waren die Leitgedanken, die Moderatorin Mara Brinkmann dem voll besetzten Saal vorab an die Hand gab. Um 20 Tische gruppierten sich die rund 200 B\u00fcrger, die ihre Einflusschance wahrnehmen wollten. Jede dieser Zehner-Gruppen hatte \u00fcber vier mal f\u00fcnf Ideen zu befinden &#8211; mit Stickern von je 1 bis 5 Punkten. \u201eWer jetzt meint, das ist aber kompliziert: Ja, ist es\u201c, kommentierte Brinkmann das Regelwerk ehrlich &#8211; und brach so selbstironisch das Eis. Alles wirkte geordnet, aber nicht streng, wer wie sa\u00df, war Zufall, ins Gespr\u00e4ch kamen also Fremde &#8211; sicher g\u00fcnstig f\u00fcrs Ziel, sich im Debattieren zu \u00fcben.<\/p>\n<p class=\"richtext text-em-55 !leading-serif mx-6 desktop:mx-0\">Austauschfreudig und r\u00fccksichtsvoll war der Gesamteindruck jedenfalls am von der WZ exemplarisch begleiteten Tisch. Eine \u201egr\u00fcne Oase an der Pina-Bausch-Schule\u201c fand einer der Teilnehmer \u201ezu elit\u00e4r\u201c; zu einem Vorschlag zu einem k\u00fcnftigen \u201eTag des guten Lebens\u201c bemerkte eine Frau, die ihren Namen nicht nennen wollte: \u201eEs ist doch ein Problem, wie viele Leute an diesem einen Tag \u00fcberhaupt kommen.\u201c Nachdem alle die Entw\u00fcrfe aus dem ersten Umschlag studiert hatten, wurde per Handzeichen entschieden: Eine Idee zu \u201evertikalen G\u00e4rten\u201c bekam den Sticker mit der F\u00fcnf.<\/p>\n<p class=\"richtext text-em-55 !leading-serif mx-6 desktop:mx-0\">Yasmine Bisimwa sprach sich sp\u00e4ter f\u00fcr ein Hip-Hop-Angebot f\u00fcr Jugendliche aus, auch weil es ihnen Selbstbewusstsein vermittle, fand aber wenig Gleichgesinnte. Zu einem Plan f\u00fcr die Unterst\u00fctzung der Wuppertaler Tafel hatte Dominik Eickholz eine klare Meinung: \u201eIch finde, daf\u00fcr sind andere Stellen zust\u00e4ndig\u201c, das sei kein Fall f\u00fcrs B\u00fcrgerbudget.<\/p>\n<p class=\"richtext text-em-55 !leading-serif mx-6 desktop:mx-0\">Recht fix musste es in jeder Runde gehen, bis die zwanzig Minuten vorbei waren und das n\u00e4chste F\u00fcnfer-Paket dr\u00e4ute. Die Lesedauer bei umfangreichen Entw\u00fcrfen k\u00f6nnte je nach Umschlag zu unterschiedlichen Bedingungen f\u00fchren, \u00e4u\u00dferte eine Teilnehmerin einen grunds\u00e4tzlichen Einwand zum Procedere.<\/p>\n<p>Auch gegen gute Ideen<br \/>gab es oft gute Argumente      <\/p>\n<p class=\"text_ohne_einzug richtext text-em-55 !leading-serif mx-6 desktop:mx-0\">Es konnte vorkommen, dass eine Intention zwar als sinnvoll, der Gesamtplan aber dennoch verworfen wurde: Ein Abstellplatz f\u00fcr E-Scooter schien vielen gut gemeint gegen das Wildparken, erhielt aber letztlich nur einen Punkt. Eine Position dazu: \u201eDie Idee ist gut, aber wenige zentrale Fl\u00e4chen bringen doch nichts.\u201c Was wie gemeinn\u00fctzig ist, blieb manchmal strittig.<\/p>\n<p class=\"richtext text-em-55 !leading-serif mx-6 desktop:mx-0\">Am Ende wurde im Plenum das frisch ausgez\u00e4hlte Ergebnis verk\u00fcndet &#8211; hie\u00df: alles ab 14 insgesamt eingeheimsten Punkten. \u201eFahrradst\u00e4nder in Stadtvierteln mit engen Stra\u00dfen\u201c war dabei, \u201eMit dem Garten der Religionen in Wuppertal unterwegs\u201c hatte an vier Tischen zusammen 18 Punkte erhalten, und die Saal-H\u00f6chstzahl von 20 galt unter anderem der Idee f\u00fcr ein \u201eZentrum f\u00fcr mentale Gesundheit\u201c.<\/p>\n","protected":false},"excerpt":{"rendered":"Phase zwei des \u201eB\u00fcrger*innenbudgets\u201c fand statt, und die \u00f6ffentliche K\u00fcr der \u201eTop 30\u201c verstand sich dezidiert auch als&hellip;\n","protected":false},"author":2,"featured_media":151230,"comment_status":"","ping_status":"","sticky":false,"template":"","format":"standard","meta":{"footnotes":""},"categories":[1840],"tags":[19421,17463,3364,146,29,39728,30,46271,26554,22838,53767,53769,1209,17621,50328,53768,29499,4418],"class_list":{"0":"post-151229","1":"post","2":"type-post","3":"status-publish","4":"format-standard","5":"has-post-thumbnail","7":"category-wuppertal","8":"tag-19421","9":"tag-barmen","10":"tag-de","11":"tag-demokratie","12":"tag-deutschland","13":"tag-gemeinwohl","14":"tag-germany","15":"tag-gruppen","16":"tag-idee","17":"tag-ideen","18":"tag-kleingruppen","19":"tag-kritischen","20":"tag-nordrhein-westfalen","21":"tag-phase","22":"tag-praktische","23":"tag-projektideen","24":"tag-tisch","25":"tag-wuppertal"},"share_on_mastodon":{"url":"https:\/\/pubeurope.com\/@de\/114596240790505299","error":""},"_links":{"self":[{"href":"https:\/\/www.europesays.com\/de\/wp-json\/wp\/v2\/posts\/151229","targetHints":{"allow":["GET"]}}],"collection":[{"href":"https:\/\/www.europesays.com\/de\/wp-json\/wp\/v2\/posts"}],"about":[{"href":"https:\/\/www.europesays.com\/de\/wp-json\/wp\/v2\/types\/post"}],"author":[{"embeddable":true,"href":"https:\/\/www.europesays.com\/de\/wp-json\/wp\/v2\/users\/2"}],"replies":[{"embeddable":true,"href":"https:\/\/www.europesays.com\/de\/wp-json\/wp\/v2\/comments?post=151229"}],"version-history":[{"count":0,"href":"https:\/\/www.europesays.com\/de\/wp-json\/wp\/v2\/posts\/151229\/revisions"}],"wp:featuredmedia":[{"embeddable":true,"href":"https:\/\/www.europesays.com\/de\/wp-json\/wp\/v2\/media\/151230"}],"wp:attachment":[{"href":"https:\/\/www.europesays.com\/de\/wp-json\/wp\/v2\/media?parent=151229"}],"wp:term":[{"taxonomy":"category","embeddable":true,"href":"https:\/\/www.europesays.com\/de\/wp-json\/wp\/v2\/categories?post=151229"},{"taxonomy":"post_tag","embeddable":true,"href":"https:\/\/www.europesays.com\/de\/wp-json\/wp\/v2\/tags?post=151229"}],"curies":[{"name":"wp","href":"https:\/\/api.w.org\/{rel}","templated":true}]}}