{"id":151242,"date":"2025-05-30T10:16:09","date_gmt":"2025-05-30T10:16:09","guid":{"rendered":"https:\/\/www.europesays.com\/de\/151242\/"},"modified":"2025-05-30T10:16:09","modified_gmt":"2025-05-30T10:16:09","slug":"das-angekuendigte-rauchverbot-an-oeffentlichen-orten-in-frankreich-sollte-nach-dem-willen-der-gruene","status":"publish","type":"post","link":"https:\/\/www.europesays.com\/de\/151242\/","title":{"rendered":"Das angek\u00fcndigte Rauchverbot an \u00f6ffentlichen Orten in Frankreich sollte nach dem Willen der Gr\u00fcne"},"content":{"rendered":"<p>Der gesundheitspolitische Sprecher der Bundestagsfraktion, Janosch Dahmen, sagte der &#8222;Rheinischen Post&#8220; (Samstag): &#8222;Ein Rauchverbot an \u00f6ffentlichen Orten, wie es Frankreich plant, ist richtig &#8211; auch f\u00fcr Deutschland.&#8220; Wer Kinder wirksam sch\u00fctzen wolle, &#8222;muss ihre allt\u00e4gliche Umgebung rauchfrei machen: Parks, Spielpl\u00e4tze, Schwimmb\u00e4der, aber auch Eing\u00e4nge zu Schulen und Sportst\u00e4tten geh\u00f6ren dazu&#8220;, erg\u00e4nzte Dahmen.<br \/>\nDas allein reiche aber nicht, so der Gr\u00fcne: &#8222;Frankreich ist l\u00e4ngst weiter: mit deutlich h\u00f6heren Tabaksteuern, Verkaufsverboten au\u00dferhalb lizenzierter Fachl\u00e4den und einem umfassenden Werbe- und Sponsoringverbot.&#8220; Nicht nur zum Schutz von Kindern, &#8222;sondern auch angesichts der j\u00e4hrlich \u00fcber 30 Milliarden Euro, die unsere Krankenkassen f\u00fcr die Behandlung rauchbedingter Erkrankungen aufbringen m\u00fcssen, brauchen wir solche Ma\u00dfnahmen auch in Deutschland&#8220;, so Dahmen. <\/p>\n<p>Tabakpr\u00e4vention d\u00fcrfe kein Tabu sein, &#8222;wenn Gesundheit und Jugendschutz ernst gemeint sind&#8220;.<br \/>\nAuch die SPD will dem Beispiel Frankreichs folgen und pl\u00e4diert f\u00fcr umfassende Rauchverbote. Die stellvertretende Fraktionsvorsitzende im Bundestag, Dagmar Schmidt, sagte der &#8222;Rheinischen Post&#8220;: &#8222;Das neu eingef\u00fchrte Rauchverbot in Frankreich im \u00f6ffentlichen Raum ist ein mutiger Schritt, setzt ein klares Zeichen f\u00fcr den Gesundheits- und Kinderschutz und sollte auch in Deutschland als Vorbild dienen.&#8220;<br \/>\nInsbesondere Kinder seien den gesundheitssch\u00e4dlichen Folgen des Passivrauchens schutzlos ausgeliefert, erg\u00e4nzte die SPD-Gesundheitspolitikerin. &#8222;Ob auf Spielpl\u00e4tzen, in Parks oder an Bushaltestellen: Kinder atmen die gleiche Luft wie Erwachsene, doch ihre K\u00f6rper sind deutlich empfindlicher.&#8220;<br \/>\nSchmidt sagte \u00fcberdies: &#8222;Ein \u00e4hnlicher gesetzlicher Rahmen in Deutschland w\u00fcrde nicht nur die Luftqualit\u00e4t verbessern, sondern auch zur Vorbeugung von Suchterkrankungen beitragen, indem das Rauchen im Alltag weniger sichtbar und damit weniger normalisiert wird.&#8220;\t<\/p>\n","protected":false},"excerpt":{"rendered":"Der gesundheitspolitische Sprecher der Bundestagsfraktion, Janosch Dahmen, sagte der &#8222;Rheinischen Post&#8220; (Samstag): &#8222;Ein Rauchverbot an \u00f6ffentlichen Orten, wie&hellip;\n","protected":false},"author":2,"featured_media":151243,"comment_status":"","ping_status":"","sticky":false,"template":"","format":"standard","meta":{"footnotes":""},"categories":[3974],"tags":[331,332,29,548,663,3934,3980,156,2013,6612,13,14,15,18575,23380,12,53772],"class_list":{"0":"post-151242","1":"post","2":"type-post","3":"status-publish","4":"format-standard","5":"has-post-thumbnail","7":"category-frankreich","8":"tag-aktuelle-nachrichten","9":"tag-aktuelle-news","10":"tag-deutschland","11":"tag-eu","12":"tag-europa","13":"tag-europe","14":"tag-france","15":"tag-frankreich","16":"tag-gruene","17":"tag-gruenen","18":"tag-headlines","19":"tag-nachrichten","20":"tag-news","21":"tag-orten","22":"tag-rauchverbot","23":"tag-schlagzeilen","24":"tag-willen"},"share_on_mastodon":{"url":"https:\/\/pubeurope.com\/@de\/114596268689028872","error":""},"_links":{"self":[{"href":"https:\/\/www.europesays.com\/de\/wp-json\/wp\/v2\/posts\/151242","targetHints":{"allow":["GET"]}}],"collection":[{"href":"https:\/\/www.europesays.com\/de\/wp-json\/wp\/v2\/posts"}],"about":[{"href":"https:\/\/www.europesays.com\/de\/wp-json\/wp\/v2\/types\/post"}],"author":[{"embeddable":true,"href":"https:\/\/www.europesays.com\/de\/wp-json\/wp\/v2\/users\/2"}],"replies":[{"embeddable":true,"href":"https:\/\/www.europesays.com\/de\/wp-json\/wp\/v2\/comments?post=151242"}],"version-history":[{"count":0,"href":"https:\/\/www.europesays.com\/de\/wp-json\/wp\/v2\/posts\/151242\/revisions"}],"wp:featuredmedia":[{"embeddable":true,"href":"https:\/\/www.europesays.com\/de\/wp-json\/wp\/v2\/media\/151243"}],"wp:attachment":[{"href":"https:\/\/www.europesays.com\/de\/wp-json\/wp\/v2\/media?parent=151242"}],"wp:term":[{"taxonomy":"category","embeddable":true,"href":"https:\/\/www.europesays.com\/de\/wp-json\/wp\/v2\/categories?post=151242"},{"taxonomy":"post_tag","embeddable":true,"href":"https:\/\/www.europesays.com\/de\/wp-json\/wp\/v2\/tags?post=151242"}],"curies":[{"name":"wp","href":"https:\/\/api.w.org\/{rel}","templated":true}]}}