{"id":151246,"date":"2025-05-30T10:18:11","date_gmt":"2025-05-30T10:18:11","guid":{"rendered":"https:\/\/www.europesays.com\/de\/151246\/"},"modified":"2025-05-30T10:18:11","modified_gmt":"2025-05-30T10:18:11","slug":"chinesische-e-autos-sind-auf-rekordkurs-in-europa-diepresse-com","status":"publish","type":"post","link":"https:\/\/www.europesays.com\/de\/151246\/","title":{"rendered":"Chinesische E-Autos sind auf Rekordkurs in Europa \u2013 DiePresse.com"},"content":{"rendered":"<p>Chinesische E-Autohersteller gewinnen in Europa an Fahrt und erobern den gr\u00f6\u00dften Marktanteil seit neun Monaten. Welche Marken k\u00f6nnen besonders punkten?<\/p>\n<p>Chinesische Autohersteller haben in den letzten neun Monaten den gr\u00f6\u00dften Anteil am europ\u00e4ischen Markt f\u00fcr Elektrofahrzeuge erobert und damit Boden zur\u00fcckgewonnen, den sie nach der Einf\u00fchrung von Z\u00f6llen durch die Europ\u00e4ische Union im letzten Jahr verloren hatten.<\/p>\n<p>Laut dem Marktforscher Dataforce haben die Hersteller unter der F\u00fchrung von BYD im April 8,9 Prozent des Marktes f\u00fcr Elektrofahrzeuge in der Region erobert, so viel wie seit Juli nicht mehr. Chinesische Hybrid- und Verbrennungsmodelle gewannen ebenfalls an Zugkraft.<\/p>\n<p>                               <img loading=\"lazy\" decoding=\"async\" class=\"figure__image lazyload\" src=\"https:\/\/www.europesays.com\/de\/wp-content\/uploads\/2025\/05\/433641768.png\" alt=\"\" width=\"1000\" height=\"600\"\/>                                             Bestes Ergebnis f\u00fcr chinesische E-Fahrzeuge seit neun Monaten<\/p>\n<p>Die j\u00fcngsten Zahlen unterstreichen die starke und sich weiterentwickelnde Herausforderung, die chinesische Hersteller f\u00fcr ihre europ\u00e4ischen Konkurrenten darstellen. W\u00e4hrend die im November in Kraft getretenen EU-Z\u00f6lle den Zuwachs chinesischer E-Fahrzeuge zun\u00e4chst stoppten, haben sie in den letzten zwei Monaten wieder an Dynamik gewonnen. BYD, MG und andere haben auch den Absatz von Modellen mit konventionellem Antrieb gesteigert und damit den Druck erh\u00f6ht.<\/p>\n<p>\u201eDie chinesischen Marken haben sich erfolgreich an das neue Marktumfeld angepasst\u201c, sagte Julian Litzinger, ein Analyst von Dataforce. Ein gro\u00dfer Aufschwung bei den chinesischen Hybrid-Verk\u00e4ufen \u201est\u00e4rkt ihre Leistung in Europa insgesamt\u201c.<\/p>\n<p>Laut Dataforce entfielen im vergangenen Monat 7,6 Prozent der Hybridautoverk\u00e4ufe in Europa auf chinesische Marken, gegen\u00fcber weniger als einem Prozent im Vorjahr.<\/p>\n<p>BYD \u00fcberholt Tesla<\/p>\n<p>BYD hat sein schnelles Wachstum im Bereich der Elektroautos fortgesetzt und \u00fcberholt Tesla in Europa, w\u00e4hrend das Unternehmen seine Produktpalette um weitere Hybridautos erweitert. In China hat der Hersteller umfassende Preissenkungen von bis zu 34 Prozent angek\u00fcndigt, was den ohnehin schon harten Wettbewerb dort noch versch\u00e4rft.<\/p>\n<p>Im April verkaufte das Unternehmen in Europa mehr als doppelt so viele E-Fahrzeuge wie MG, wie aus den Zahlen des Automobilberaters Jato Dynamics hervorgeht. Laut Felipe Munoz, einem Analysten von Jato, hat MG seine Bem\u00fchungen fest auf den Hybridmarkt verlagert.<\/p>\n<blockquote class=\"fm-quote flexmodule flexmodule--quote\">\n<p class=\"fm-quote__text\">         \u00bbDer Fokus liegt jetzt nicht nur auf Elektroautos, sondern auch auf anderen Antriebsarten.\u00ab     <\/p>\n<p>                  Felipe Munoz                  <\/p>\n<p class=\"fm-quote__attrib\">         Analyst von Jato     <\/p>\n<\/blockquote>\n<p>Die ehemalige britische Sportwagenmarke, die zur SAIC Motor Corp. geh\u00f6rt, war jahrelang Chinas gr\u00f6\u00dfter Verk\u00e4ufer von Elektroautos in Europa. Die staatliche Muttergesellschaft wurde mit EU-Z\u00f6llen auf Elektroautos belegt, die inzwischen \u00fcber 45 Prozent liegen.<\/p>\n<p>Jetzt zapft der Hersteller die wachsende Nachfrage nach Hybriden in Europa an, sagte Munoz und nannte zwei beliebte Modelle, den Crossover ZS und den Kleinwagen MG3. Selbst in Gro\u00dfbritannien und Norwegen, wo die EU-Z\u00f6lle nicht gelten, ist der Absatz von Elektroautos zur\u00fcckgegangen.<\/p>\n<p>\u201eDer Fokus liegt jetzt nicht nur auf Elektroautos, sondern auch auf anderen Antriebsarten\u201c, sagte er. (Bloomberg)<\/p>\n<p>    Lesen Sie mehr zu diesen Themen:<\/p>\n","protected":false},"excerpt":{"rendered":"Chinesische E-Autohersteller gewinnen in Europa an Fahrt und erobern den gr\u00f6\u00dften Marktanteil seit neun Monaten. Welche Marken k\u00f6nnen&hellip;\n","protected":false},"author":2,"featured_media":151247,"comment_status":"","ping_status":"","sticky":false,"template":"","format":"standard","meta":{"footnotes":""},"categories":[3933],"tags":[1490,331,332,227,53780,53782,548,663,158,3934,3935,13,27455,53783,14,15,12,53781,20161],"class_list":{"0":"post-151246","1":"post","2":"type-post","3":"status-publish","4":"format-standard","5":"has-post-thumbnail","7":"category-eu","8":"tag-absatz","9":"tag-aktuelle-nachrichten","10":"tag-aktuelle-news","11":"tag-china","12":"tag-e-autos-byd-tesla-europa","13":"tag-elektroautobauer","14":"tag-eu","15":"tag-europa","16":"tag-europaeische-union","17":"tag-europe","18":"tag-european-union","19":"tag-headlines","20":"tag-marktanteil","21":"tag-mg","22":"tag-nachrichten","23":"tag-news","24":"tag-schlagzeilen","25":"tag-stromer","26":"tag-wachstum"},"share_on_mastodon":{"url":"https:\/\/pubeurope.com\/@de\/114596276113833355","error":""},"_links":{"self":[{"href":"https:\/\/www.europesays.com\/de\/wp-json\/wp\/v2\/posts\/151246","targetHints":{"allow":["GET"]}}],"collection":[{"href":"https:\/\/www.europesays.com\/de\/wp-json\/wp\/v2\/posts"}],"about":[{"href":"https:\/\/www.europesays.com\/de\/wp-json\/wp\/v2\/types\/post"}],"author":[{"embeddable":true,"href":"https:\/\/www.europesays.com\/de\/wp-json\/wp\/v2\/users\/2"}],"replies":[{"embeddable":true,"href":"https:\/\/www.europesays.com\/de\/wp-json\/wp\/v2\/comments?post=151246"}],"version-history":[{"count":0,"href":"https:\/\/www.europesays.com\/de\/wp-json\/wp\/v2\/posts\/151246\/revisions"}],"wp:featuredmedia":[{"embeddable":true,"href":"https:\/\/www.europesays.com\/de\/wp-json\/wp\/v2\/media\/151247"}],"wp:attachment":[{"href":"https:\/\/www.europesays.com\/de\/wp-json\/wp\/v2\/media?parent=151246"}],"wp:term":[{"taxonomy":"category","embeddable":true,"href":"https:\/\/www.europesays.com\/de\/wp-json\/wp\/v2\/categories?post=151246"},{"taxonomy":"post_tag","embeddable":true,"href":"https:\/\/www.europesays.com\/de\/wp-json\/wp\/v2\/tags?post=151246"}],"curies":[{"name":"wp","href":"https:\/\/api.w.org\/{rel}","templated":true}]}}