{"id":151248,"date":"2025-05-30T10:19:09","date_gmt":"2025-05-30T10:19:09","guid":{"rendered":"https:\/\/www.europesays.com\/de\/151248\/"},"modified":"2025-05-30T10:19:09","modified_gmt":"2025-05-30T10:19:09","slug":"verbraucherschuetzer-alarmiert-eu-reform-koennte-entschaedigung-bei-flugverspaetung-erschweren","status":"publish","type":"post","link":"https:\/\/www.europesays.com\/de\/151248\/","title":{"rendered":"Verbrauchersch\u00fctzer alarmiert: EU-Reform k\u00f6nnte Entsch\u00e4digung bei Flugversp\u00e4tung erschweren"},"content":{"rendered":"<p>                    Verbrauchersch\u00fctzer alarmiert<br \/>\n                EU-Reform k\u00f6nnte Entsch\u00e4digung bei Flugversp\u00e4tung erschweren<\/p>\n<p>\t\t\t\t              30.05.2025, 11:59 Uhr<\/p>\n<p><b>Hat ein Flug mehr als drei Stunden Versp\u00e4tung, haben die Passagiere in der Regel Anspruch auf eine Entsch\u00e4digung. Eine EU-Reform k\u00f6nnte das nun \u00e4ndern. Scharfe Kritik kommt von Verbrauchersch\u00fctzern, die l\u00e4ngere Wartezeiten und weniger Zahlungen an Passagiere bef\u00fcrchten.<\/b><\/p>\n<p>Ab einer Versp\u00e4tung von drei Stunden k\u00f6nnen Passagiere eine pauschale Entsch\u00e4digung beantragen, sofern die Fluggesellschaft die Wartezeit verschuldet hat. F\u00fcr Fl\u00fcge bis 1500 Kilometer gilt ein Anspruch in H\u00f6he von 250 Euro, f\u00fcr Fl\u00fcge bis 3500 Kilometer bekommen Passagiere 400 Euro und f\u00fcr Langstreckenfl\u00fcge mit mehr als 3500 Kilometern 600 Euro. Bei &#8222;au\u00dfergew\u00f6hnlichen Umst\u00e4nden&#8220; wie Naturkatastrophen gilt das nicht.<\/p>\n<p>Die EU-L\u00e4nder beraten \u00fcber Vorschl\u00e4ge der EU-Kommission aus dem Jahr 2013, die Schwelle f\u00fcr eine Entsch\u00e4digung deutlich anzuheben.<\/p>\n<p>250 Euro g\u00e4be es demnach erst ab f\u00fcnf Stunden Versp\u00e4tung und f\u00fcr Fl\u00fcge bis 3500 Kilometer. Ab neun Stunden Versp\u00e4tung g\u00e4be es 400 Euro, wenn die Flugstrecke mehr als 3500 Kilometer innerhalb der EU oder mehr als 6000 Kilometer au\u00dferhalb der EU betr\u00e4gt. Der h\u00f6chste Betrag von 600 Euro w\u00fcrde nur f\u00fcr Fl\u00fcge mit mehr als 6000 Kilometern und mehr als zw\u00f6lf Stunden Versp\u00e4tung f\u00e4llig.<\/p>\n<p>Die \u00c4nderungen sind Teil einer Reform, die auch Verbesserungen f\u00fcr die Passagiere vorsieht. Die Kommission will den Fluggesellschaften etwa verbieten, f\u00fcr Handgep\u00e4ckst\u00fccke mit maximalen Ma\u00dfen von 40x30x15 Zentimetern eine zus\u00e4tzliche Geb\u00fchr zu verlangen.<\/p>\n","protected":false},"excerpt":{"rendered":"Verbrauchersch\u00fctzer alarmiert EU-Reform k\u00f6nnte Entsch\u00e4digung bei Flugversp\u00e4tung erschweren 30.05.2025, 11:59 Uhr Hat ein Flug mehr als drei Stunden&hellip;\n","protected":false},"author":2,"featured_media":151249,"comment_status":"","ping_status":"","sticky":false,"template":"","format":"standard","meta":{"footnotes":""},"categories":[3933],"tags":[331,332,13373,548,53784,663,158,3934,3935,53785,13,14,15,12,15336],"class_list":{"0":"post-151248","1":"post","2":"type-post","3":"status-publish","4":"format-standard","5":"has-post-thumbnail","7":"category-eu","8":"tag-aktuelle-nachrichten","9":"tag-aktuelle-news","10":"tag-entschaedigung","11":"tag-eu","12":"tag-eu-reform","13":"tag-europa","14":"tag-europaeische-union","15":"tag-europe","16":"tag-european-union","17":"tag-flugverspaetung","18":"tag-headlines","19":"tag-nachrichten","20":"tag-news","21":"tag-schlagzeilen","22":"tag-verbraucherschuetzer"},"share_on_mastodon":{"url":"https:\/\/pubeurope.com\/@de\/114596280003965390","error":""},"_links":{"self":[{"href":"https:\/\/www.europesays.com\/de\/wp-json\/wp\/v2\/posts\/151248","targetHints":{"allow":["GET"]}}],"collection":[{"href":"https:\/\/www.europesays.com\/de\/wp-json\/wp\/v2\/posts"}],"about":[{"href":"https:\/\/www.europesays.com\/de\/wp-json\/wp\/v2\/types\/post"}],"author":[{"embeddable":true,"href":"https:\/\/www.europesays.com\/de\/wp-json\/wp\/v2\/users\/2"}],"replies":[{"embeddable":true,"href":"https:\/\/www.europesays.com\/de\/wp-json\/wp\/v2\/comments?post=151248"}],"version-history":[{"count":0,"href":"https:\/\/www.europesays.com\/de\/wp-json\/wp\/v2\/posts\/151248\/revisions"}],"wp:featuredmedia":[{"embeddable":true,"href":"https:\/\/www.europesays.com\/de\/wp-json\/wp\/v2\/media\/151249"}],"wp:attachment":[{"href":"https:\/\/www.europesays.com\/de\/wp-json\/wp\/v2\/media?parent=151248"}],"wp:term":[{"taxonomy":"category","embeddable":true,"href":"https:\/\/www.europesays.com\/de\/wp-json\/wp\/v2\/categories?post=151248"},{"taxonomy":"post_tag","embeddable":true,"href":"https:\/\/www.europesays.com\/de\/wp-json\/wp\/v2\/tags?post=151248"}],"curies":[{"name":"wp","href":"https:\/\/api.w.org\/{rel}","templated":true}]}}